{"id":32767,"date":"2022-08-31T20:10:48","date_gmt":"2022-09-01T01:10:48","guid":{"rendered":"https:\/\/www.biblia.work\/articulos-salud\/comprender-como-las-condiciones-pandemicas-afectan-a-las-personas-con-trastornos-del-estado-de-animo\/"},"modified":"2022-08-31T20:10:48","modified_gmt":"2022-09-01T01:10:48","slug":"comprender-como-las-condiciones-pandemicas-afectan-a-las-personas-con-trastornos-del-estado-de-animo","status":"publish","type":"post","link":"https:\/\/www.biblia.work\/articulos-salud\/comprender-como-las-condiciones-pandemicas-afectan-a-las-personas-con-trastornos-del-estado-de-animo\/","title":{"rendered":"Comprender c\u00f3mo las condiciones pand\u00e9micas afectan a las personas con trastornos del estado de \u00e1nimo"},"content":{"rendered":"<p>Cr\u00e9dito: Unsplash\/CC0 Dominio p\u00fablico <\/p>\n<p>Un estudio colaborativo entre Swinburne e investigadores de la Universidad de Melbourne descubri\u00f3 que las personas con un trastorno del estado de \u00e1nimo preexistente reportaron niveles m\u00e1s altos de depresi\u00f3n, ansiedad y estr\u00e9s durante las primeras etapas de la situaci\u00f3n de COVID-19 en comparaci\u00f3n con personas sin trastorno mental. El estudio, que fue realizado por investigadores del Centro de Salud Mental de Swinburne y el Centro de Neuropsiquiatr\u00eda de Melbourne como parte de la encuesta COVID-19 and you: mental health in Australia now (COLLATE), se public\u00f3 en el Journal of Affective Disorders. <\/p>\n<p>\u00abLas estrategias de aislamiento f\u00edsico implementadas por el gobierno australiano para contener las transmisiones de COVID-19, si bien eran absolutamente necesarias, eran particularmente aversivas para las personas con trastornos del estado de \u00e1nimo preexistentes\u00bb, explica el autor principal e investigador principal de Swinburne, el Dr. Tamsyn Van Rheenen.<\/p>\n<p>\u00abEstas estrategias interrumpen una mir\u00edada de factores cr\u00edticos para el manejo de los s\u00edntomas cl\u00ednicos y cognitivos, incluido el f\u00e1cil acceso a la atenci\u00f3n psiqui\u00e1trica en persona y la estabilidad en las rutinas diarias, los ritmos sociales y los patrones de sue\u00f1o, \u00ab, agrega.<\/p>\n<p>Niveles elevados de ansiedad relacionados con cambios en el estilo de vida<\/p>\n<p>De los encuestados que completaron la encuesta COLLATE an\u00f3nima en l\u00ednea, el 29 por ciento autoinformaron un trastorno del estado de \u00e1nimo (ya sea bipolar o depresivo). trastorno mental) mientras que el 71 por ciento no report\u00f3 ning\u00fan trastorno mental. Luego se les pidi\u00f3 a los participantes que clasificaran sus principales preocupaciones relacionadas con la situaci\u00f3n de COVID-19.<\/p>\n<p>Las cuatro principales preocupaciones de ambos grupos estaban relacionadas con la salud y el bienestar de sus seres queridos, incluidos los seres queridos que contraen o mueren a causa de COVID -19, y la salud y el bienestar de la sociedad.<\/p>\n<p>De los encuestados que reportaron un trastorno del estado de \u00e1nimo, \u00abRiesgo de desempleo o empleo reducido\u00bb, \u00abAcceso a atenci\u00f3n m\u00e9dica adecuada\u00bb y \u00abFinanzas personales\u00bb fueron se clasific\u00f3 entre las 10 preocupaciones m\u00e1s respaldadas por los encuestados con trastorno bipolar, mientras que aquellos con trastorno depresivo en cambio respaldaron \u00abCoger COVID-19 yo mismo\u00bb y \u00abEconom\u00eda australiana\u00bb dentro de sus 10 preocupaciones principales.<\/p>\n<p>Adem\u00e1s, los cambios a los comportamientos de estilo de vida que se sabe que son importantes para la estabilidad emocional fueron m\u00e1s frecuentes en individuos con un trastorno del estado de \u00e1nimo en comparaci\u00f3n con aquellos sin trastorno mental. Una mayor proporci\u00f3n de personas con un trastorno del estado de \u00e1nimo informaron menos contacto social con otras personas fuera del hogar, durmiendo m\u00e1s o menos y bebiendo m\u00e1s desde que comenz\u00f3 COVID-19. Adem\u00e1s, una mayor proporci\u00f3n de estas personas esperaba que la vida tardara m\u00e1s en volver a la normalidad o percib\u00eda un impacto negativo de las restricciones gubernamentales sobre la salud mental.<\/p>\n<p>Proveer mayor apoyo<\/p>\n<p>\u00abDe Desde la perspectiva de la estabilidad del estado de \u00e1nimo, es preocupante la alta proporci\u00f3n de personas que informan cambios relacionados con la COVID-19 en los factores situacionales y de estilo de vida clave para su mantenimiento\u00bb, explica el Dr. Van Rheenen.<\/p>\n<p>Estos cambios en el estilo de vida se relacionaron con niveles elevados de niveles de angustia psicol\u00f3gica en todos los encuestados, pero particularmente en aquellos con trastorno del estado de \u00e1nimo.<\/p>\n<p>\u00abDesde una perspectiva de atenci\u00f3n cl\u00ednica, la psicoeducaci\u00f3n en forma de orientaci\u00f3n basada en un estilo de vida saludable y un seguimiento psiqui\u00e1trico m\u00e1s estrecho de las personas con trastorno del estado de \u00e1nimo que reportan estos cambios en el estilo de vida, va a ser necesario Esto es particularmente importante porque muchas personas con trastornos del estado de \u00e1nimo ya tienen una salud f\u00edsica comprometida y comportamientos de estilo de vida poco saludables como resultado del cont Es probable que las estrategias de mantenimiento exacerben esto\u00bb. El Dr. Van Rheenen concluye.<\/p>\n<p>El estudio COLLATE es una encuesta en l\u00ednea en toda Australia que se abre durante 72 horas al comienzo de cada mes. Puede participar en futuras encuestas COLLATE utilizando este enlace. <\/p>\n<p>Explore m\u00e1s<\/p>\n<p> Investigaci\u00f3n de los efectos de la COVID-19 en las conductas alimentarias y de ejercicio <strong>M\u00e1s informaci\u00f3n:<\/strong> Tamsyn E. Van Rheenen et al. Estado de salud mental de las personas con un trastorno del estado de \u00e1nimo durante la pandemia de COVID-19 en Australia: resultados iniciales del proyecto COLLATE, Revista de trastornos afectivos (2020). DOI: 10.1016\/j.jad.2020.06.037 <strong>Informaci\u00f3n de la revista:<\/strong> Journal of Affective Disorders <\/p>\n<p> Proporcionado por la Universidad Tecnol\u00f3gica de Swinburne <strong>Cita<\/strong>: Comprender c\u00f3mo las condiciones pand\u00e9micas afectan a las personas con trastornos del estado de \u00e1nimo (2020, 7 de julio) recuperado el 31 de agosto de 2022 de https:\/\/medicalxpress.com\/news\/2020-07-pandemic-conditions-affect-individuals-mood.html Este documento est\u00e1 sujeto a derechos de autor. Aparte de cualquier trato justo con fines de estudio o investigaci\u00f3n privados, ninguna parte puede reproducirse sin el permiso por escrito. El contenido se proporciona \u00fanicamente con fines informativos.<\/p>\n","protected":false},"excerpt":{"rendered":"<p>Cr\u00e9dito: Unsplash\/CC0 Dominio p\u00fablico Un estudio colaborativo entre Swinburne e investigadores de la Universidad de Melbourne descubri\u00f3 que las personas con un trastorno del estado de \u00e1nimo preexistente reportaron niveles m\u00e1s altos de depresi\u00f3n, ansiedad y estr\u00e9s durante las primeras etapas de la situaci\u00f3n de COVID-19 en comparaci\u00f3n con personas sin trastorno mental. El estudio, &hellip; <a href=\"https:\/\/www.biblia.work\/articulos-salud\/comprender-como-las-condiciones-pandemicas-afectan-a-las-personas-con-trastornos-del-estado-de-animo\/\" class=\"more-link\">Continuar leyendo<span class=\"screen-reader-text\"> \u00abComprender c\u00f3mo las condiciones pand\u00e9micas afectan a las personas con trastornos del estado de \u00e1nimo\u00bb<\/span><\/a><\/p>\n","protected":false},"author":1,"featured_media":0,"comment_status":"","ping_status":"","sticky":false,"template":"","format":"standard","meta":{"footnotes":""},"categories":[1],"tags":[],"class_list":["post-32767","post","type-post","status-publish","format-standard","hentry","category-general"],"_links":{"self":[{"href":"https:\/\/www.biblia.work\/articulos-salud\/wp-json\/wp\/v2\/posts\/32767","targetHints":{"allow":["GET"]}}],"collection":[{"href":"https:\/\/www.biblia.work\/articulos-salud\/wp-json\/wp\/v2\/posts"}],"about":[{"href":"https:\/\/www.biblia.work\/articulos-salud\/wp-json\/wp\/v2\/types\/post"}],"author":[{"embeddable":true,"href":"https:\/\/www.biblia.work\/articulos-salud\/wp-json\/wp\/v2\/users\/1"}],"replies":[{"embeddable":true,"href":"https:\/\/www.biblia.work\/articulos-salud\/wp-json\/wp\/v2\/comments?post=32767"}],"version-history":[{"count":0,"href":"https:\/\/www.biblia.work\/articulos-salud\/wp-json\/wp\/v2\/posts\/32767\/revisions"}],"wp:attachment":[{"href":"https:\/\/www.biblia.work\/articulos-salud\/wp-json\/wp\/v2\/media?parent=32767"}],"wp:term":[{"taxonomy":"category","embeddable":true,"href":"https:\/\/www.biblia.work\/articulos-salud\/wp-json\/wp\/v2\/categories?post=32767"},{"taxonomy":"post_tag","embeddable":true,"href":"https:\/\/www.biblia.work\/articulos-salud\/wp-json\/wp\/v2\/tags?post=32767"}],"curies":[{"name":"wp","href":"https:\/\/api.w.org\/{rel}","templated":true}]}}