{"id":32779,"date":"2022-08-31T20:11:18","date_gmt":"2022-09-01T01:11:18","guid":{"rendered":"https:\/\/www.biblia.work\/articulos-salud\/cataluna-quiere-endurecer-las-normas-sobre-el-uso-de-mascarillas\/"},"modified":"2022-08-31T20:11:18","modified_gmt":"2022-09-01T01:11:18","slug":"cataluna-quiere-endurecer-las-normas-sobre-el-uso-de-mascarillas","status":"publish","type":"post","link":"https:\/\/www.biblia.work\/articulos-salud\/cataluna-quiere-endurecer-las-normas-sobre-el-uso-de-mascarillas\/","title":{"rendered":"Catalu\u00f1a quiere endurecer las normas sobre el uso de mascarillas"},"content":{"rendered":"<p>Cr\u00e9dito: CC0 Public Domain <\/p>\n<p>Los funcionarios regionales en Catalu\u00f1a dijeron el martes que quieren endurecer las normas existentes para hacer que el uso de mascarillas sea obligatorio en p\u00fablico, para detener un n\u00famero creciente de casos de coronavirus. <\/p>\n<p>El s\u00e1bado, 200.000 personas en una zona alrededor de L\u00e9rida, al oeste de Barcelona, fueron puestas bajo confinamiento debido a que all\u00ed hab\u00edan surgido m\u00e1s de 1.000 casos de COVID-19 desde principios de junio.<\/p>\n<p>En las \u00faltimas 24- En un per\u00edodo de una hora, se detectaron 64 nuevos casos, seg\u00fan mostraron los datos regionales.<\/p>\n<p>Las m\u00e1scaras ya son obligatorias en Espa\u00f1a cuando las personas no pueden evitar estar a menos de 1,5 metros (yardas) en el transporte p\u00fablico, por ejemplo.<\/p>\n<p>\u00abQueremos que el uso de mascarillas sea obligatorio en todo momento\u00bb, ha dicho a modo de aclaraci\u00f3n la portavoz del Gobierno regional, Meritxell Budo.<\/p>\n<p>\u00abHemos notado cierta relajaci\u00f3n en el uso de mascarillas\u00bb, por lo que una medida m\u00e1s estricta podr\u00eda ser necesario, explic\u00f3.<\/p>\n<p>Los detalles de la medida a\u00fan deben aprobarse durante una reuni\u00f3n del gobierno regional el mi\u00e9rcoles.<\/p>\n<p>El epidemi\u00f3logo jefe espa\u00f1ol, Fernando Sim\u00f3n, dijo el lunes que estaba \u00abmuy preocupado\u00bb. por el brote en Catalu\u00f1a.<\/p>\n<p>Otras 70.000 personas est\u00e1n aisladas en Galicia, al noroeste de Espa\u00f1a, mientras tanto.<\/p>\n<p>Con m\u00e1s de 28.300 de A ra\u00edz del virus, Espa\u00f1a es uno de los pa\u00edses m\u00e1s afectados de Europa.<\/p>\n<p>Desde mediados de marzo hasta el 21 de junio, los espa\u00f1oles estuvieron sujetos a uno de los reg\u00edmenes de confinamiento m\u00e1s estrictos del continente. <\/p>\n<p>Explore m\u00e1s<\/p>\n<p> Siga las \u00faltimas noticias sobre el brote de coronavirus (COVID-19) <\/p>\n<p> 2020 AFP <\/p>\n<p> <strong>Cita<\/strong>: Catalu\u00f1a quiere endurecer las normas sobre el uso de mascarillas (2020 , 7 de julio) recuperado el 31 de agosto de 2022 de https:\/\/medicalxpress.com\/news\/2020-07-catalonia-toughen-mask-wearing.html Este documento est\u00e1 sujeto a derechos de autor. Aparte de cualquier trato justo con fines de estudio o investigaci\u00f3n privados, ninguna parte puede reproducirse sin el permiso por escrito. El contenido se proporciona \u00fanicamente con fines informativos.<\/p>\n","protected":false},"excerpt":{"rendered":"<p>Cr\u00e9dito: CC0 Public Domain Los funcionarios regionales en Catalu\u00f1a dijeron el martes que quieren endurecer las normas existentes para hacer que el uso de mascarillas sea obligatorio en p\u00fablico, para detener un n\u00famero creciente de casos de coronavirus. El s\u00e1bado, 200.000 personas en una zona alrededor de L\u00e9rida, al oeste de Barcelona, fueron puestas bajo &hellip; <a href=\"https:\/\/www.biblia.work\/articulos-salud\/cataluna-quiere-endurecer-las-normas-sobre-el-uso-de-mascarillas\/\" class=\"more-link\">Continuar leyendo<span class=\"screen-reader-text\"> \u00abCatalu\u00f1a quiere endurecer las normas sobre el uso de mascarillas\u00bb<\/span><\/a><\/p>\n","protected":false},"author":1,"featured_media":0,"comment_status":"","ping_status":"","sticky":false,"template":"","format":"standard","meta":{"footnotes":""},"categories":[1],"tags":[],"class_list":["post-32779","post","type-post","status-publish","format-standard","hentry","category-general"],"_links":{"self":[{"href":"https:\/\/www.biblia.work\/articulos-salud\/wp-json\/wp\/v2\/posts\/32779","targetHints":{"allow":["GET"]}}],"collection":[{"href":"https:\/\/www.biblia.work\/articulos-salud\/wp-json\/wp\/v2\/posts"}],"about":[{"href":"https:\/\/www.biblia.work\/articulos-salud\/wp-json\/wp\/v2\/types\/post"}],"author":[{"embeddable":true,"href":"https:\/\/www.biblia.work\/articulos-salud\/wp-json\/wp\/v2\/users\/1"}],"replies":[{"embeddable":true,"href":"https:\/\/www.biblia.work\/articulos-salud\/wp-json\/wp\/v2\/comments?post=32779"}],"version-history":[{"count":0,"href":"https:\/\/www.biblia.work\/articulos-salud\/wp-json\/wp\/v2\/posts\/32779\/revisions"}],"wp:attachment":[{"href":"https:\/\/www.biblia.work\/articulos-salud\/wp-json\/wp\/v2\/media?parent=32779"}],"wp:term":[{"taxonomy":"category","embeddable":true,"href":"https:\/\/www.biblia.work\/articulos-salud\/wp-json\/wp\/v2\/categories?post=32779"},{"taxonomy":"post_tag","embeddable":true,"href":"https:\/\/www.biblia.work\/articulos-salud\/wp-json\/wp\/v2\/tags?post=32779"}],"curies":[{"name":"wp","href":"https:\/\/api.w.org\/{rel}","templated":true}]}}