{"id":32781,"date":"2022-08-31T20:11:24","date_gmt":"2022-09-01T01:11:24","guid":{"rendered":"https:\/\/www.biblia.work\/articulos-salud\/iran-informa-un-record-de-200-muertes-por-coronavirus-en-un-dia\/"},"modified":"2022-08-31T20:11:24","modified_gmt":"2022-09-01T01:11:24","slug":"iran-informa-un-record-de-200-muertes-por-coronavirus-en-un-dia","status":"publish","type":"post","link":"https:\/\/www.biblia.work\/articulos-salud\/iran-informa-un-record-de-200-muertes-por-coronavirus-en-un-dia\/","title":{"rendered":"Ir\u00e1n informa un r\u00e9cord de 200 muertes por coronavirus en un d\u00eda"},"content":{"rendered":"<p>Cr\u00e9dito: Pixabay\/CC0 Dominio p\u00fablico <\/p>\n<p>Ir\u00e1n anunci\u00f3 el martes 200 muertes m\u00e1s por el coronavirus, la mayor cantidad en un solo d\u00eda desde que comenz\u00f3 el brote m\u00e1s mort\u00edfero en Oriente Medio en febrero . <\/p>\n<p>El r\u00e9cord anterior fue la cifra del domingo de 163 muertes.<\/p>\n<p>\u00abLamentablemente, en las \u00faltimas 24 horas hemos perdido a 200 de nuestros compatriotas, elevando el n\u00famero total de v\u00edctimas a 11.931\u00bb, dijo la portavoz del Ministerio de Salud, Sima Sadat. Lari dijo en la televisi\u00f3n estatal.<\/p>\n<p>\u00abEl aumento en el n\u00famero de muertes es muy doloroso para todos nosotros\u00bb, dijo, y agreg\u00f3 que fue \u00abel resultado de todos nuestros comportamientos y acciones\u00bb.<\/p>\n<p>Otras 2.637 personas dieron positivo por el virus, elevando el n\u00famero oficial total de casos a 245.688, dijo Lari.<\/p>\n<p>Las muertes e infecciones registradas oficialmente por el virus han aumentado constantemente desde Ir\u00e1n inform\u00f3 un m\u00ednimo de casi dos meses en casos diarios registrados a principios de mayo. <\/p>\n<p>El resurgimiento mostrado por las estad\u00edsticas oficiales llev\u00f3 al gobierno a obligar a las personas a usar m\u00e1scaras en espacios p\u00fablicos cerrados o cuando se re\u00fanen en grupos a partir del 4 de julio.<\/p>\n<p>Pero las autoridades han advertido repetidamente contra lo que visto como una actitud relajada de los ciudadanos hacia las m\u00e1scaras, al tiempo que expresa su preocupaci\u00f3n por las personas que contin\u00faan reuni\u00e9ndose en grupos.<\/p>\n<p>\u00abSiempre tenga una m\u00e1scara puesta cuando salga\u00bb, enfatiz\u00f3 Lari el martes.<\/p>\n<p>Tambi\u00e9n dijo que las infecciones hab\u00edan aumentado considerablemente en un \u00e1rea, que no nombr\u00f3, despu\u00e9s de una serie de bodas all\u00ed en los \u00faltimos d\u00edas.<\/p>\n<p>Ir\u00e1n nunca impuso un bloqueo total en su lucha contra el coronavirus .<\/p>\n<p>En cambio, prohibi\u00f3 las reuniones, particularmente en arenas religiosas y deportivas. Tambi\u00e9n restringi\u00f3 la actividad comercial, junto con los viajes, entre otras medidas.<\/p>\n<p>Pero las presiones econ\u00f3micas ya intensas antes de la llegada del coronavirus, debido a las fuertes sanciones de EE. El n\u00famero de infecciones pareci\u00f3 disminuir.<\/p>\n<p>La agencia estatal de noticias IRNA inform\u00f3 el martes que 12 miembros de uno de los mejores clubes de f\u00fatbol del pa\u00eds, el Esteghlal, hab\u00edan dado positivo por el virus.<\/p>\n<p>El f\u00fatbol de Ir\u00e1n La temporada hab\u00eda vuelto a comenzar el 25 de junio, despu\u00e9s de una suspensi\u00f3n de cuatro meses debido a la pandemia.<\/p>\n<p>Las autoridades han permitido que las provincias m\u00e1s afectadas por el resurgimiento del virus vuelvan a imponer restricciones.<\/p>\n<p>Senior Los funcionarios iran\u00edes, incluidos el ayatol\u00e1 Ali Khamenei y el presidente Hassan Rouhani, han tratado de dar ejemplo al ser vistos usando m\u00e1scaras, una campa\u00f1a que tambi\u00e9n ha sido impulsada por la televisi\u00f3n estatal.<\/p>\n<p>La aplicaci\u00f3n de esta medida a veces ha resultado dif\u00edcil, especialmente en la capital, con muchos residentes permanecen mostr\u00e1ndose reacios a usar m\u00e1scaras incluso en el transporte p\u00fablico, donde hacerlo ha sido obligatorio durante m\u00e1s de dos meses. <\/p>\n<p>Explore m\u00e1s<\/p>\n<p> Siga las \u00faltimas noticias sobre el brote de coronavirus (COVID-19) <\/p>\n<p> 2020 AFP <\/p>\n<p> <strong>Cita<\/strong>: Ir\u00e1n informa un n\u00famero r\u00e9cord de muertes por coronavirus en un d\u00eda de 200 (7 de julio de 2020) recuperado el 31 de agosto de 2022 de https:\/\/medicalxpress.com\/news\/2020-07-iran-one-day-coronavirus-death-toll.html Este documento est\u00e1 sujeto a derechos de autor. Aparte de cualquier trato justo con fines de estudio o investigaci\u00f3n privados, ninguna parte puede reproducirse sin el permiso por escrito. El contenido se proporciona \u00fanicamente con fines informativos.<\/p>\n","protected":false},"excerpt":{"rendered":"<p>Cr\u00e9dito: Pixabay\/CC0 Dominio p\u00fablico Ir\u00e1n anunci\u00f3 el martes 200 muertes m\u00e1s por el coronavirus, la mayor cantidad en un solo d\u00eda desde que comenz\u00f3 el brote m\u00e1s mort\u00edfero en Oriente Medio en febrero . El r\u00e9cord anterior fue la cifra del domingo de 163 muertes. \u00abLamentablemente, en las \u00faltimas 24 horas hemos perdido a 200 &hellip; <a href=\"https:\/\/www.biblia.work\/articulos-salud\/iran-informa-un-record-de-200-muertes-por-coronavirus-en-un-dia\/\" class=\"more-link\">Continuar leyendo<span class=\"screen-reader-text\"> \u00abIr\u00e1n informa un r\u00e9cord de 200 muertes por coronavirus en un d\u00eda\u00bb<\/span><\/a><\/p>\n","protected":false},"author":1,"featured_media":0,"comment_status":"","ping_status":"","sticky":false,"template":"","format":"standard","meta":{"footnotes":""},"categories":[1],"tags":[],"class_list":["post-32781","post","type-post","status-publish","format-standard","hentry","category-general"],"_links":{"self":[{"href":"https:\/\/www.biblia.work\/articulos-salud\/wp-json\/wp\/v2\/posts\/32781","targetHints":{"allow":["GET"]}}],"collection":[{"href":"https:\/\/www.biblia.work\/articulos-salud\/wp-json\/wp\/v2\/posts"}],"about":[{"href":"https:\/\/www.biblia.work\/articulos-salud\/wp-json\/wp\/v2\/types\/post"}],"author":[{"embeddable":true,"href":"https:\/\/www.biblia.work\/articulos-salud\/wp-json\/wp\/v2\/users\/1"}],"replies":[{"embeddable":true,"href":"https:\/\/www.biblia.work\/articulos-salud\/wp-json\/wp\/v2\/comments?post=32781"}],"version-history":[{"count":0,"href":"https:\/\/www.biblia.work\/articulos-salud\/wp-json\/wp\/v2\/posts\/32781\/revisions"}],"wp:attachment":[{"href":"https:\/\/www.biblia.work\/articulos-salud\/wp-json\/wp\/v2\/media?parent=32781"}],"wp:term":[{"taxonomy":"category","embeddable":true,"href":"https:\/\/www.biblia.work\/articulos-salud\/wp-json\/wp\/v2\/categories?post=32781"},{"taxonomy":"post_tag","embeddable":true,"href":"https:\/\/www.biblia.work\/articulos-salud\/wp-json\/wp\/v2\/tags?post=32781"}],"curies":[{"name":"wp","href":"https:\/\/api.w.org\/{rel}","templated":true}]}}