{"id":32786,"date":"2022-08-31T20:11:41","date_gmt":"2022-09-01T01:11:41","guid":{"rendered":"https:\/\/www.biblia.work\/articulos-salud\/serbia-reintroducira-el-bloqueo-del-virus-despues-de-un-nuevo-aumento-de-casos\/"},"modified":"2022-08-31T20:11:41","modified_gmt":"2022-09-01T01:11:41","slug":"serbia-reintroducira-el-bloqueo-del-virus-despues-de-un-nuevo-aumento-de-casos","status":"publish","type":"post","link":"https:\/\/www.biblia.work\/articulos-salud\/serbia-reintroducira-el-bloqueo-del-virus-despues-de-un-nuevo-aumento-de-casos\/","title":{"rendered":"Serbia reintroducir\u00e1 el bloqueo del virus despu\u00e9s de un nuevo aumento de casos"},"content":{"rendered":"<p>Un trabajador de la salud con equipo de protecci\u00f3n toma muestras de hisopos de los turistas para detectar el coronavirus, en el cruce fronterizo de Promahonas con Bulgaria, que es la \u00fanica frontera terrestre hacia Grecia que est\u00e1 abierta el lunes. 6 de julio de 2020. Docenas de veh\u00edculos de turistas serbios que quedaron atrapados en la frontera griega durante la noche pudieron cruzar a Grecia despu\u00e9s de que entr\u00f3 en vigor una prohibici\u00f3n de entrada de personas de Serbia debido a un brote de coronavirus en Serbia. (Foto AP\/Giannis Papanikos) <\/p>\n<p>El presidente de Serbia anunci\u00f3 la reintroducci\u00f3n de un confinamiento despu\u00e9s de que el pa\u00eds balc\u00e1nico reportara su mayor n\u00famero de muertes en un solo d\u00eda por el coronavirus el martes. <\/p>\n<p>El presidente Aleksandar Vucic calific\u00f3 la situaci\u00f3n del virus en la capital serbia de Belgrado como \u00abalarmante\u00bb y \u00abcr\u00edtica\u00bb a medida que los hospitales de la ciudad se acercaban a sus l\u00edmites de capacidad.<\/p>\n<p>Vucic dijo que el gobierno volver\u00eda a imponer un toque de queda a partir del viernes . Dijo que \u00abprobablemente\u00bb durar\u00e1 desde las 6 pm del viernes hasta las 5 am del lunes. Tambi\u00e9n dijo que se permitir\u00e1n grupos de no m\u00e1s de cinco personas juntas.<\/p>\n<p>El Ministerio de Salud del pa\u00eds dijo el martes que 13 personas hab\u00edan muerto en 24 horas en Serbia y se confirmaron 299 nuevos casos de COVID-19.<\/p>\n<p>Eso llev\u00f3 el total a 16.719 casos confirmados y 330 muertes relacionadas con el virus desde el comienzo de la pandemia en Serbia, que pas\u00f3 de tener uno de los confinamientos m\u00e1s estrictos de Europa a una reapertura casi completa a principios de mayo. <\/p>\n<p>Se jugaron partidos de f\u00fatbol y tenis en gradas abarrotadas y se celebraron elecciones parlamentarias el 21 de junio a pesar de las advertencias de expertos de que las reuniones masivas sin distanciamiento social podr\u00edan conducir a una nueva ola de coronavirus.<\/p>\n<p>\u00abProbablemente nos hemos relajado demasiado. Todos pensaron que todo hab\u00eda terminado\u00bb, dijo Vucic, rechazando con enojo las cr\u00edticas generalizadas de que su insistencia en celebrar las elecciones condujo al levantamiento del bloqueo anterior y al reciente aumento de casos de coronavirus.<\/p>\n<p>El martes, Montenegro introdujo una qua obligatoria rantine para todas las personas que llegan de la vecina Serbia, citando riesgos de salud coronaviorus. Grecia tambi\u00e9n prohibi\u00f3 la entrada al pa\u00eds de turistas serbios el lunes.<\/p>\n<p>En un aparente movimiento de ojo por ojo, el gobierno serbio dijo el martes que estaba introduciendo un per\u00edodo de autocuarentena de 14 d\u00edas para los ciudadanos montenegrinos que vienen a Serbia.<\/p>\n<p>Montenegro, un pa\u00eds de 620.000 habitantes, se separ\u00f3 de Serbia, mucho m\u00e1s grande, en 2006, pero muchos en Montenegro y Serbia siguen oponi\u00e9ndose a la separaci\u00f3n. Los serbios representan alrededor del 30 % de la poblaci\u00f3n de Montenegro.<\/p>\n<p>Montenegro, el primer pa\u00eds europeo en declararse libre del coronavirus, ha visto recientemente un aumento en los nuevos casos confirmados. <\/p>\n<p>Explore m\u00e1s<\/p>\n<p> Siga las \u00faltimas noticias sobre el brote de coronavirus (COVID-19) <\/p>\n<p> 2020 The Associated Press. Reservados todos los derechos. Este material no puede ser publicado, transmitido, reescrito o redistribuido sin permiso. <\/p>\n<p> <strong>Cita<\/strong>: Serbia reintroducir\u00e1 el bloqueo del virus despu\u00e9s de un nuevo pico de casos (7 de julio de 2020) consultado el 31 de agosto de 2022 de https:\/\/medicalxpress.com\/news\/2020-07-serbia-reintroduce -virus-lockdown-case.html Este documento est\u00e1 sujeto a derechos de autor. Aparte de cualquier trato justo con fines de estudio o investigaci\u00f3n privados, ninguna parte puede reproducirse sin el permiso por escrito. El contenido se proporciona \u00fanicamente con fines informativos.<\/p>\n","protected":false},"excerpt":{"rendered":"<p>Un trabajador de la salud con equipo de protecci\u00f3n toma muestras de hisopos de los turistas para detectar el coronavirus, en el cruce fronterizo de Promahonas con Bulgaria, que es la \u00fanica frontera terrestre hacia Grecia que est\u00e1 abierta el lunes. 6 de julio de 2020. Docenas de veh\u00edculos de turistas serbios que quedaron atrapados &hellip; <a href=\"https:\/\/www.biblia.work\/articulos-salud\/serbia-reintroducira-el-bloqueo-del-virus-despues-de-un-nuevo-aumento-de-casos\/\" class=\"more-link\">Continuar leyendo<span class=\"screen-reader-text\"> \u00abSerbia reintroducir\u00e1 el bloqueo del virus despu\u00e9s de un nuevo aumento de casos\u00bb<\/span><\/a><\/p>\n","protected":false},"author":1,"featured_media":0,"comment_status":"","ping_status":"","sticky":false,"template":"","format":"standard","meta":{"footnotes":""},"categories":[1],"tags":[],"class_list":["post-32786","post","type-post","status-publish","format-standard","hentry","category-general"],"_links":{"self":[{"href":"https:\/\/www.biblia.work\/articulos-salud\/wp-json\/wp\/v2\/posts\/32786","targetHints":{"allow":["GET"]}}],"collection":[{"href":"https:\/\/www.biblia.work\/articulos-salud\/wp-json\/wp\/v2\/posts"}],"about":[{"href":"https:\/\/www.biblia.work\/articulos-salud\/wp-json\/wp\/v2\/types\/post"}],"author":[{"embeddable":true,"href":"https:\/\/www.biblia.work\/articulos-salud\/wp-json\/wp\/v2\/users\/1"}],"replies":[{"embeddable":true,"href":"https:\/\/www.biblia.work\/articulos-salud\/wp-json\/wp\/v2\/comments?post=32786"}],"version-history":[{"count":0,"href":"https:\/\/www.biblia.work\/articulos-salud\/wp-json\/wp\/v2\/posts\/32786\/revisions"}],"wp:attachment":[{"href":"https:\/\/www.biblia.work\/articulos-salud\/wp-json\/wp\/v2\/media?parent=32786"}],"wp:term":[{"taxonomy":"category","embeddable":true,"href":"https:\/\/www.biblia.work\/articulos-salud\/wp-json\/wp\/v2\/categories?post=32786"},{"taxonomy":"post_tag","embeddable":true,"href":"https:\/\/www.biblia.work\/articulos-salud\/wp-json\/wp\/v2\/tags?post=32786"}],"curies":[{"name":"wp","href":"https:\/\/api.w.org\/{rel}","templated":true}]}}