{"id":32791,"date":"2022-08-31T20:11:57","date_gmt":"2022-09-01T01:11:57","guid":{"rendered":"https:\/\/www.biblia.work\/articulos-salud\/sabanones-en-una-serie-de-casos-reciente-no-relacionada-con-la-infeccion-por-covid-19\/"},"modified":"2022-08-31T20:11:57","modified_gmt":"2022-09-01T01:11:57","slug":"sabanones-en-una-serie-de-casos-reciente-no-relacionada-con-la-infeccion-por-covid-19","status":"publish","type":"post","link":"https:\/\/www.biblia.work\/articulos-salud\/sabanones-en-una-serie-de-casos-reciente-no-relacionada-con-la-infeccion-por-covid-19\/","title":{"rendered":"Saba\u00f1ones en una serie de casos reciente no relacionada con la infecci\u00f3n por COVID-19"},"content":{"rendered":"<p>Saba\u00f1ones <\/p>\n<p>(HealthDay)En una serie de casos de 31 pacientes, publicada en l\u00ednea el 25 de junio en JAMA Dermatology, los saba\u00f1ones no parec\u00edan estar directamente asociados con la COVID-19 . <\/p>\n<p>Anne Herman, MD, de la Universit Catholique de Louvain en Bruselas, y sus colegas examinaron si los saba\u00f1ones est\u00e1n asociados con COVID-19 en una serie de casos monoc\u00e9ntrica realizada en un hospital de atenci\u00f3n terciaria. Se incluyeron 31 pacientes que recientemente hab\u00edan desarrollado saba\u00f1ones.<\/p>\n<p>Los investigadores encontraron que los pacientes generalmente gozaban de buena salud y la mayor\u00eda eran adolescentes o adultos j\u00f3venes. El diagn\u00f3stico de saba\u00f1ones se confirm\u00f3 en el an\u00e1lisis histopatol\u00f3gico de muestras de biopsia de piel, y se observaron fen\u00f3menos linfoc\u00edticos o microtromb\u00f3ticos ocasionales. En siete pacientes, el an\u00e1lisis de inmunofluorescencia mostr\u00f3 vasculitis de vasos de peque\u00f1o di\u00e1metro. <\/p>\n<p>El s\u00edndrome respiratorio agudo severo coronavirus 2 (SARS-CoV-2) permaneci\u00f3 sin ser detectado por la reacci\u00f3n en cadena de la polimerasa con transcriptasa inversa en tiempo real en hisopos nasofar\u00edngeos y en muestras de biopsia de lesiones cut\u00e1neas para todos los pacientes. En todos los pacientes, los t\u00edtulos de anticuerpos de inmunoglobulina M e inmunoglobulina G fueron negativos para SARS-CoV-2. No se observaron anomal\u00edas significativas en los resultados de los an\u00e1lisis de sangre que indicaran una enfermedad sist\u00e9mica.<\/p>\n<p>\u00abReportamos varios casos de saba\u00f1ones que se produjeron principalmente en personas j\u00f3venes durante la pandemia de COVID-19\u00bb, escriben los autores. \u00abPresumimos que estas lesiones cut\u00e1neas pueden ser causadas por cambios en el estilo de vida provocados por las medidas de contenci\u00f3n y bloqueo. Las lesiones dermatol\u00f3gicas, incluso si se observan cada vez m\u00e1s durante la pandemia actual, deben interpretarse con cuidado\u00bb. <\/p>\n<p>Explore m\u00e1s<\/p>\n<p> Anomal\u00edas oculares observadas en un tercio de los pacientes con COVID-19 <strong>M\u00e1s informaci\u00f3n:<\/strong> Resumen\/Texto completo <br \/>Editorial <strong>Informaci\u00f3n de la revista:<\/strong> JAMA Dermatology <\/p>\n<p> Derechos de autor 2020 HealthDay. Reservados todos los derechos. <\/p>\n<p> <strong>Cita<\/strong>: Saba\u00f1ones en series de casos recientes no vinculados a la infecci\u00f3n por COVID-19 (2020, 7 de julio) consultado el 31 de agosto de 2022 de https:\/\/medicalxpress.com\/news\/2020-07- saba\u00f1ones-caso-serie-atado-covid-.html Este documento est\u00e1 sujeto a derechos de autor. Aparte de cualquier trato justo con fines de estudio o investigaci\u00f3n privados, ninguna parte puede reproducirse sin el permiso por escrito. El contenido se proporciona \u00fanicamente con fines informativos.<\/p>\n","protected":false},"excerpt":{"rendered":"<p>Saba\u00f1ones (HealthDay)En una serie de casos de 31 pacientes, publicada en l\u00ednea el 25 de junio en JAMA Dermatology, los saba\u00f1ones no parec\u00edan estar directamente asociados con la COVID-19 . Anne Herman, MD, de la Universit Catholique de Louvain en Bruselas, y sus colegas examinaron si los saba\u00f1ones est\u00e1n asociados con COVID-19 en una serie &hellip; <a href=\"https:\/\/www.biblia.work\/articulos-salud\/sabanones-en-una-serie-de-casos-reciente-no-relacionada-con-la-infeccion-por-covid-19\/\" class=\"more-link\">Continuar leyendo<span class=\"screen-reader-text\"> \u00abSaba\u00f1ones en una serie de casos reciente no relacionada con la infecci\u00f3n por COVID-19\u00bb<\/span><\/a><\/p>\n","protected":false},"author":1,"featured_media":0,"comment_status":"","ping_status":"","sticky":false,"template":"","format":"standard","meta":{"footnotes":""},"categories":[1],"tags":[],"class_list":["post-32791","post","type-post","status-publish","format-standard","hentry","category-general"],"_links":{"self":[{"href":"https:\/\/www.biblia.work\/articulos-salud\/wp-json\/wp\/v2\/posts\/32791","targetHints":{"allow":["GET"]}}],"collection":[{"href":"https:\/\/www.biblia.work\/articulos-salud\/wp-json\/wp\/v2\/posts"}],"about":[{"href":"https:\/\/www.biblia.work\/articulos-salud\/wp-json\/wp\/v2\/types\/post"}],"author":[{"embeddable":true,"href":"https:\/\/www.biblia.work\/articulos-salud\/wp-json\/wp\/v2\/users\/1"}],"replies":[{"embeddable":true,"href":"https:\/\/www.biblia.work\/articulos-salud\/wp-json\/wp\/v2\/comments?post=32791"}],"version-history":[{"count":0,"href":"https:\/\/www.biblia.work\/articulos-salud\/wp-json\/wp\/v2\/posts\/32791\/revisions"}],"wp:attachment":[{"href":"https:\/\/www.biblia.work\/articulos-salud\/wp-json\/wp\/v2\/media?parent=32791"}],"wp:term":[{"taxonomy":"category","embeddable":true,"href":"https:\/\/www.biblia.work\/articulos-salud\/wp-json\/wp\/v2\/categories?post=32791"},{"taxonomy":"post_tag","embeddable":true,"href":"https:\/\/www.biblia.work\/articulos-salud\/wp-json\/wp\/v2\/tags?post=32791"}],"curies":[{"name":"wp","href":"https:\/\/api.w.org\/{rel}","templated":true}]}}