{"id":32806,"date":"2022-08-31T20:12:44","date_gmt":"2022-09-01T01:12:44","guid":{"rendered":"https:\/\/www.biblia.work\/articulos-salud\/gemelos-unidos-por-la-cabeza-separados-en-el-hospital-pediatrico-del-vaticano\/"},"modified":"2022-08-31T20:12:44","modified_gmt":"2022-09-01T01:12:44","slug":"gemelos-unidos-por-la-cabeza-separados-en-el-hospital-pediatrico-del-vaticano","status":"publish","type":"post","link":"https:\/\/www.biblia.work\/articulos-salud\/gemelos-unidos-por-la-cabeza-separados-en-el-hospital-pediatrico-del-vaticano\/","title":{"rendered":"Gemelos unidos por la cabeza separados en el hospital pedi\u00e1trico del Vaticano"},"content":{"rendered":"<p>Un m\u00e9dico mira un monitor 3D que muestra los cr\u00e1neos de las gemelas Ervina y Prefina durante una cirug\u00eda en el hospital pedi\u00e1trico del Vaticano, en Roma. Los m\u00e9dicos del hospital pedi\u00e1trico del Vaticano dijeron el martes 7 de julio de 2020 que separaron con \u00e9xito a gemelos unidos cuyos cr\u00e1neos se fusionaron espalda con espalda, una cirug\u00eda extremadamente rara para un defecto cong\u00e9nito igualmente raro. Las gemelas Ervina y Prefina Bangalo nacieron el 29 de junio de 2018 en Mbaiki, Rep\u00fablica Centroafricana, y comparten el mismo cr\u00e1neo y vasos sangu\u00edneos cr\u00edticos alrededor del cerebro. (Hospital Bambino Gesu v\u00eda AP) <\/p>\n<p>Los m\u00e9dicos del hospital pedi\u00e1trico del Vaticano dijeron el martes que separaron exitosamente a gemelos unidos cuyos cr\u00e1neos estaban fusionados espalda con espalda, una cirug\u00eda extremadamente rara para un defecto cong\u00e9nito igualmente raro. <\/p>\n<p>Las gemelas, Ervina y Prefina Bangalo, nacieron el 29 de junio de 2018 en Mbaiki, Rep\u00fablica Centroafricana, con la cabeza unida y compartiendo vasos sangu\u00edneos cr\u00edticos alrededor del cerebro. Tales casos de gemelos unidos ocurren una vez cada 2 millones de nacimientos.<\/p>\n<p>El Hospital Pedi\u00e1trico Bambino Gesu, que es propiedad del Vaticano pero opera dentro del sistema de salud p\u00fablica italiano, trajo a los gemelos y a su madre a Italia. poco despu\u00e9s de su nacimiento. El hospital dijo que las ni\u00f1as se est\u00e1n recuperando bien un mes despu\u00e9s de su tercera y definitiva cirug\u00eda de separaci\u00f3n el 5 de junio.<\/p>\n<p>El video publicado por el hospital muestra a las ni\u00f1as saludando con la m\u00fasica desde sus camas, aplaudiendo y sosteniendo marcadores, mientras as\u00ed como celebrar su segundo cumplea\u00f1os en los brazos de su madre mientras el personal del hospital les cantaba \u00abCumplea\u00f1os feliz\u00bb en italiano.<\/p>\n<p>El objetivo clave de la cirug\u00eda era \u00ablograr una separaci\u00f3n con las ni\u00f1as en perfectas condiciones\u00bb. el objetivo que nos propusimos era muy ambicioso e hicimos todo lo posible para alcanzarlo\u00bb, dijo el Dr. Carlo Marras, jefe de neurocirug\u00eda pedi\u00e1trica de Bambino Gesu.<\/p>\n<p> Ermine sostiene a sus gemelas Ervina y Prefina, en el hospital pedi\u00e1trico del Vaticano. , en Roma, 30 de junio de 2020. Los m\u00e9dicos del hospital pedi\u00e1trico del Vaticano dijeron el martes 7 de julio de 2020 que separaron con \u00e9xito a gemelos unidos cuyos cr\u00e1neos se fusionaron espalda con espalda, una cirug\u00eda extremadamente rara para un defecto cong\u00e9nito igualmente raro. Las gemelas Ervina y Prefina Bangalo nacieron el 29 de junio de 2018 en Mbaiki, Rep\u00fablica Centroafricana, y comparten el mismo cr\u00e1neo y vasos sangu\u00edneos cr\u00edticos alrededor del cerebro. (Hospital Bambino Gesu v\u00eda AP) <\/p>\n<p>Marras dirigi\u00f3 el equipo que trabaj\u00f3 durante casi dos a\u00f1os en la planificaci\u00f3n y ejecuci\u00f3n de la separaci\u00f3n.<\/p>\n<p>En una conferencia de prensa para anunciar el resultado de la cirug\u00eda de las hermanas, Marras dijo que el el pron\u00f3stico era \u00abestas ni\u00f1as pueden tener una vida normal\u00bb despu\u00e9s de una fase de rehabilitaci\u00f3n.<\/p>\n<p>Ha habido cirug\u00edas de separaci\u00f3n exitosas en el pasado de gemelos unidos por la cabeza, pero la mayor\u00eda han sido para gemelos cuyas cabezas estaban fusionadas verticalmente, en la parte superior. Los cr\u00e1neos de Ervina y Previna se unieron espalda con espalda en lo que se conoce como \u00abcrane\u00f3pago posterior total\u00bb.<\/p>\n<p>Eso hizo que la cirug\u00eda fuera particularmente desafiante ya que la parte posterior de la cabeza es un lugar mucho m\u00e1s cr\u00edtico para el suministro de sangre. al cerebro y el drenaje de la sangre, dijo el Dr. Jesse Taylor, jefe de cirug\u00eda pl\u00e1stica en el Hospital de Ni\u00f1os de Filadelfia, quien particip\u00f3 en algunas cirug\u00edas de separaci\u00f3n.<\/p>\n<p> Ermine sostiene a sus gemelas Ervina y Prefina mientras posa con Carlo Efisio Marras, arriba a la derecha, jefe del departamento de neurocirug\u00eda del hospital Bambino Gesu y el personal, en Roma, el martes 30 de junio de 2020. Los m\u00e9dicos del hospital pedi\u00e1trico del Vaticano dijeron el martes 7 de julio de 2020 que separaron con \u00e9xito a gemelos unidos cuyos cr\u00e1neos se fusionaron espalda con espalda, una cirug\u00eda extremadamente rara para un defecto cong\u00e9nito igualmente raro. Las gemelas Ervina y Prefina Bangalo nacieron el 29 de junio de 2018 en Mbaiki, Rep\u00fablica Centroafricana, y comparten el mismo cr\u00e1neo y vasos sangu\u00edneos cr\u00edticos alrededor del cerebro. (Hospital Bambino Gesu v\u00eda AP) <\/p>\n<p>\u00abEs una de esas configuraciones que creo que muchos centros, cuando la ven, dicen: &#8216;Sabes, no estamos seguros de que esto se pueda hacer de manera segura'\u00bb, Taylor. dijo. \u00abEl drenaje venoso tiende a ser el principal paso limitante para la separabilidad\u00bb en gemelos conectados en la parte posterior de la cabeza.<\/p>\n<p>Dijo que en las t\u00edpicas cirug\u00edas de separaci\u00f3n, los m\u00e9dicos pueden \u00abtomar prestados\u00bb algunos vasos sangu\u00edneos para d\u00e1rselos a cada uno mellizo. \u00abPero cuando se trata de la parte posterior de la cabeza, no tienes mucho margen de maniobra para tomar prestadas las venas\u00bb, explic\u00f3 Taylor.<\/p>\n<p>Marras dijo que, de hecho, el aspecto m\u00e1s complicado de los gemelos Bangalore La separaci\u00f3n fue dar a cada ni\u00f1o un sistema de drenaje venoso aut\u00f3nomo, procedimientos que comenzaron con dos cirug\u00edas en mayo y junio de 2019. La cirug\u00eda final de 18 horas el mes pasado para separarlos f\u00edsicamente involucr\u00f3 a un equipo de 30 m\u00e9dicos y enfermeras, que hicieron uso de 3- Im\u00e1genes D y neurosimuladores.<\/p>\n<p> Ermine, a la derecha, mira a sus gemelas Ervina y Prefina acostadas en sus camas en el hospital pedi\u00e1trico del Vaticano Bambino Gesu, en Roma, el martes 16 de junio de 2020. Los m\u00e9dicos del hospital pedi\u00e1trico del Vaticano dijeron El martes 7 de julio de 2020 separaron con \u00e9xito a gemelos unidos cuyos cr\u00e1neos se fusionaron espalda con espalda, una cirug\u00eda extremadamente rara para un defecto cong\u00e9nito igualmente raro. Las gemelas Ervina y Prefina Bangalo nacieron el 29 de junio de 2018 en Mbaiki, Rep\u00fablica Centroafricana, y comparten el mismo cr\u00e1neo y vasos sangu\u00edneos cr\u00edticos alrededor del cerebro. (Hospital Bambino Gesu v\u00eda AP) <\/p>\n<p>Antes de la cirug\u00eda de separaci\u00f3n, miembros del personal del hospital del Vaticano les dieron a las ni\u00f1as espejos para que pudieran verse. Sab\u00edan c\u00f3mo sonaban unos a otros, pero los espejos les ayudaron a asociar las expresiones faciales con sus personalidades y sonidos, dijo Marras.<\/p>\n<p>\u00abFue una experiencia que no solo fue profesional sino sobre todo humana: pensar que puedes llegar a algo que solo hab\u00edamos imaginado, con todas las posibilidades de fracaso. Fue un momento m\u00e1gico. Maravilloso\u201d, dijo.<\/p>\n<p>Marras dijo que solo hab\u00eda un caso conocido de separaci\u00f3n de gemelos unidos por la nuca, realizado en Estados Unidos durante la d\u00e9cada de 1980. Dijo que el resultado en ese caso fue pobre.<\/p>\n<p>Se refer\u00eda a la cirug\u00eda de 1987 en la Universidad Johns Hopkins por un equipo dirigido por el Dr. Ben Carson, quien ahora es el secretario de Vivienda del presidente de los Estados Unidos, Donald Trump. Ambos gemelos sufrieron serios problemas neurol\u00f3gicos; un art\u00edculo de Associated Press de 1989, dos a\u00f1os despu\u00e9s de la cirug\u00eda, dec\u00eda que uno de los ni\u00f1os estaba en estado vegetativo y el otro ten\u00eda graves retrasos en el desarrollo.<\/p>\n<p> Mariella Enoc, presidenta del hospital pedi\u00e1trico Bambin Gesu&#8217; (Ni\u00f1o Jes\u00fas) , izquierda, y Carlo Efisio Marras, jefe del departamento de neurocirug\u00eda del hospital, centro, posan con Ermine, madre de las gemelas unidas Ervina y Prefina, antes de una conferencia de prensa en el hospital pedi\u00e1trico del Vaticano, en Roma, el martes 7 de julio de 2020. M\u00e9dicos en el hospital pedi\u00e1trico del Vaticano dijeron el martes que separaron con \u00e9xito a gemelos que estaban unidos en la parte posterior de su cr\u00e1neo, una cirug\u00eda extremadamente rara para un defecto cong\u00e9nito igualmente raro. Las gemelas Ervina y Prefina Bangalo nacieron el 29 de junio de 2018 en la Rep\u00fablica Centroafricana y comparten el mismo cr\u00e1neo y vasos sangu\u00edneos cr\u00edticos alrededor del cerebro. (Foto AP\/Riccardo De Luca) <\/p>\n<p>En el caso de las hermanas de la Rep\u00fablica Centroafricana, Marras dijo que las ni\u00f1as hasta ahora no han sufrido da\u00f1os neurol\u00f3gicos.<\/p>\n<p>La madre de las gemelas, Ermine Nzotto, se limpi\u00f3 l\u00e1grimas de sus ojos mientras miraba un video preparado por el hospital del antes y despu\u00e9s de la separaci\u00f3n de los gemelos. Nzotto dijo que nunca fue a la escuela pero espera que sus hijas estudien para ser m\u00e9dicas.<\/p>\n<p>\u00abEs una alegr\u00eda, que puedo ver a mis ni\u00f1as correr y jugar como otros ni\u00f1os. Que ma\u00f1ana estudien y aprendan a ser m\u00e9dicos para salvar a los otros ni\u00f1os de este mundo\u00bb, dijo a trav\u00e9s de un int\u00e9rprete.<\/p>\n<p>La madre agradeci\u00f3 a Marras, el presidente del hospital y al Papa Francisco, quien visit\u00f3 Bangui, la capital de la Rep\u00fablica Centroafricana, en 2015 y desde entonces ha apoy\u00f3 la colaboraci\u00f3n de Bambino Gesu con el hospital pedi\u00e1trico de all\u00ed.<\/p>\n<p>Nzotto dijo que tambi\u00e9n espera que Francis ahora bautice a sus ni\u00f1as.<\/p>\n<ul>\n<li data-thumb=\"https:\/\/scx1. b-cdn.net\/csz\/news\/tmb\/2020\/4-twinsjoineda.jpg\" data-src=\"https:\/\/scx2.b-cdn.net\/gfx\/news\/hires\/2020\/4-twinsjoineda.jpg \" data-sub-html=\"Ermine sostiene a sus gemelas unidas Ervina y Prefina en esta foto tomada en abril de 2019. Los m\u00e9dicos del hospital pedi\u00e1trico del Vaticano dijeron el martes 7 de julio de 2020 que separaron con \u00e9xito a las gemelas unidas cuyas sk Los lls se fusionaron espalda con espalda, una cirug\u00eda extremadamente rara para un defecto cong\u00e9nito igualmente raro. Las gemelas Ervina y Prefina Bangalo nacieron el 29 de junio de 2018 en Mbaiki, Rep\u00fablica Centroafricana, y comparten el mismo cr\u00e1neo y vasos sangu\u00edneos cr\u00edticos alrededor del cerebro. (Hospital Bambino Gesu v\u00eda AP)\"> Ermine sostiene a sus gemelas unidas Ervina y Prefina en esta foto tomada en abril de 2019. Los m\u00e9dicos del hospital pedi\u00e1trico del Vaticano dijeron el martes 7 de julio de 2020 que lograron separar a dos gemelas unidas cuyos cr\u00e1neos estaban fusionados hacia atr\u00e1s. Las gemelas Ervina y Prefina Bangalo nacieron el 29 de junio de 2018 en Mbaiki, Rep\u00fablica Centroafricana, y comparten el mismo cr\u00e1neo y vasos sangu\u00edneos cr\u00edticos alrededor de sus cerebros (Hospital Bambino Gesu v\u00eda AP). ) <\/li>\n<li data-thumb=\"https:\/\/scx1.b-cdn.net\/csz\/news\/tmb\/2020\/6-twinsjoineda.jpg\" data-src=\"https:\/\/scx2.b -cdn.net\/gfx\/news\/hires\/2020\/6-twinsjoineda.jpg\" data-sub-html=\"Carlo Efisio Marras, jefe del servicio de neurocirug\u00eda del hospital pedi\u00e1trico Bambino Gesu' (Ni\u00f1o Jes\u00fas), se re\u00fane con los medios de comunicaci\u00f3n durante una conferencia de prensa en Roma, el martes 7 de julio de 2020. Los m\u00e9dicos del hospital pedi\u00e1trico del Vaticano dijeron el martes que separaron con \u00e9xito a los gemelos que eran conjoi ned en la parte posterior de su cr\u00e1neo, una cirug\u00eda extremadamente rara para un defecto cong\u00e9nito igualmente raro. Las gemelas Ervina y Prefina Bangalo nacieron el 29 de junio de 2018 en la Rep\u00fablica Centroafricana y comparten el mismo cr\u00e1neo y vasos sangu\u00edneos cr\u00edticos alrededor del cerebro. (Foto AP\/Riccardo De Luca)\"> Carlo Efisio Marras, jefe del departamento de neurocirug\u00eda del hospital pedi\u00e1trico Bambino Gesu&#8217; (Ni\u00f1o Jes\u00fas), se re\u00fane con los medios durante una conferencia de prensa en Roma, el martes 7 de julio de 2020. M\u00e9dicos en el Vaticano El hospital pedi\u00e1trico Ervina y Prefina Bangalo nacieron el 29 de junio de 2018 en la Rep\u00fablica Centroafricana y compartieron el mismo cr\u00e1neo. y vasos sangu\u00edneos cr\u00edticos alrededor de sus cerebros (AP Photo\/Riccardo De Luca) <\/li>\n<li data-thumb=\"https:\/\/scx1.b-cdn.net\/csz\/news\/tmb\/2020\/8-twinsjoineda .jpg\" data-src=\"https:\/\/scx2.b-cdn.net\/gfx\/news\/hires\/2020\/8-twinsjoineda.jpg\" data-sub-html=\"Carlo Efisio Marras, derecha, jefe de la El departamento de neurocirug\u00eda del hospital pedi\u00e1trico Bambino Gesu' (Ni\u00f1o Jes\u00fas), posa con armi\u00f1o, madre de las gemelas siameses Ervina y Prefina, antes de una conferencia de prensa en el Vaticano pediat ric, en Roma, el martes 7 de julio de 2020. Los m\u00e9dicos del hospital pedi\u00e1trico del Vaticano dijeron el martes que separaron con \u00e9xito a gemelos que estaban unidos en la parte posterior del cr\u00e1neo, una cirug\u00eda extremadamente rara para un defecto cong\u00e9nito igualmente raro. Las gemelas Ervina y Prefina Bangalo nacieron el 29 de junio de 2018 en la Rep\u00fablica Centroafricana y comparten el mismo cr\u00e1neo y vasos sangu\u00edneos cr\u00edticos alrededor del cerebro. (Foto AP\/Riccardo De Luca)\"> Carlo Efisio Marras, a la derecha, jefe del departamento de neurocirug\u00eda del hospital pedi\u00e1trico Bambino Gesu&#8217; (Ni\u00f1o Jes\u00fas), posa con Ermine, madre de las gemelas unidas Ervina y Prefina, antes de una conferencia de prensa en el Vaticano hospital pedi\u00e1trico, en Roma, el martes 7 de julio de 2020. Los m\u00e9dicos del hospital pedi\u00e1trico del Vaticano dijeron el martes que separaron con \u00e9xito a gemelos que estaban unidos en la parte posterior del cr\u00e1neo, una cirug\u00eda extremadamente rara para un defecto cong\u00e9nito igualmente raro. Prefina Bangalo naci\u00f3 el 29 de junio de 2018 en la Rep\u00fablica Centroafricana compartiendo el mismo cr\u00e1neo y vasos sangu\u00edneos cr\u00edticos alrededor de sus cerebros (AP Photo\/Riccardo De Luca) <\/li>\n<li data-thumb=\"https:\/\/scx1. b-cdn.net\/csz\/news\/tmb\/2020\/7-twinsjoineda.jpg\" data-src=\"https:\/\/scx2.b-cdn.net\/gfx\/news\/hires\/2020\/7-twinsjoineda.jpg \" data-sub-html=\"Ermine, madre de las gemelas siameses Ervina y Prefina, sonr\u00ede antes de una conferencia de prensa en el hospital pedi\u00e1trico del Vaticano, en Roma, T martes, 7 de julio de 2020. Los m\u00e9dicos del hospital pedi\u00e1trico del Vaticano dijeron el martes que separaron con \u00e9xito a gemelos que estaban unidos en la parte posterior del cr\u00e1neo, una cirug\u00eda extremadamente rara para un defecto cong\u00e9nito igualmente raro. Las gemelas Ervina y Prefina Bangalo nacieron el 29 de junio de 2018 en la Rep\u00fablica Centroafricana y comparten el mismo cr\u00e1neo y vasos sangu\u00edneos cr\u00edticos alrededor del cerebro. (Foto AP\/Riccardo De Luca)\"> Ermine, madre de las gemelas unidas Ervina y Prefina, sonr\u00ede antes de una conferencia de prensa en el hospital pedi\u00e1trico del Vaticano, en Roma, el martes 7 de julio de 2020. Los m\u00e9dicos del hospital pedi\u00e1trico del Vaticano dijeron el martes que Las gemelas Ervina y Prefina Bangalo nacieron el 29 de junio de 2018 en la Rep\u00fablica Centroafricana y compartieron el mismo cr\u00e1neo y vasos sangu\u00edneos cr\u00edticos a su alrededor. sus cerebros (AP Photo\/Riccardo De Luca) <\/li>\n<li data-thumb=\"https:\/\/scx1.b-cdn.net\/csz\/news\/tmb\/2020\/9-twinsjoineda.jpg\" data-sub-html=\"Carlo Efisio Marras, jefe del Bambino Gesu' (Ni\u00f1o Jes\u00fas) El departamento de neurocirug\u00eda del hospital, a la izquierda, posa con Ermine, madre de las gemelas siameses Ervina y Prefina, antes de una conferencia de prensa en el hospital pedi\u00e1trico del Vaticano, en Roma, el martes, J 7 de julio de 2020. Los m\u00e9dicos del hospital pedi\u00e1trico del Vaticano dijeron el martes que separaron con \u00e9xito a gemelos unidos por la parte posterior del cr\u00e1neo, una cirug\u00eda extremadamente rara para un defecto cong\u00e9nito igualmente raro. Las gemelas Ervina y Prefina Bangalo nacieron el 29 de junio de 2018 en la Rep\u00fablica Centroafricana y comparten el mismo cr\u00e1neo y vasos sangu\u00edneos cr\u00edticos alrededor del cerebro. (AP Photo\/Riccardo De Luca)\"> Carlo Efisio Marras, jefe del departamento de neurocirug\u00eda del hospital Bambino Gesu&#8217; (Ni\u00f1o Jes\u00fas), a la izquierda, posa con Ermine, madre de las gemelas unidas Ervina y Prefina, antes de una conferencia de prensa en el pediatra del Vaticano. Ervina y Prefina, en Roma, el martes 7 de julio de 2020. Los m\u00e9dicos del hospital pedi\u00e1trico del Vaticano dijeron el martes que lograron separar con \u00e9xito a gemelas unidas por la parte posterior del cr\u00e1neo, una cirug\u00eda extremadamente rara para un defecto cong\u00e9nito igualmente raro. Los bangalo nacieron el 29 de junio de 2018 en la Rep\u00fablica Centroafricana y comparten el mismo cr\u00e1neo y vasos sangu\u00edneos cr\u00edticos alrededor del cerebro. (Foto AP\/Riccardo De Luca) <\/li>\n<\/ul>\n<p>La presidenta del hospital, Mariella Enoc, conoci\u00f3 a las gemelas poco despu\u00e9s de que nacieran durante una visita a la Rep\u00fablica Centroafricana y fue la fuerza impulsora para traerlas a Roma. y ver si pod\u00edan separarse.<\/p>\n<p>Dijo que la decisi\u00f3n de hacerlo gener\u00f3 dudas \u00e9ticas y econ\u00f3micas, ya que el costo de 1 mill\u00f3n de euros ($1,1 millones) pagado principalmente por la fundaci\u00f3n del hospital podr\u00eda haberse gastado en procedimientos menos riesgosos que podr\u00edan haber beneficiado a m\u00e1s ni\u00f1os.<\/p>\n<p>Pero Enoc dijo: \u00abCuando encuentras una vida que se puede salvar, tienes que salvarla\u00bb. <\/p>\n<p>Explore m\u00e1s<\/p>\n<p> Establo de gemelos de Bangladesh separados: m\u00e9dicos <\/p>\n<p> 2020 The Associated Press. Reservados todos los derechos. Este material no puede ser publicado, transmitido, reescrito o redistribuido sin permiso. <\/p>\n<p> <strong>Cita<\/strong>: Gemelos unidos por la cabeza separados en el hospital pedi\u00e1trico del Vaticano (7 de julio de 2020) recuperado el 31 de agosto de 2022 de https:\/\/medicalxpress.com\/news\/2020-07-twins-vatican -pediatric-hospital.html Este documento est\u00e1 sujeto a derechos de autor. Aparte de cualquier trato justo con fines de estudio o investigaci\u00f3n privados, ninguna parte puede reproducirse sin el permiso por escrito. El contenido se proporciona \u00fanicamente con fines informativos.<\/p>\n","protected":false},"excerpt":{"rendered":"<p>Un m\u00e9dico mira un monitor 3D que muestra los cr\u00e1neos de las gemelas Ervina y Prefina durante una cirug\u00eda en el hospital pedi\u00e1trico del Vaticano, en Roma. Los m\u00e9dicos del hospital pedi\u00e1trico del Vaticano dijeron el martes 7 de julio de 2020 que separaron con \u00e9xito a gemelos unidos cuyos cr\u00e1neos se fusionaron espalda con &hellip; <a href=\"https:\/\/www.biblia.work\/articulos-salud\/gemelos-unidos-por-la-cabeza-separados-en-el-hospital-pediatrico-del-vaticano\/\" class=\"more-link\">Continuar leyendo<span class=\"screen-reader-text\"> \u00abGemelos unidos por la cabeza separados en el hospital pedi\u00e1trico del Vaticano\u00bb<\/span><\/a><\/p>\n","protected":false},"author":1,"featured_media":0,"comment_status":"","ping_status":"","sticky":false,"template":"","format":"standard","meta":{"footnotes":""},"categories":[1],"tags":[],"class_list":["post-32806","post","type-post","status-publish","format-standard","hentry","category-general"],"_links":{"self":[{"href":"https:\/\/www.biblia.work\/articulos-salud\/wp-json\/wp\/v2\/posts\/32806","targetHints":{"allow":["GET"]}}],"collection":[{"href":"https:\/\/www.biblia.work\/articulos-salud\/wp-json\/wp\/v2\/posts"}],"about":[{"href":"https:\/\/www.biblia.work\/articulos-salud\/wp-json\/wp\/v2\/types\/post"}],"author":[{"embeddable":true,"href":"https:\/\/www.biblia.work\/articulos-salud\/wp-json\/wp\/v2\/users\/1"}],"replies":[{"embeddable":true,"href":"https:\/\/www.biblia.work\/articulos-salud\/wp-json\/wp\/v2\/comments?post=32806"}],"version-history":[{"count":0,"href":"https:\/\/www.biblia.work\/articulos-salud\/wp-json\/wp\/v2\/posts\/32806\/revisions"}],"wp:attachment":[{"href":"https:\/\/www.biblia.work\/articulos-salud\/wp-json\/wp\/v2\/media?parent=32806"}],"wp:term":[{"taxonomy":"category","embeddable":true,"href":"https:\/\/www.biblia.work\/articulos-salud\/wp-json\/wp\/v2\/categories?post=32806"},{"taxonomy":"post_tag","embeddable":true,"href":"https:\/\/www.biblia.work\/articulos-salud\/wp-json\/wp\/v2\/tags?post=32806"}],"curies":[{"name":"wp","href":"https:\/\/api.w.org\/{rel}","templated":true}]}}