{"id":32809,"date":"2022-08-31T20:12:52","date_gmt":"2022-09-01T01:12:52","guid":{"rendered":"https:\/\/www.biblia.work\/articulos-salud\/aumento-del-delirio-inflamacion-cerebral-rara-y-accidente-cerebrovascular-relacionado-con-el-covid-19\/"},"modified":"2022-08-31T20:12:52","modified_gmt":"2022-09-01T01:12:52","slug":"aumento-del-delirio-inflamacion-cerebral-rara-y-accidente-cerebrovascular-relacionado-con-el-covid-19","status":"publish","type":"post","link":"https:\/\/www.biblia.work\/articulos-salud\/aumento-del-delirio-inflamacion-cerebral-rara-y-accidente-cerebrovascular-relacionado-con-el-covid-19\/","title":{"rendered":"Aumento del delirio, inflamaci\u00f3n cerebral rara y accidente cerebrovascular relacionado con el COVID-19"},"content":{"rendered":"<p>Esta imagen de microscopio electr\u00f3nico de transmisi\u00f3n muestra el SARS-CoV-2, tambi\u00e9n conocido como 2019-nCoV, el virus que causa el COVID-19, aislado de un paciente en los EE.UU. Se muestran part\u00edculas de virus emergiendo de la superficie de las c\u00e9lulas cultivadas en el laboratorio. Los picos en el borde exterior de las part\u00edculas de virus dan a los coronavirus su nombre, en forma de corona. Cr\u00e9dito: NIAID-RML <\/p>\n<p>Las complicaciones neurol\u00f3gicas de Covid-19 pueden incluir delirio, inflamaci\u00f3n cerebral, accidente cerebrovascular y da\u00f1o nervioso, encuentra un nuevo estudio dirigido por UCL y UCLH. <\/p>\n<p>Publicado en la revista Brain, el equipo de investigaci\u00f3n identific\u00f3 una afecci\u00f3n inflamatoria rara y, a veces, mortal, conocida como ADEM, cuya prevalencia parece estar aumentando debido a la pandemia.<\/p>\n<p>Algunos pacientes del estudio no no experiment\u00f3 s\u00edntomas respiratorios graves, y el trastorno neurol\u00f3gico fue la primera y principal presentaci\u00f3n de Covid-19.<\/p>\n<p>El autor principal conjunto, el Dr. Michael Zandi (Instituto de Neurolog\u00eda Queen Square de UCL y University College London Hospitals NHS Foundation Trust ) dijo: \u00abIdentificamos un n\u00famero mayor de lo esperado de personas con afecciones neurol\u00f3gicas como inflamaci\u00f3n cerebral, que no siempre se correlacion\u00f3 con la gravedad de los s\u00edntomas respiratorios.<\/p>\n<p>\u00abDebemos estar atentos y atentos a estos complicaciones en personas que han tenido Covid-19. Queda por ver si veremos una epidemia a gran escala de da\u00f1o cerebral relacionado con la pandemia, tal vez similar al brote de encefalitis let\u00e1rgica en las d\u00e9cadas de 1920 y 1930 despu\u00e9s de la pandemia de influenza de 1918\u00bb.<\/p>\n<p>El estudio proporciona una descripci\u00f3n detallada relato de los s\u00edntomas neurol\u00f3gicos de 43 personas (entre 16 y 85 a\u00f1os) atendidas en el Hospital Nacional de Neurolog\u00eda y Neurocirug\u00eda, UCLH, que ten\u00edan confirmado o sospechoso Covid-19.<\/p>\n<p>Los investigadores identificaron 10 casos de encefalopat\u00edas transitorias (disfunci\u00f3n cerebral temporal) con delirio, lo que se corresponde con otros estudios que encontraron evidencia de delirio con agitaci\u00f3n.Tambi\u00e9n hubo 12 casos de inflamaci\u00f3n cerebral, ocho casos de accidentes cerebrovasculares y otros ocho con da\u00f1o nervioso, principalmente s\u00edndrome de Guillain-Barr (que generalmente ocurre despu\u00e9s de una infecci\u00f3n respiratoria o gastrointestinal).<\/p>\n<p>La mayor\u00eda (nueve de 12 casos) de las personas con afecciones de inflamaci\u00f3n cerebral fueron diagnosticadas con encefalomielitis diseminada aguda (ADEM). ADEM es r son y se ven t\u00edpicamente en ni\u00f1os y pueden ser provocados por infecciones virales: el equipo en Londres normalmente ve a un paciente adulto con ADEM por mes, pero eso aument\u00f3 a al menos uno por semana durante el per\u00edodo de estudio, lo que los investigadores dicen que es preocupante aumento.<\/p>\n<p>El virus que causa Covid-19, SARS-CoV-2, no se detect\u00f3 en el l\u00edquido cefalorraqu\u00eddeo cerebral de ninguno de los pacientes analizados, lo que sugiere que el virus no atac\u00f3 directamente al cerebro para causar el da\u00f1o neurol\u00f3gico. enfermedad. Se necesita m\u00e1s investigaci\u00f3n para identificar por qu\u00e9 los pacientes estaban desarrollando estas complicaciones.<\/p>\n<p>En algunos pacientes, los investigadores encontraron evidencia de que la inflamaci\u00f3n cerebral probablemente fue causada por una respuesta inmune a la enfermedad, lo que sugiere que algunas complicaciones neurol\u00f3gicas de Covid -19 podr\u00eda provenir de la respuesta inmune en lugar del virus en s\u00ed.<\/p>\n<p>Los hallazgos agregan descripciones cl\u00ednicas y detalles a otro estudio reciente, en el que tambi\u00e9n participaron el Dr. Zandi y el coautor Dr. Hadi Manji (UCL Queen Square Institute of Neurology) identificando a 153 personas con complicaciones neurol\u00f3gicas por Covid-19. Este documento tambi\u00e9n confirma los hallazgos informados anteriormente de un n\u00famero mayor al esperado de pacientes con accidente cerebrovascular que resulta de la excesiva pegajosidad de la sangre en pacientes con COVID-19.<\/p>\n<p>El primer autor conjunto, el Dr. Ross Paterson (UCL Queen Square Institute of Neurology) dijo: \u00abDado que la enfermedad solo ha existido durante unos meses, es posible que a\u00fan no sepamos qu\u00e9 da\u00f1o a largo plazo puede causar Covid-19.<\/p>\n<p>\u00abLos m\u00e9dicos deben ser consciente de los posibles efectos neurol\u00f3gicos, ya que el diagn\u00f3stico temprano puede mejorar los resultados del paciente. Las personas que se recuperan del virus deben buscar asesoramiento m\u00e9dico profesional si experimentan s\u00edntomas neurol\u00f3gicos\u00bb, agreg\u00f3.<\/p>\n<p>La primera autora conjunta, la Dra. Rachel Brown (Instituto de Neurolog\u00eda Queen Square de UCL e Infecci\u00f3n e Inmunidad de UCL) dijo: \u00bb Nuestro estudio avanza en la comprensi\u00f3n de las diferentes formas en que el covid-19 puede afectar el cerebro, lo que ser\u00e1 de suma importancia en el esfuerzo colectivo para apoyar y manejar a los pacientes en su tratamiento y recuperaci\u00f3n\u00bb.<\/p>\n<p>El autor principal conjunto, el Dr. Hadi Manji dijo: \u00abNuestro estudio fusiona, por primera vez, las presentaciones cl\u00ednicas de pacientes con enfermedad neurol\u00f3gica Covid-19 con resonancia magn\u00e9tica y caracter\u00edsticas de laboratorio que incluyen, en un caso, una biopsia cerebral.<\/p>\n<p>\u00abEsto ahora establece una plantilla para otros investigadores de todo el mundo, facilitando la investigaci\u00f3n coordinada para optimizar el diagn\u00f3stico y los tratamientos de estas complicaciones, lo que hasta la fecha ha resultado dif\u00edcil. Adem\u00e1s, los pacientes requerir\u00e1n un seguimiento a largo plazo\u00bb. <\/p>\n<p>Explore m\u00e1s<\/p>\n<p> Siga las \u00faltimas noticias sobre el brote de coronavirus (COVID-19) <strong>M\u00e1s informaci\u00f3n:<\/strong> Brain (2020). DOI: 10.1093\/brain\/awaa240 <strong>Informaci\u00f3n de la revista:<\/strong> Cerebro <\/p>\n<p> Proporcionado por University College London <strong>Cita<\/strong>: Aumento del delirio, inflamaci\u00f3n cerebral rara y accidente cerebrovascular relacionado con COVID-19 (7 de julio de 2020) recuperado el 31 de agosto de 2022 de https:\/\/medicalxpress.com\/news\/2020-07-delirium-rare-brain-inflammation-linked.html Este documento est\u00e1 sujeto a derechos de autor. Aparte de cualquier trato justo con fines de estudio o investigaci\u00f3n privados, ninguna parte puede reproducirse sin el permiso por escrito. El contenido se proporciona \u00fanicamente con fines informativos.<\/p>\n","protected":false},"excerpt":{"rendered":"<p>Esta imagen de microscopio electr\u00f3nico de transmisi\u00f3n muestra el SARS-CoV-2, tambi\u00e9n conocido como 2019-nCoV, el virus que causa el COVID-19, aislado de un paciente en los EE.UU. Se muestran part\u00edculas de virus emergiendo de la superficie de las c\u00e9lulas cultivadas en el laboratorio. Los picos en el borde exterior de las part\u00edculas de virus dan &hellip; <a href=\"https:\/\/www.biblia.work\/articulos-salud\/aumento-del-delirio-inflamacion-cerebral-rara-y-accidente-cerebrovascular-relacionado-con-el-covid-19\/\" class=\"more-link\">Continuar leyendo<span class=\"screen-reader-text\"> \u00abAumento del delirio, inflamaci\u00f3n cerebral rara y accidente cerebrovascular relacionado con el COVID-19\u00bb<\/span><\/a><\/p>\n","protected":false},"author":1,"featured_media":0,"comment_status":"","ping_status":"","sticky":false,"template":"","format":"standard","meta":{"footnotes":""},"categories":[1],"tags":[],"class_list":["post-32809","post","type-post","status-publish","format-standard","hentry","category-general"],"_links":{"self":[{"href":"https:\/\/www.biblia.work\/articulos-salud\/wp-json\/wp\/v2\/posts\/32809","targetHints":{"allow":["GET"]}}],"collection":[{"href":"https:\/\/www.biblia.work\/articulos-salud\/wp-json\/wp\/v2\/posts"}],"about":[{"href":"https:\/\/www.biblia.work\/articulos-salud\/wp-json\/wp\/v2\/types\/post"}],"author":[{"embeddable":true,"href":"https:\/\/www.biblia.work\/articulos-salud\/wp-json\/wp\/v2\/users\/1"}],"replies":[{"embeddable":true,"href":"https:\/\/www.biblia.work\/articulos-salud\/wp-json\/wp\/v2\/comments?post=32809"}],"version-history":[{"count":0,"href":"https:\/\/www.biblia.work\/articulos-salud\/wp-json\/wp\/v2\/posts\/32809\/revisions"}],"wp:attachment":[{"href":"https:\/\/www.biblia.work\/articulos-salud\/wp-json\/wp\/v2\/media?parent=32809"}],"wp:term":[{"taxonomy":"category","embeddable":true,"href":"https:\/\/www.biblia.work\/articulos-salud\/wp-json\/wp\/v2\/categories?post=32809"},{"taxonomy":"post_tag","embeddable":true,"href":"https:\/\/www.biblia.work\/articulos-salud\/wp-json\/wp\/v2\/tags?post=32809"}],"curies":[{"name":"wp","href":"https:\/\/api.w.org\/{rel}","templated":true}]}}