{"id":32817,"date":"2022-08-31T20:13:20","date_gmt":"2022-09-01T01:13:20","guid":{"rendered":"https:\/\/www.biblia.work\/articulos-salud\/el-asma-no-parece-aumentar-la-gravedad-de-la-covid-19\/"},"modified":"2022-08-31T20:13:20","modified_gmt":"2022-09-01T01:13:20","slug":"el-asma-no-parece-aumentar-la-gravedad-de-la-covid-19","status":"publish","type":"post","link":"https:\/\/www.biblia.work\/articulos-salud\/el-asma-no-parece-aumentar-la-gravedad-de-la-covid-19\/","title":{"rendered":"El asma no parece aumentar la gravedad de la COVID-19"},"content":{"rendered":"<p>Cr\u00e9dito: CC0 Public Domain <\/p>\n<p>El asma no parece aumentar el riesgo de que una persona contraiga la COVID-19 ni influye en su gravedad, seg\u00fan un equipo de investigadores de Rutgers . <\/p>\n<p>\u00abLa edad avanzada y afecciones como enfermedades card\u00edacas, presi\u00f3n arterial alta, enfermedad pulmonar obstructiva cr\u00f3nica, diabetes y obesidad son factores de riesgo informados para el desarrollo y la progresi\u00f3n de la COVID-19\u00bb, dijo Reynold A. Panettieri Jr., m\u00e9dico pulmonar m\u00e9dico de cuidados intensivos y director del Rutgers Institute for Translational Medicine and Science y coautor de un art\u00edculo publicado en el Journal of Allergy and Clinical Immunology. \u00abSin embargo, las personas con asma, incluso aquellas con funci\u00f3n pulmonar disminuida que reciben tratamiento para controlar la inflamaci\u00f3n asm\u00e1tica, no parecen verse m\u00e1s afectadas por el SARS-CoV-2 que una persona no asm\u00e1tica. Hay datos limitados sobre por qu\u00e9 este es el caso, si es que es as\u00ed\u00bb. fisiol\u00f3gico o como resultado del tratamiento para controlar la inflamaci\u00f3n\u00bb.<\/p>\n<p>Panettieri analiza lo que sabemos sobre el asma y la inflamaci\u00f3n y las preguntas importantes que a\u00fan deben responderse.<\/p>\n<p>\u00bfC\u00f3mo podr\u00eda la conciencia del SARS-CoV-2 afecta la salud de las personas con asma?<\/p>\n<p>Dado que las noticias han centrado nuestra atenci\u00f3n en los efectos del COVID-19 en las personas de poblaciones vulnerables, las personas con asma pueden volverse hipervigilantes sobre higiene personal y distanciamiento social. El distanciamiento social podr\u00eda mejorar el control del asma, ya que las personas que est\u00e1n en cuarentena tampoco est\u00e1n tan expuestas a los desencadenantes estacionales que incluyen al\u00e9rgenos o virus respiratorios. Tambi\u00e9n hay evidencia de que las personas est\u00e1n m\u00e1s atentas a tomar sus medicamentos para el asma durante la pandemia, lo que puede contribuir a la salud general.<\/p>\n<p>\u00bfQu\u00e9 efecto podr\u00edan tener los esteroides inhalados en los resultados de COVID-19?<\/p>\n<p>Los corticosteroides inhalados, que se usan com\u00fanmente para proteger contra los ataques de asma, tambi\u00e9n pueden reducir la capacidad del virus para establecer una infecci\u00f3n. Sin embargo, los estudios han demostrado que los esteroides pueden disminuir la respuesta inmunitaria del cuerpo y empeorar la respuesta inflamatoria. Tambi\u00e9n se ha demostrado que los esteroides retrasan la eliminaci\u00f3n del virus SARS y MERS similar al SARS-CoV-2 del tracto respiratorio y, por lo tanto, pueden empeorar los resultados de COVID-19. Los estudios futuros deben abordar si los esteroides inhalados en pacientes con asma o alergias aumentan o disminuyen los riesgos de infecci\u00f3n por SARS-CoV-2, y si estos efectos son diferentes seg\u00fan el tipo de esteroide.<\/p>\n<p>\u00bfDe qu\u00e9 manera la edad \u00bfjuega un papel en c\u00f3mo los pacientes con asma reaccionan a la exposici\u00f3n al virus?<\/p>\n<p>La susceptibilidad y la gravedad de una persona a la infecci\u00f3n por COVID-19 aumentan con la edad. Sin embargo, dado que los pacientes de asma tienden a ser m\u00e1s j\u00f3venes que aquellos con condiciones de alto riesgo informadas, los estudios ajustados por edad podr\u00edan ayudarnos a comprender mejor si la edad es un factor que explica por qu\u00e9 los pacientes de asma pueden no tener un mayor riesgo de infecci\u00f3n.<\/p>\n<p>Los ni\u00f1os y adultos j\u00f3venes con asma sufren principalmente de inflamaci\u00f3n al\u00e9rgica, mientras que los adultos mayores que experimentan el mismo tipo de inflamaci\u00f3n de las v\u00edas respiratorias tambi\u00e9n pueden sufrir de asma eosinof\u00edlica, una forma m\u00e1s grave. En estos casos, las personas experimentan niveles anormalmente altos de un tipo de gl\u00f3bulo blanco que ayuda al cuerpo a combatir las infecciones, lo que puede causar inflamaci\u00f3n en las v\u00edas respiratorias, los senos paranasales, las fosas nasales y el tracto respiratorio inferior, lo que podr\u00eda aumentar el riesgo de sufrir un caso grave. de COVID-19.<\/p>\n<p>Adem\u00e1s, una enzima adherida a las membranas celulares de los pulmones, las arterias, el coraz\u00f3n, los ri\u00f1ones y los intestinos que ha demostrado ser un punto de entrada del SARS-CoV-2 a las c\u00e9lulas aumenta en respuesta al virus. Tambi\u00e9n se cree que esta enzima es beneficiosa para eliminar otros virus respiratorios, especialmente en los ni\u00f1os. Todav\u00eda no est\u00e1 claro c\u00f3mo esta enzima afecta la capacidad del SARS-CoV-2 para infectar a las personas con asma.<\/p>\n<p>\u00bfC\u00f3mo podr\u00edan otras condiciones, adem\u00e1s del asma, afectar el riesgo de infecci\u00f3n de una persona?<\/p>\n<p>Asma tiende a asociarse con muchas menos afecciones que la enfermedad pulmonar obstructiva cr\u00f3nica o la enfermedad cardiovascular. Si el SARS-CoV-2 es una enfermedad que causa disfunci\u00f3n en las c\u00e9lulas que recubren los vasos sangu\u00edneos de todo el cuerpo, entonces la diabetes, las enfermedades card\u00edacas, la obesidad y otras enfermedades asociadas con esta afecci\u00f3n pueden hacer que las personas sean m\u00e1s susceptibles al virus que las personas asm\u00e1ticas. . Sin embargo, las personas mayores con asma que tambi\u00e9n tienen presi\u00f3n arterial alta, diabetes o enfermedades card\u00edacas pueden tener casos similares de COVID-19 que las personas no asm\u00e1ticas con esas afecciones. <\/p>\n<p>Explore m\u00e1s<\/p>\n<p> El asma no es un factor de riesgo para empeorar la COVID-19: estudio <strong>M\u00e1s informaci\u00f3n:<\/strong> Reynold A. Panettieri et al, Asthma and COVID: What Are the Important Questions? , The Journal of Allergy and Clinical Immunology: In Practice (2020). DOI: 10.1016\/j.jaip.2020.06.008 <strong>Informaci\u00f3n de la revista:<\/strong> Journal of Allergy and Clinical Immunology <\/p>\n<p> Proporcionado por la Universidad de Rutgers <strong>Cita<\/strong>: El asma no parece aumentar the severity of COVID-19 (6 de julio de 2020) recuperado el 31 de agosto de 2022 de https:\/\/medicalxpress.com\/news\/2020-07-asthma-severity-covid-.html Este documento est\u00e1 sujeto a derechos de autor. Aparte de cualquier trato justo con fines de estudio o investigaci\u00f3n privados, ninguna parte puede reproducirse sin el permiso por escrito. El contenido se proporciona \u00fanicamente con fines informativos.<\/p>\n","protected":false},"excerpt":{"rendered":"<p>Cr\u00e9dito: CC0 Public Domain El asma no parece aumentar el riesgo de que una persona contraiga la COVID-19 ni influye en su gravedad, seg\u00fan un equipo de investigadores de Rutgers . \u00abLa edad avanzada y afecciones como enfermedades card\u00edacas, presi\u00f3n arterial alta, enfermedad pulmonar obstructiva cr\u00f3nica, diabetes y obesidad son factores de riesgo informados para &hellip; <a href=\"https:\/\/www.biblia.work\/articulos-salud\/el-asma-no-parece-aumentar-la-gravedad-de-la-covid-19\/\" class=\"more-link\">Continuar leyendo<span class=\"screen-reader-text\"> \u00abEl asma no parece aumentar la gravedad de la COVID-19\u00bb<\/span><\/a><\/p>\n","protected":false},"author":1,"featured_media":0,"comment_status":"","ping_status":"","sticky":false,"template":"","format":"standard","meta":{"footnotes":""},"categories":[1],"tags":[],"class_list":["post-32817","post","type-post","status-publish","format-standard","hentry","category-general"],"_links":{"self":[{"href":"https:\/\/www.biblia.work\/articulos-salud\/wp-json\/wp\/v2\/posts\/32817","targetHints":{"allow":["GET"]}}],"collection":[{"href":"https:\/\/www.biblia.work\/articulos-salud\/wp-json\/wp\/v2\/posts"}],"about":[{"href":"https:\/\/www.biblia.work\/articulos-salud\/wp-json\/wp\/v2\/types\/post"}],"author":[{"embeddable":true,"href":"https:\/\/www.biblia.work\/articulos-salud\/wp-json\/wp\/v2\/users\/1"}],"replies":[{"embeddable":true,"href":"https:\/\/www.biblia.work\/articulos-salud\/wp-json\/wp\/v2\/comments?post=32817"}],"version-history":[{"count":0,"href":"https:\/\/www.biblia.work\/articulos-salud\/wp-json\/wp\/v2\/posts\/32817\/revisions"}],"wp:attachment":[{"href":"https:\/\/www.biblia.work\/articulos-salud\/wp-json\/wp\/v2\/media?parent=32817"}],"wp:term":[{"taxonomy":"category","embeddable":true,"href":"https:\/\/www.biblia.work\/articulos-salud\/wp-json\/wp\/v2\/categories?post=32817"},{"taxonomy":"post_tag","embeddable":true,"href":"https:\/\/www.biblia.work\/articulos-salud\/wp-json\/wp\/v2\/tags?post=32817"}],"curies":[{"name":"wp","href":"https:\/\/api.w.org\/{rel}","templated":true}]}}