{"id":32831,"date":"2022-08-31T20:14:06","date_gmt":"2022-09-01T01:14:06","guid":{"rendered":"https:\/\/www.biblia.work\/articulos-salud\/video-la-contaminacion-del-aire-esta-relacionada-con-el-covid-19\/"},"modified":"2022-08-31T20:14:06","modified_gmt":"2022-09-01T01:14:06","slug":"video-la-contaminacion-del-aire-esta-relacionada-con-el-covid-19","status":"publish","type":"post","link":"https:\/\/www.biblia.work\/articulos-salud\/video-la-contaminacion-del-aire-esta-relacionada-con-el-covid-19\/","title":{"rendered":"Video: \u00bfLa contaminaci\u00f3n del aire est\u00e1 relacionada con el COVID-19?"},"content":{"rendered":"<p>Cr\u00e9dito: Pixabay\/CC0 Dominio p\u00fablico <\/p>\n<p>Los pacientes con afecciones respiratorias existentes corren el riesgo de desarrollar casos m\u00e1s graves de COVID-19. Hay muchos factores que pueden contribuir a las afecciones respiratorias, incluidos factores gen\u00e9ticos, comportamientos como fumar y caracter\u00edsticas ambientales como la calidad del aire. <\/p>\n<p>Sin embargo, no podemos cuantificar el impacto directo de la contaminaci\u00f3n del aire en el COVID-19. En muchas \u00e1reas con altos niveles de contaminaci\u00f3n del aire y grandes brotes de COVID-19, tambi\u00e9n vemos una serie de factores de confusi\u00f3n, como la alta densidad de poblaci\u00f3n, que conduce a una mayor transmisi\u00f3n entre personas y brotes m\u00e1s grandes.<\/p>\n<p>Explorar m\u00e1s<\/p>\n<p> EPOC y tabaquismo asociados con una mayor mortalidad por COVID-19: estudio Proporcionado por la Universidad Estatal de Pensilvania <strong>Cita<\/strong>: Video: \u00bfLa contaminaci\u00f3n del aire est\u00e1 relacionada con COVID-19? (6 de julio de 2020) recuperado el 31 de agosto de 2022 de https:\/\/medicalxpress.com\/news\/2020-07-video-air-pollution-covid-.html Este documento est\u00e1 sujeto a derechos de autor. Aparte de cualquier trato justo con fines de estudio o investigaci\u00f3n privados, ninguna parte puede reproducirse sin el permiso por escrito. El contenido se proporciona \u00fanicamente con fines informativos.<\/p>\n","protected":false},"excerpt":{"rendered":"<p>Cr\u00e9dito: Pixabay\/CC0 Dominio p\u00fablico Los pacientes con afecciones respiratorias existentes corren el riesgo de desarrollar casos m\u00e1s graves de COVID-19. Hay muchos factores que pueden contribuir a las afecciones respiratorias, incluidos factores gen\u00e9ticos, comportamientos como fumar y caracter\u00edsticas ambientales como la calidad del aire. Sin embargo, no podemos cuantificar el impacto directo de la contaminaci\u00f3n &hellip; <a href=\"https:\/\/www.biblia.work\/articulos-salud\/video-la-contaminacion-del-aire-esta-relacionada-con-el-covid-19\/\" class=\"more-link\">Continuar leyendo<span class=\"screen-reader-text\"> \u00abVideo: \u00bfLa contaminaci\u00f3n del aire est\u00e1 relacionada con el COVID-19?\u00bb<\/span><\/a><\/p>\n","protected":false},"author":1,"featured_media":0,"comment_status":"","ping_status":"","sticky":false,"template":"","format":"standard","meta":{"footnotes":""},"categories":[1],"tags":[],"class_list":["post-32831","post","type-post","status-publish","format-standard","hentry","category-general"],"_links":{"self":[{"href":"https:\/\/www.biblia.work\/articulos-salud\/wp-json\/wp\/v2\/posts\/32831","targetHints":{"allow":["GET"]}}],"collection":[{"href":"https:\/\/www.biblia.work\/articulos-salud\/wp-json\/wp\/v2\/posts"}],"about":[{"href":"https:\/\/www.biblia.work\/articulos-salud\/wp-json\/wp\/v2\/types\/post"}],"author":[{"embeddable":true,"href":"https:\/\/www.biblia.work\/articulos-salud\/wp-json\/wp\/v2\/users\/1"}],"replies":[{"embeddable":true,"href":"https:\/\/www.biblia.work\/articulos-salud\/wp-json\/wp\/v2\/comments?post=32831"}],"version-history":[{"count":0,"href":"https:\/\/www.biblia.work\/articulos-salud\/wp-json\/wp\/v2\/posts\/32831\/revisions"}],"wp:attachment":[{"href":"https:\/\/www.biblia.work\/articulos-salud\/wp-json\/wp\/v2\/media?parent=32831"}],"wp:term":[{"taxonomy":"category","embeddable":true,"href":"https:\/\/www.biblia.work\/articulos-salud\/wp-json\/wp\/v2\/categories?post=32831"},{"taxonomy":"post_tag","embeddable":true,"href":"https:\/\/www.biblia.work\/articulos-salud\/wp-json\/wp\/v2\/tags?post=32831"}],"curies":[{"name":"wp","href":"https:\/\/api.w.org\/{rel}","templated":true}]}}