{"id":32835,"date":"2022-08-31T20:14:19","date_gmt":"2022-09-01T01:14:19","guid":{"rendered":"https:\/\/www.biblia.work\/articulos-salud\/innegablemente-victoria-se-encuentra-en-una-segunda-ola-de-covid-19-y-es-hora-de-planificar-otro-cierre-estatal\/"},"modified":"2022-08-31T20:14:19","modified_gmt":"2022-09-01T01:14:19","slug":"innegablemente-victoria-se-encuentra-en-una-segunda-ola-de-covid-19-y-es-hora-de-planificar-otro-cierre-estatal","status":"publish","type":"post","link":"https:\/\/www.biblia.work\/articulos-salud\/innegablemente-victoria-se-encuentra-en-una-segunda-ola-de-covid-19-y-es-hora-de-planificar-otro-cierre-estatal\/","title":{"rendered":"Innegablemente, Victoria se encuentra en una segunda ola de COVID-19, y es hora de planificar otro cierre estatal"},"content":{"rendered":"<p>Cr\u00e9dito: Departamento de Salud y Servicios Humanos, Victoria <\/p>\n<p>Victoria registr\u00f3 su mayor aumento diario de 127 nuevos casos de COVID-19 el lunes, 16 m\u00e1s que el pico anterior de 111 casos el 28 de marzo. <\/p>\n<p>Como escrib\u00ed recientemente, no hay una definici\u00f3n formal de lo que constituye una segunda ola, pero una definici\u00f3n razonable podr\u00eda ser el regreso de un brote donde el n\u00famero de los nuevos casos diarios alcanzan un pico tan alto o m\u00e1s alto que el original.<\/p>\n<p>Seg\u00fan esa definici\u00f3n, una segunda ola ha llegado a Victoria. Entonces, \u00bfpor qu\u00e9 el estado no ha vuelto a estar bloqueado?<\/p>\n<p>\u00bfQu\u00e9 se puede hacer para controlar el brote?<\/p>\n<p>La estrategia actual de pruebas masivas y campa\u00f1as de informaci\u00f3n en \u00e1reas cr\u00edticas, y poner en cuarentena bloques de pisos enteros, puede que no est\u00e9 funcionando. Independientemente, ahora est\u00e1n apareciendo casos fuera de las \u00e1reas de puntos cr\u00edticos, entre personas que probablemente estaban infectadas antes de que se implementaran las \u00faltimas medidas.<\/p>\n<p>El gobierno de Victoria ahora debe considerar seriamente volver a las restricciones de bloqueo de la Etapa 3 en todo el estado. Seg\u00fan estas reglas, solo hay cuatro razones para salir de casa: comprar alimentos y suministros, cuidar y cuidar, hacer ejercicio y estudiar y trabajar si no se puede hacer desde casa. Y no se deben otorgar exenciones a las reglas de cuarentena.<\/p>\n<p>Las pruebas ya no deben ser una opci\u00f3n. Las personas en cuarentena de 14 d\u00edas deben hacerse la prueba el d\u00eda 11 y, si se niegan, deben pasar otros 14 d\u00edas de cuarentena. Romper la cuarentena deber\u00eda ser una ofensa grave.<\/p>\n<p>Se necesita una comunicaci\u00f3n mucho mejor para explicar por qu\u00e9 estas medidas son esenciales, y las autoridades sanitarias deben asegurarse de que sus mensajes tambi\u00e9n lleguen a aquellos que no hablan ingl\u00e9s como primer idioma.<\/p>\n<p>Se debe alentar a las personas a usar m\u00e1scaras faciales cuando est\u00e9n afuera. Cada vez hay m\u00e1s evidencia de que son efectivos en \u00e1reas de alta transmisi\u00f3n.<\/p>\n<p>Se debe hacer mucho m\u00e1s para educar al p\u00fablico sobre las compras de p\u00e1nico. Si es necesario, el personal de las Fuerzas de Defensa de Australia podr\u00eda usarse para entregar alimentos y suministros esenciales a las personas en alto riesgo, y ayudar con la log\u00edstica.<\/p>\n<p>El cierre recientemente anunciado de la frontera entre Nueva Gales del Sur y Victoria es bienvenido, y probablemente atrasado. Se produce despu\u00e9s de que un viajero que regres\u00f3 y se puso en cuarentena en Melbourne dio positivo al virus despu\u00e9s de trabajar en un Woolworths en Sydney.<\/p>\n<p>Algunas personas que viven en comunidades fronterizas recibir\u00e1n una exenci\u00f3n de este cierre, incluidas aquellas cuya salud m\u00e1s cercana proveedor o lugar de trabajo est\u00e1 al otro lado de la frontera. Se espera que sean monitoreados de cerca y evaluados regularmente.<\/p>\n<p>Finalmente, todos los dem\u00e1s estados y territorios deben unirse para ayudar a Victoria. A todos nos interesa derrotar este brote.<\/p>\n<p>\u00bfHacia d\u00f3nde vamos ahora?<\/p>\n<p>En este momento, la situaci\u00f3n no est\u00e1 clara. Los casos diarios a\u00fan podr\u00edan aumentar r\u00e1pidamente, o podr\u00edamos haber alcanzado el pico y podr\u00edamos comenzar a ver que los casos disminuyen. Sin embargo, la cantidad de casos nuevos cada d\u00eda no es necesariamente el factor cr\u00edtico. M\u00e1s importante es el n\u00famero diario de nuevas infecciones adquiridas en la comunidad. Debido a que no tenemos idea de d\u00f3nde se infectaron estas personas, es muy dif\u00edcil controlar la situaci\u00f3n. <\/p>\n<p>Otros casos no son una amenaza importante ya que es posible contenerlos con cuarentena y rastreo de contactos. Si es necesario, se puede traer f\u00e1cilmente personal adicional con experiencia en el rastreo de contactos de otros estados.<\/p>\n<p>La primera ola epid\u00e9mica se control\u00f3 mediante la imposici\u00f3n de severas restricciones. Desafortunadamente, la historia podr\u00eda tener que repetirse. <\/p>\n<p>Explore m\u00e1s<\/p>\n<p> Siga las \u00faltimas noticias sobre el brote de coronavirus (COVID-19) Proporcionado por The Conversation <\/p>\n<p> Este art\u00edculo se vuelve a publicar de The Conversation bajo una licencia Creative Commons. Lea el art\u00edculo original. <\/p>\n<p> <strong>Cita<\/strong>: Victoria est\u00e1 innegablemente en una segunda ola de COVID-19, y es hora de planificar otro cierre estatal (6 de julio de 2020) consultado el 31 de agosto de 2022 de https:\/\/medicalxpress .com\/news\/2020-07-victoria-undeniably-covid-statewide-lockdown.html Este documento est\u00e1 sujeto a derechos de autor. Aparte de cualquier trato justo con fines de estudio o investigaci\u00f3n privados, ninguna parte puede reproducirse sin el permiso por escrito. El contenido se proporciona \u00fanicamente con fines informativos.<\/p>\n","protected":false},"excerpt":{"rendered":"<p>Cr\u00e9dito: Departamento de Salud y Servicios Humanos, Victoria Victoria registr\u00f3 su mayor aumento diario de 127 nuevos casos de COVID-19 el lunes, 16 m\u00e1s que el pico anterior de 111 casos el 28 de marzo. Como escrib\u00ed recientemente, no hay una definici\u00f3n formal de lo que constituye una segunda ola, pero una definici\u00f3n razonable podr\u00eda &hellip; <a href=\"https:\/\/www.biblia.work\/articulos-salud\/innegablemente-victoria-se-encuentra-en-una-segunda-ola-de-covid-19-y-es-hora-de-planificar-otro-cierre-estatal\/\" class=\"more-link\">Continuar leyendo<span class=\"screen-reader-text\"> \u00abInnegablemente, Victoria se encuentra en una segunda ola de COVID-19, y es hora de planificar otro cierre estatal\u00bb<\/span><\/a><\/p>\n","protected":false},"author":1,"featured_media":0,"comment_status":"","ping_status":"","sticky":false,"template":"","format":"standard","meta":{"footnotes":""},"categories":[1],"tags":[],"class_list":["post-32835","post","type-post","status-publish","format-standard","hentry","category-general"],"_links":{"self":[{"href":"https:\/\/www.biblia.work\/articulos-salud\/wp-json\/wp\/v2\/posts\/32835","targetHints":{"allow":["GET"]}}],"collection":[{"href":"https:\/\/www.biblia.work\/articulos-salud\/wp-json\/wp\/v2\/posts"}],"about":[{"href":"https:\/\/www.biblia.work\/articulos-salud\/wp-json\/wp\/v2\/types\/post"}],"author":[{"embeddable":true,"href":"https:\/\/www.biblia.work\/articulos-salud\/wp-json\/wp\/v2\/users\/1"}],"replies":[{"embeddable":true,"href":"https:\/\/www.biblia.work\/articulos-salud\/wp-json\/wp\/v2\/comments?post=32835"}],"version-history":[{"count":0,"href":"https:\/\/www.biblia.work\/articulos-salud\/wp-json\/wp\/v2\/posts\/32835\/revisions"}],"wp:attachment":[{"href":"https:\/\/www.biblia.work\/articulos-salud\/wp-json\/wp\/v2\/media?parent=32835"}],"wp:term":[{"taxonomy":"category","embeddable":true,"href":"https:\/\/www.biblia.work\/articulos-salud\/wp-json\/wp\/v2\/categories?post=32835"},{"taxonomy":"post_tag","embeddable":true,"href":"https:\/\/www.biblia.work\/articulos-salud\/wp-json\/wp\/v2\/tags?post=32835"}],"curies":[{"name":"wp","href":"https:\/\/api.w.org\/{rel}","templated":true}]}}