{"id":32845,"date":"2022-08-31T20:14:50","date_gmt":"2022-09-01T01:14:50","guid":{"rendered":"https:\/\/www.biblia.work\/articulos-salud\/kosovo-impone-toque-de-queda-a-medida-que-aumentan-las-infecciones-por-coronavirus\/"},"modified":"2022-08-31T20:14:50","modified_gmt":"2022-09-01T01:14:50","slug":"kosovo-impone-toque-de-queda-a-medida-que-aumentan-las-infecciones-por-coronavirus","status":"publish","type":"post","link":"https:\/\/www.biblia.work\/articulos-salud\/kosovo-impone-toque-de-queda-a-medida-que-aumentan-las-infecciones-por-coronavirus\/","title":{"rendered":"Kosovo impone toque de queda a medida que aumentan las infecciones por coronavirus"},"content":{"rendered":"<p>Cr\u00e9dito: CC0 Dominio p\u00fablico <\/p>\n<p>El lunes, el gobierno de Kosovo volvi\u00f3 a imponer toques de queda nocturnos en la capital, Pristina, y en otras tres ciudades en un intento por frenar el aumento de infecciones por coronavirus en la naci\u00f3n balc\u00e1nica. <\/p>\n<p>El pa\u00eds de 1,8 millones de habitantes ha registrado alrededor de 3.500 contagios conocidos y 75 muertes por la enfermedad respiratoria.<\/p>\n<p>\u00abCualquier movimiento de personas fuera de sus casas est\u00e1 prohibido\u00bb debido al toque de queda impuesto en localidades con la mayor n\u00famero de infecciones, dijo un comunicado del gobierno.<\/p>\n<p>No se permitir\u00e1 que las personas salgan al exterior entre las 9:00 p. m. y las 5:00 a. m. del d\u00eda siguiente, dijo.<\/p>\n<p>Kosovo, cuyo sistema de salud mal equipado no est\u00e1 preparado para una emergencia mayor, introdujo toques de queda en todo el territorio en marzo.<\/p>\n<p>Las restricciones se levantaron a principios de junio.<\/p>\n<p>El lunes, el gobierno tambi\u00e9n orden\u00f3 y el sector privado para reducir temporalmente el n\u00famero de empleados \u00absolo hasta el nivel de personal necesario\u00bb.<\/p>\n<p>Los restaurantes y bares en todo Kosovo tendr\u00e1n que cerrar temprano y limitar sus servicios a terrazas y otros espacios al aire libre \u00fanicamente .<\/p>\n<p>\u00abEstamos haciendo todo lo posible para manejar la situaci\u00f3n\u00bb, dijo el primer ministro Avdullah Hoti a los periodistas.<\/p>\n<p>Los primeros ministros ter dijo que no dudar\u00eda en declarar el estado de emergencia si los expertos en salud sugieren la medida.<\/p>\n<p>Desde principios de junio, los pa\u00edses balc\u00e1nicos tienen una tasa m\u00e1s alta de infecciones, con hasta m\u00e1s de 300 diarios en Serbia. <\/p>\n<p>Explore m\u00e1s<\/p>\n<p> Siga las \u00faltimas noticias sobre el brote de coronavirus (COVID-19) <\/p>\n<p> 2020 AFP <\/p>\n<p> <strong>Cita<\/strong>: Kosovo impone toque de queda a medida que aumentan las infecciones por coronavirus (2020, 6 de julio) recuperado el 31 de agosto de 2022 de https:\/\/medicalxpress.com\/news\/2020-07-kosovo-imposes-curfew-coronavirus-infections.html Este documento est\u00e1 sujeto a derechos de autor. Aparte de cualquier trato justo con fines de estudio o investigaci\u00f3n privados, ninguna parte puede reproducirse sin el permiso por escrito. El contenido se proporciona \u00fanicamente con fines informativos.<\/p>\n","protected":false},"excerpt":{"rendered":"<p>Cr\u00e9dito: CC0 Dominio p\u00fablico El lunes, el gobierno de Kosovo volvi\u00f3 a imponer toques de queda nocturnos en la capital, Pristina, y en otras tres ciudades en un intento por frenar el aumento de infecciones por coronavirus en la naci\u00f3n balc\u00e1nica. El pa\u00eds de 1,8 millones de habitantes ha registrado alrededor de 3.500 contagios conocidos &hellip; <a href=\"https:\/\/www.biblia.work\/articulos-salud\/kosovo-impone-toque-de-queda-a-medida-que-aumentan-las-infecciones-por-coronavirus\/\" class=\"more-link\">Continuar leyendo<span class=\"screen-reader-text\"> \u00abKosovo impone toque de queda a medida que aumentan las infecciones por coronavirus\u00bb<\/span><\/a><\/p>\n","protected":false},"author":1,"featured_media":0,"comment_status":"","ping_status":"","sticky":false,"template":"","format":"standard","meta":{"footnotes":""},"categories":[1],"tags":[],"class_list":["post-32845","post","type-post","status-publish","format-standard","hentry","category-general"],"_links":{"self":[{"href":"https:\/\/www.biblia.work\/articulos-salud\/wp-json\/wp\/v2\/posts\/32845","targetHints":{"allow":["GET"]}}],"collection":[{"href":"https:\/\/www.biblia.work\/articulos-salud\/wp-json\/wp\/v2\/posts"}],"about":[{"href":"https:\/\/www.biblia.work\/articulos-salud\/wp-json\/wp\/v2\/types\/post"}],"author":[{"embeddable":true,"href":"https:\/\/www.biblia.work\/articulos-salud\/wp-json\/wp\/v2\/users\/1"}],"replies":[{"embeddable":true,"href":"https:\/\/www.biblia.work\/articulos-salud\/wp-json\/wp\/v2\/comments?post=32845"}],"version-history":[{"count":0,"href":"https:\/\/www.biblia.work\/articulos-salud\/wp-json\/wp\/v2\/posts\/32845\/revisions"}],"wp:attachment":[{"href":"https:\/\/www.biblia.work\/articulos-salud\/wp-json\/wp\/v2\/media?parent=32845"}],"wp:term":[{"taxonomy":"category","embeddable":true,"href":"https:\/\/www.biblia.work\/articulos-salud\/wp-json\/wp\/v2\/categories?post=32845"},{"taxonomy":"post_tag","embeddable":true,"href":"https:\/\/www.biblia.work\/articulos-salud\/wp-json\/wp\/v2\/tags?post=32845"}],"curies":[{"name":"wp","href":"https:\/\/api.w.org\/{rel}","templated":true}]}}