{"id":32861,"date":"2022-08-31T20:15:39","date_gmt":"2022-09-01T01:15:39","guid":{"rendered":"https:\/\/www.biblia.work\/articulos-salud\/las-complicaciones-de-la-covid-19-pueden-depender-del-factor-de-von-willebrand-en-la-sangre\/"},"modified":"2022-08-31T20:15:39","modified_gmt":"2022-09-01T01:15:39","slug":"las-complicaciones-de-la-covid-19-pueden-depender-del-factor-de-von-willebrand-en-la-sangre","status":"publish","type":"post","link":"https:\/\/www.biblia.work\/articulos-salud\/las-complicaciones-de-la-covid-19-pueden-depender-del-factor-de-von-willebrand-en-la-sangre\/","title":{"rendered":"Las complicaciones de la COVID-19 pueden depender del factor de von Willebrand en la sangre"},"content":{"rendered":"<p>Cr\u00e9dito: CC0 Public Domain <\/p>\n<p>Anna Aksenova, investigadora asociada s\u00e9nior del Laboratorio de Biolog\u00eda de Amiloide de la Universidad de San Petersburgo, ha propuesto la hip\u00f3tesis de que la El curso de COVID-19 puede estar asociado con el factor de von Willebrand, uno de los principales componentes del sistema de coagulaci\u00f3n de la sangre. Como sugiere el investigador, la replicaci\u00f3n del virus estimula el desarrollo de microda\u00f1o en las paredes de los vasos. En respuesta a esto, el cuerpo libera factor de von Willebrand en la sangre, tratando de \u00abparchar\u00bb los posibles agujeros. Como resultado, aumenta el riesgo de trombosis. Es con esta coagulaci\u00f3n que se asocia una parte importante de las muertes por COVID-19. <\/p>\n<p>Hoy en d\u00eda, m\u00e9dicos de todo el mundo informan que la nueva infecci\u00f3n por coronavirus COVID-19 ocurre en diferentes personas de maneras completamente diferentes. Las combinaciones de s\u00edntomas que son diferentes, que van desde la tos hasta los trastornos digestivos, dificultan el diagn\u00f3stico. Adem\u00e1s, los cient\u00edficos y los m\u00e9dicos a\u00fan no entienden por qu\u00e9 personas de la misma edad y con indicadores de salud comparables pueden transmitir la infecci\u00f3n de manera tan diferente: algunos requieren asistencia respiratoria para mantenerse con vida, mientras que otros no se sienten enfermos en absoluto. Una de las posibles causas de este fen\u00f3meno puede ser un nivel diferente de factor de von Willebrand (VWF) en la sangre de los pacientes.<\/p>\n<p>\u201cEsta prote\u00edna se sintetiza en las c\u00e9lulas endoteliales y las plaquetas, y su funci\u00f3n principal es forman un marco para la adhesi\u00f3n plaquetaria\u00bb, explica Anna Aksenova. \u00abHasta la fecha, la forma en que se regula el nivel de VWF en la sangre a\u00fan no se ha estudiado por completo. Sin embargo, se sabe que se almacena en c\u00e9lulas endoteliales vasculares en org\u00e1nulos especiales, donde se secreta en forma de mult\u00edmeros. Como Tan pronto como se produce alg\u00fan da\u00f1o en el vaso, para eliminarlo, se lanza una cascada de coagulabilidad de la sangre en el cuerpo, en la que el FvW toma parte activa\u00bb.<\/p>\n<p>El nivel y la actividad del FvW en la sangre en las personas puede ser diferente. Los valores m\u00e1s bajos est\u00e1n asociados con la enfermedad de von Willebrand. Es una enfermedad hereditaria de la sangre que se caracteriza por sangrado espont\u00e1neo. Adem\u00e1s, difiere notablemente entre las personas sanas. Por ejemplo, es mayor entre: los afroamericanos que entre los europeos; en hombres que en mujeres; en adultos que en ni\u00f1os; y en los ancianos que en las personas de mediana edad. Adem\u00e1s, los trabajos acad\u00e9micos han descrito la relaci\u00f3n entre el FVW y el grupo sangu\u00edneo: su nivel es m\u00e1s bajo entre las personas con el grupo sangu\u00edneo 0 y es m\u00e1s alto entre las del grupo sangu\u00edneo A. La diferente cantidad y actividad del FVW en personas con diferentes grupos sangu\u00edneos tiene una explicaci\u00f3n muy interesante. : esta prote\u00edna es modificada por cadenas de oligosac\u00e1ridos de determinantes antig\u00e9nicos del sistema AB0 (uno de los sistemas de grupos sangu\u00edneos), y esto afecta su estabilidad y actividad.<\/p>\n<p>Anteriormente se cre\u00eda que el nuevo tipo de coronavirus El SARS-CoV-2 afecta principalmente a los pulmones al unirse a los receptores ACE2 en la superficie de los alveolocitos (c\u00e9lulas que recubren los pulmones). Hoy en d\u00eda, cada vez hay m\u00e1s informaci\u00f3n de que algo similar ocurre con las c\u00e9lulas endoteliales de la superficie interna de los vasos sangu\u00edneos. Anna Aksenova explica que dado que el receptor ACE2 pertenece al sistema renina-angiotensina (regula la presi\u00f3n arterial), el virus no puede sino afectar los vasos sangu\u00edneos. Al parecer, es capaz de provocar una inflamaci\u00f3n local de las paredes de los vasos sangu\u00edneos y capilares. Esto da como resultado una mayor liberaci\u00f3n de VWF en la sangre, lo que, a su vez, provoca la coagulaci\u00f3n.<\/p>\n<p>\u00abEl s\u00edndrome de dificultad respiratoria aguda, que a menudo se desarrolla en pacientes con COVID-19, tambi\u00e9n puede estar asociado con VWF, \u00bb dijo Aksenova. \u00abHay estudios que usan el ejemplo de animales y personas modelo y sugieren: cuanto mayor sea el VWF, mayor ser\u00e1 la probabilidad de dificultad respiratoria. \u00bfPor qu\u00e9 sucede esto? Porque los capilares recorren los pulmones, y si se produce alg\u00fan evento tromb\u00f3tico all\u00ed, esto perjudica afecta las funciones de los tejidos. La producci\u00f3n excesiva de VWF puede conducir al desarrollo de trombosis, incluso en los capilares de los pulmones\u00bb.<\/p>\n<p>Adem\u00e1s, como se\u00f1ala Anna Aksenova, esta hip\u00f3tesis explica por qu\u00e9 el f\u00e1rmaco cloroquina, que es generalmente utilizado para tratar la malaria, en ensayos preliminares tambi\u00e9n ha demostrado eficacia en el tratamiento de COVID-19. El hecho es que la cloroquina afecta el proceso de autofagia en las c\u00e9lulas. Este proceso regula la secreci\u00f3n de ciertos factores en el entorno extracelular, incluida la secreci\u00f3n de VWF.<\/p>\n<p>\u00abCreo que el nivel y la actividad del VWF podr\u00edan ser importantes predictores de la morbilidad y mortalidad de COVID-19. Podr\u00eda tambi\u00e9n estar involucrado en el proceso de la enfermedad\u00bb, dijo Anna Aksenova. \u00abPara confirmar esta hip\u00f3tesis, es necesario llevar a cabo una investigaci\u00f3n exhaustiva y a gran escala sobre el nivel y la actividad del VWF en personas infectadas con SARS-CoV-2, que tienen un curso de infecci\u00f3n leve o grave\u00bb.<\/p>\n<p>En diferentes pa\u00edses del mundo, actualmente contin\u00faan saliendo trabajos acad\u00e9micos a favor de esta hip\u00f3tesis. Por ejemplo, recientemente ha habido informes de que el VWF aumenta significativamente en pacientes con COVID-19 grave que reciben ventilaci\u00f3n mec\u00e1nica o que tienen complicaciones tromboemb\u00f3licas. Adem\u00e1s, una investigaci\u00f3n rigurosa que utiliza GWAS (estudio de asociaci\u00f3n de todo el genoma) ha confirmado la asociaci\u00f3n de las complicaciones de COVID-19 con un locus que determina los grupos sangu\u00edneos AB0. Adem\u00e1s, las formas de reducir la cantidad de VWF en el plasma sangu\u00edneo para el tratamiento de las complicaciones de COVID-19 han comenzado a discutirse en la literatura cient\u00edfica. La atenci\u00f3n de los investigadores de todo el mundo ahora comienza a centrarse en el VWF, su papel en la COVID-19 y los nuevos reg\u00edmenes de tratamiento que tendr\u00e1n en cuenta las caracter\u00edsticas individuales del cuerpo humano asociadas con el factor de von Willebrand. <\/p>\n<p>Explore m\u00e1s<\/p>\n<p> Pulmones de pacientes fallecidos con COVID-19 muestran caracter\u00edsticas distintivas <strong>M\u00e1s informaci\u00f3n:<\/strong> Anna Yi. Aksenova, factor de von Willebrand y da\u00f1o endotelial: una posible asociaci\u00f3n con COVID-19, Gen\u00e9tica ecol\u00f3gica (2020). DOI: 10.17816\/ecogen33973 Proporcionado por la Universidad Estatal de St. Petersburg <strong>Cita<\/strong>: Las complicaciones de COVID-19 pueden depender del factor de von Willebrand en la sangre (2020, 6 de julio) recuperado el 31 de agosto de 2022 de https:\/\/ medicalxpress.com\/news\/2020-07-complications-covid-von-willebrand-factor.html Este documento est\u00e1 sujeto a derechos de autor. Aparte de cualquier trato justo con fines de estudio o investigaci\u00f3n privados, ninguna parte puede reproducirse sin el permiso por escrito. El contenido se proporciona \u00fanicamente con fines informativos.<\/p>\n","protected":false},"excerpt":{"rendered":"<p>Cr\u00e9dito: CC0 Public Domain Anna Aksenova, investigadora asociada s\u00e9nior del Laboratorio de Biolog\u00eda de Amiloide de la Universidad de San Petersburgo, ha propuesto la hip\u00f3tesis de que la El curso de COVID-19 puede estar asociado con el factor de von Willebrand, uno de los principales componentes del sistema de coagulaci\u00f3n de la sangre. Como sugiere &hellip; <a href=\"https:\/\/www.biblia.work\/articulos-salud\/las-complicaciones-de-la-covid-19-pueden-depender-del-factor-de-von-willebrand-en-la-sangre\/\" class=\"more-link\">Continuar leyendo<span class=\"screen-reader-text\"> \u00abLas complicaciones de la COVID-19 pueden depender del factor de von Willebrand en la sangre\u00bb<\/span><\/a><\/p>\n","protected":false},"author":1,"featured_media":0,"comment_status":"","ping_status":"","sticky":false,"template":"","format":"standard","meta":{"footnotes":""},"categories":[1],"tags":[],"class_list":["post-32861","post","type-post","status-publish","format-standard","hentry","category-general"],"_links":{"self":[{"href":"https:\/\/www.biblia.work\/articulos-salud\/wp-json\/wp\/v2\/posts\/32861","targetHints":{"allow":["GET"]}}],"collection":[{"href":"https:\/\/www.biblia.work\/articulos-salud\/wp-json\/wp\/v2\/posts"}],"about":[{"href":"https:\/\/www.biblia.work\/articulos-salud\/wp-json\/wp\/v2\/types\/post"}],"author":[{"embeddable":true,"href":"https:\/\/www.biblia.work\/articulos-salud\/wp-json\/wp\/v2\/users\/1"}],"replies":[{"embeddable":true,"href":"https:\/\/www.biblia.work\/articulos-salud\/wp-json\/wp\/v2\/comments?post=32861"}],"version-history":[{"count":0,"href":"https:\/\/www.biblia.work\/articulos-salud\/wp-json\/wp\/v2\/posts\/32861\/revisions"}],"wp:attachment":[{"href":"https:\/\/www.biblia.work\/articulos-salud\/wp-json\/wp\/v2\/media?parent=32861"}],"wp:term":[{"taxonomy":"category","embeddable":true,"href":"https:\/\/www.biblia.work\/articulos-salud\/wp-json\/wp\/v2\/categories?post=32861"},{"taxonomy":"post_tag","embeddable":true,"href":"https:\/\/www.biblia.work\/articulos-salud\/wp-json\/wp\/v2\/tags?post=32861"}],"curies":[{"name":"wp","href":"https:\/\/api.w.org\/{rel}","templated":true}]}}