{"id":32918,"date":"2022-08-31T20:18:39","date_gmt":"2022-09-01T01:18:39","guid":{"rendered":"https:\/\/www.biblia.work\/articulos-salud\/proteinas-anormales-en-el-intestino-podrian-contribuir-al-desarrollo-de-la-enfermedad-de-alzheimer\/"},"modified":"2022-08-31T20:18:39","modified_gmt":"2022-09-01T01:18:39","slug":"proteinas-anormales-en-el-intestino-podrian-contribuir-al-desarrollo-de-la-enfermedad-de-alzheimer","status":"publish","type":"post","link":"https:\/\/www.biblia.work\/articulos-salud\/proteinas-anormales-en-el-intestino-podrian-contribuir-al-desarrollo-de-la-enfermedad-de-alzheimer\/","title":{"rendered":"Prote\u00ednas anormales en el intestino podr\u00edan contribuir al desarrollo de la enfermedad de Alzheimer"},"content":{"rendered":"<p>Esc\u00e1ner PET de un cerebro humano con enfermedad de Alzheimer. Cr\u00e9dito: dominio p\u00fablico <\/p>\n<p>Un nuevo estudio publicado en el Journal of Physiology ha demostrado que la acumulaci\u00f3n de prote\u00ednas mal plegadas en el intestino podr\u00eda contribuir al desarrollo de s\u00edntomas similares al Alzheimer en ratones. Esto podr\u00eda sugerir un nuevo enfoque de tratamiento para la enfermedad de Alzheimer que se dirigir\u00eda al intestino antes de que aparezcan s\u00edntomas de d\u00e9ficit cognitivo en los pacientes. <\/p>\n<p>Como estas prote\u00ednas se encontraron en el intestino, que es una ventana al mundo, esto sugiere que los factores ambientales podr\u00edan estar contribuyendo a los d\u00e9ficits cognitivos observados en la enfermedad de Alzheimer y otras afecciones.<\/p>\n<p>La prote\u00edna mal plegada, conocida involucrada en la enfermedad de Alzheimer, llamada beta amiloide, se inyect\u00f3 en el intestino de ratones y viaj\u00f3 al \u00abcerebro-intestino\u00bb (el sistema nervioso en nuestro intestino) y tambi\u00e9n al cerebro.<\/p>\n<p>Si Parte de la acumulaci\u00f3n de beta amiloide en el sistema nervioso central (cerebro y m\u00e9dula espinal) se origina fuera del cerebro (sistema nervioso perif\u00e9rico), lo que reduce la cantidad que llega al cerebro o atrapa la prote\u00edna en la periferia. la aparici\u00f3n de la enfermedad de Alzheimer. Este tratamiento comenzar\u00eda antes de que apareciera cualquier signo de demencia en el paciente.<\/p>\n<p>Los investigadores de la Universidad China de Hong Kong inyectaron beta-amiloide marcada con fluorescencia en el intestino de ratones. Las prote\u00ednas se trasladaron al sistema nervioso en nuestro intestino. Las prote\u00ednas mal plegadas se observaron un a\u00f1o despu\u00e9s en partes del cerebro involucradas en los d\u00e9ficits cognitivos de la enfermedad de Alzheimer, incluido el hipocampo, la parte de nuestro cerebro que afecta nuestra memoria. Estos animales experimentaron deterioros cognitivos.<\/p>\n<p>Como este estudio se realiz\u00f3 en ratones, es necesario verificarlo buscando cambios post-mortem en la inflamaci\u00f3n en el intestino y el cerebro de pacientes con enfermedad de Alzheimer.<\/p>\n<p>El desarrollo de tratamientos farmacol\u00f3gicos para la enfermedad de Alzheimer no ha tenido \u00e9xito, por lo que necesitamos nuevos enfoques para prevenir el desarrollo de la EA. Esta podr\u00eda ser una ruta potencial para prevenir la enfermedad al atacar estas prote\u00ednas mal plegadas en el intestino.<\/p>\n<p>Al comentar sobre el estudio, el autor principal John A Rudd dijo:<\/p>\n<p>\u00abEste concepto es similar al transporte de prote\u00ednas mal plegadas desde el intestino, como las responsables de la enfermedad de las vacas locas. Si este es el caso, un proceso similar puede comenzar en los humanos muchos a\u00f1os antes de las manifestaciones de las caracter\u00edsticas cl\u00e1sicas de la EA, incluida la p\u00e9rdida de memoria, y as\u00ed la prevenci\u00f3n. las estrategias tendr\u00edan que comenzar antes tambi\u00e9n\u00bb. <\/p>\n<p>Explore m\u00e1s<\/p>\n<p> Los cient\u00edficos descubren un gen que aumenta el riesgo de enfermedad de Alzheimer <strong>M\u00e1s informaci\u00f3n:<\/strong> Yayi Sun et al, Los olig\u00f3meros intra-gastrointestinales de amiloide-1-42 perturban la funci\u00f3n ent\u00e9rica e inducen la patolog\u00eda de la enfermedad de Alzheimer , El Diario de Fisiolog\u00eda (2020). DOI: 10.1113\/JP279919 <strong>Informaci\u00f3n de la revista:<\/strong> Journal of Physiology <\/p>\n<p> Proporcionado por The Physiological Society <strong>Cita<\/strong>: Las prote\u00ednas anormales en el intestino podr\u00edan contribuir al desarrollo de la enfermedad de Alzheimer ( 2020, 3 de julio) recuperado el 31 de agosto de 2022 de https:\/\/medicalxpress.com\/news\/2020-07-abnormal-proteins-gut-contribute-alzheimer.html Este documento est\u00e1 sujeto a derechos de autor. Aparte de cualquier trato justo con fines de estudio o investigaci\u00f3n privados, ninguna parte puede reproducirse sin el permiso por escrito. El contenido se proporciona \u00fanicamente con fines informativos.<\/p>\n","protected":false},"excerpt":{"rendered":"<p>Esc\u00e1ner PET de un cerebro humano con enfermedad de Alzheimer. Cr\u00e9dito: dominio p\u00fablico Un nuevo estudio publicado en el Journal of Physiology ha demostrado que la acumulaci\u00f3n de prote\u00ednas mal plegadas en el intestino podr\u00eda contribuir al desarrollo de s\u00edntomas similares al Alzheimer en ratones. Esto podr\u00eda sugerir un nuevo enfoque de tratamiento para la &hellip; <a href=\"https:\/\/www.biblia.work\/articulos-salud\/proteinas-anormales-en-el-intestino-podrian-contribuir-al-desarrollo-de-la-enfermedad-de-alzheimer\/\" class=\"more-link\">Continuar leyendo<span class=\"screen-reader-text\"> \u00abProte\u00ednas anormales en el intestino podr\u00edan contribuir al desarrollo de la enfermedad de Alzheimer\u00bb<\/span><\/a><\/p>\n","protected":false},"author":1,"featured_media":0,"comment_status":"","ping_status":"","sticky":false,"template":"","format":"standard","meta":{"footnotes":""},"categories":[1],"tags":[],"class_list":["post-32918","post","type-post","status-publish","format-standard","hentry","category-general"],"_links":{"self":[{"href":"https:\/\/www.biblia.work\/articulos-salud\/wp-json\/wp\/v2\/posts\/32918","targetHints":{"allow":["GET"]}}],"collection":[{"href":"https:\/\/www.biblia.work\/articulos-salud\/wp-json\/wp\/v2\/posts"}],"about":[{"href":"https:\/\/www.biblia.work\/articulos-salud\/wp-json\/wp\/v2\/types\/post"}],"author":[{"embeddable":true,"href":"https:\/\/www.biblia.work\/articulos-salud\/wp-json\/wp\/v2\/users\/1"}],"replies":[{"embeddable":true,"href":"https:\/\/www.biblia.work\/articulos-salud\/wp-json\/wp\/v2\/comments?post=32918"}],"version-history":[{"count":0,"href":"https:\/\/www.biblia.work\/articulos-salud\/wp-json\/wp\/v2\/posts\/32918\/revisions"}],"wp:attachment":[{"href":"https:\/\/www.biblia.work\/articulos-salud\/wp-json\/wp\/v2\/media?parent=32918"}],"wp:term":[{"taxonomy":"category","embeddable":true,"href":"https:\/\/www.biblia.work\/articulos-salud\/wp-json\/wp\/v2\/categories?post=32918"},{"taxonomy":"post_tag","embeddable":true,"href":"https:\/\/www.biblia.work\/articulos-salud\/wp-json\/wp\/v2\/tags?post=32918"}],"curies":[{"name":"wp","href":"https:\/\/api.w.org\/{rel}","templated":true}]}}