{"id":32922,"date":"2022-08-31T20:18:51","date_gmt":"2022-09-01T01:18:51","guid":{"rendered":"https:\/\/www.biblia.work\/articulos-salud\/el-gobernador-de-california-insta-a-usar-mascaras-a-medida-que-aumentan-los-casos-de-virus\/"},"modified":"2022-08-31T20:18:51","modified_gmt":"2022-09-01T01:18:51","slug":"el-gobernador-de-california-insta-a-usar-mascaras-a-medida-que-aumentan-los-casos-de-virus","status":"publish","type":"post","link":"https:\/\/www.biblia.work\/articulos-salud\/el-gobernador-de-california-insta-a-usar-mascaras-a-medida-que-aumentan-los-casos-de-virus\/","title":{"rendered":"El gobernador de California insta a usar m\u00e1scaras a medida que aumentan los casos de virus"},"content":{"rendered":"<p>Cr\u00e9dito: Pixabay\/CC0 Dominio p\u00fablico <\/p>\n<p>Los californianos deben usar m\u00e1scaras y evitar las reuniones familiares del 4 de julio, suplic\u00f3 el gobernador Gavin Newsom mientras aumentaba el recuento de coronavirus en el estado. Pero el gobernador no lleg\u00f3 a amenazar con tomar medidas en\u00e9rgicas contra quienes violen las \u00f3rdenes estatales de salud p\u00fablica. <\/p>\n<p>El jueves, Newsom inst\u00f3 a las personas a recurrir a sus \u00abmejores \u00e1ngeles\u00bb y usar el sentido com\u00fan, pero dijo: \u00abEs m\u00e1s educaci\u00f3n. No voy a salir con un pu\u00f1o\u00bb.<\/p>\n<p>Su solicitud lleg\u00f3 un un d\u00eda despu\u00e9s de que se reportaran m\u00e1s de 4000 casos m\u00e1s de COVID-19 en California.<\/p>\n<p>Si bien algunas \u00e1reas del estado han mostrado relativamente pocos casos, algunas de las m\u00e1s densamente pobladas est\u00e1n luchando con aumentos r\u00e1pidos de infecciones y hospitalizaciones. Las tasas de hospitalizaciones y positividad, la proporci\u00f3n de personas analizadas que ten\u00edan el virus, se han disparado en las \u00faltimas dos semanas.<\/p>\n<p>Dr. Mark Ghaly, el principal funcionario de salud del estado, calific\u00f3 el fin de semana festivo como un \u00abgran problema\u00bb para los esfuerzos por contener el virus e inst\u00f3 a las personas a comportarse de manera diferente a como lo hicieron el fin de semana del D\u00eda de los Ca\u00eddos, cuando muchos se reunieron socialmente. Las autoridades dicen que ese comportamiento ayud\u00f3 a impulsar la \u00faltima oleada de casos.<\/p>\n<p>Con la relajaci\u00f3n de la orden de quedarse en casa del estado, ha habido casos en los que los bares, restaurantes y playas estaban llenos, y algunas personas no usaban m\u00e1scaras durante las protestas masivas por el asesinato policial de George Floyd en Minneapolis.<\/p>\n<p>Las autoridades estatales enviaron cartas el jueves a todos los empleadores a unas 350.000 empresas advirtiendo que el incumplimiento de la orden de cubrirse la cara podr\u00eda resultar en multas y un posible proceso penal.<\/p>\n<p>Newsom dijo que siete agencias estatales con autoridad reguladora se enfocar\u00edan en las empresas que no cumplen, incluido el Departamento de Control de Bebidas Alcoh\u00f3licas, el Departamento de Asuntos del Consumidor y la Patrulla de Caminos de California.<\/p>\n<p>Los funcionarios de salud p\u00fablica dicen muchas personas que se han estado agrupando en interiores o exteriores no han prestado atenci\u00f3n a las precauciones de salud, especialmente los m\u00e1s j\u00f3venes.<\/p>\n<p>El condado de Sacramento inform\u00f3 que casi la mitad de todos los que dieron positivo por COVID-19 a tiene menos de 40 a\u00f1os.<\/p>\n<p>Coco Cocozzella, que se cubri\u00f3 la cara de negro mientras estaba afuera en Sacramento, dijo que las m\u00e1scaras son \u00abuna especie de dolor\u00bb, pero que no le importa que el estado le obligue a usar una. En casa, dijo, mantiene el suyo colgado con las llaves para recordar llevarlo cuando sale.<\/p>\n<p>Dijo que las multas son un paso demasiado lejos, pero que las personas que no usan mascarilla deber\u00edan hacerlo. ser \u00abdetenido y advertido\u00bb.<\/p>\n<p>\u00abDeber\u00edas asustarte un poco\u00bb, dijo.<\/p>\n<p>En Sunset Boulevard en West Hollywood el jueves por la ma\u00f1ana, algunos usaban m\u00e1scaras mientras caminaban perros y otros, que se negaron a comentar, sosten\u00edan sus m\u00e1scaras en sus manos o las usaban incorrectamente debajo de sus narices o colgando de sus orejas.<\/p>\n<p>Andrew Stuart us\u00f3 un pa\u00f1uelo naranja mientras se tomaba una selfie con su perro, Voltron.<\/p>\n<p>\u00abSi puedes usar un trozo de tela sobre tu cara y tal vez salvar una vida, vale la pena\u00bb, dijo.<\/p>\n<p>California hab\u00eda estado en una buena trayectoria con sus esfuerzos contra el virus hasta mediados de junio.<\/p>\n<p>Esta semana, Newsom se retir\u00f3 de la reapertura en curso de la econom\u00eda de California, cerrada a mediados de marzo en un esfuerzo por frenar la propagaci\u00f3n de infecciones. Se orden\u00f3 el cierre de bares, restaurantes cerrados y otros lugares de entretenimiento cerrados recientemente reabiertos durante al menos tres semanas en 19 condados en una lista de vigilancia estatal debido a aumentos preocupantes del virus, y se prohibi\u00f3 cantar en los servicios religiosos.<\/p>\n<p>San Diego, el segundo condado m\u00e1s grande del estado, anteriormente no estaba entre ese grupo, que contiene gran parte de la poblaci\u00f3n del estado. Pero las autoridades locales dijeron el jueves que el estado les hab\u00eda notificado que el condado de San Diego se unir\u00eda a la lista el viernes luego de una serie de brotes esta semana.<\/p>\n<p>Sin embargo, Newsom dijo el jueves que la aplicaci\u00f3n de la ley tendr\u00eda que depender principalmente de que las personas obedezcan las normas de salud. \u00f3rdenes, incluido un requisito de dos semanas de usar cubiertas faciales en p\u00fablico. Pero no descart\u00f3 medidas m\u00e1s fuertes si fuera necesario.<\/p>\n<p>\u00abSi 40 millones de personas quieren dar la espalda a la sociedad civil y abusar de las normas, leyes y reglamentos de manera constante, entonces la sociedad comienza a erosionarse\u00bb. ,\u00bb \u00e9l dijo. \u00abSi no ve cambios de comportamiento, creemos que las citaciones son apropiadas cuando hay abuso\u00bb.<\/p>\n<p>El gobernador mostr\u00f3 una vista previa de nuevos anuncios de televisi\u00f3n, radio y vallas publicitarias en varios idiomas que promueven el uso de una m\u00e1scara.<\/p>\n<p>Un anuncio muestra a una persona respirando en un ventilador con una m\u00e1scara que dice: \u00abIncluso sin s\u00edntomas, puede propagar el COVID-19. Y las personas pueden morir. Personas como su madre\u00bb.<\/p>\n<p>En todo el estado , los funcionarios locales repitieron en gran medida las palabras del gobernador sobre la importancia de la responsabilidad personal. Pero tambi\u00e9n tomaron medidas. A lo largo de la costa, se cerraron muchas playas y parques o se restringi\u00f3 el acceso. Los espect\u00e1culos de fuegos artificiales se cancelaron en todo el estado.<\/p>\n<p>Tres ciudades anunciaron que estaban listas para multar a los infractores enmascarados como \u00faltimo recurso. Eso le har\u00eda retroceder $300 en West Hollywood y $100 cada uno en Santa M\u00f3nica y Monterey.<\/p>\n<p>En el vecino condado de Orange, donde los funcionarios se opusieron a la orden de Newsom de cerrar las playas y el oficial de salud renunci\u00f3 debido al acoso que sigui\u00f3. su orden de cubrirse la cara, la supervisora Michelle Steel y el alguacil Don Barnes aconsejaron a las personas que usaran m\u00e1scaras. El alguacil dijo que sus agentes instar\u00e1n al cumplimiento voluntario en lugar de utilizar una aplicaci\u00f3n agresiva. <\/p>\n<p>Explore m\u00e1s<\/p>\n<p> Siga las \u00faltimas noticias sobre el brote de coronavirus (COVID-19) <\/p>\n<p> 2020 The Associated Press. Reservados todos los derechos. Este material no puede ser publicado, transmitido, reescrito o redistribuido sin permiso. <\/p>\n<p> <strong>Cita<\/strong>: El gobernador de California insta al uso de m\u00e1scaras a medida que aumentan los casos de virus (3 de julio de 2020) consultado el 31 de agosto de 2022 de https:\/\/medicalxpress.com\/news\/2020-07-california- gobernador-urge-mask-wearing-virus.html Este documento est\u00e1 sujeto a derechos de autor. Aparte de cualquier trato justo con fines de estudio o investigaci\u00f3n privados, ninguna parte puede reproducirse sin el permiso por escrito. El contenido se proporciona \u00fanicamente con fines informativos.<\/p>\n","protected":false},"excerpt":{"rendered":"<p>Cr\u00e9dito: Pixabay\/CC0 Dominio p\u00fablico Los californianos deben usar m\u00e1scaras y evitar las reuniones familiares del 4 de julio, suplic\u00f3 el gobernador Gavin Newsom mientras aumentaba el recuento de coronavirus en el estado. Pero el gobernador no lleg\u00f3 a amenazar con tomar medidas en\u00e9rgicas contra quienes violen las \u00f3rdenes estatales de salud p\u00fablica. El jueves, Newsom &hellip; <a href=\"https:\/\/www.biblia.work\/articulos-salud\/el-gobernador-de-california-insta-a-usar-mascaras-a-medida-que-aumentan-los-casos-de-virus\/\" class=\"more-link\">Continuar leyendo<span class=\"screen-reader-text\"> \u00abEl gobernador de California insta a usar m\u00e1scaras a medida que aumentan los casos de virus\u00bb<\/span><\/a><\/p>\n","protected":false},"author":1,"featured_media":0,"comment_status":"","ping_status":"","sticky":false,"template":"","format":"standard","meta":{"footnotes":""},"categories":[1],"tags":[],"class_list":["post-32922","post","type-post","status-publish","format-standard","hentry","category-general"],"_links":{"self":[{"href":"https:\/\/www.biblia.work\/articulos-salud\/wp-json\/wp\/v2\/posts\/32922","targetHints":{"allow":["GET"]}}],"collection":[{"href":"https:\/\/www.biblia.work\/articulos-salud\/wp-json\/wp\/v2\/posts"}],"about":[{"href":"https:\/\/www.biblia.work\/articulos-salud\/wp-json\/wp\/v2\/types\/post"}],"author":[{"embeddable":true,"href":"https:\/\/www.biblia.work\/articulos-salud\/wp-json\/wp\/v2\/users\/1"}],"replies":[{"embeddable":true,"href":"https:\/\/www.biblia.work\/articulos-salud\/wp-json\/wp\/v2\/comments?post=32922"}],"version-history":[{"count":0,"href":"https:\/\/www.biblia.work\/articulos-salud\/wp-json\/wp\/v2\/posts\/32922\/revisions"}],"wp:attachment":[{"href":"https:\/\/www.biblia.work\/articulos-salud\/wp-json\/wp\/v2\/media?parent=32922"}],"wp:term":[{"taxonomy":"category","embeddable":true,"href":"https:\/\/www.biblia.work\/articulos-salud\/wp-json\/wp\/v2\/categories?post=32922"},{"taxonomy":"post_tag","embeddable":true,"href":"https:\/\/www.biblia.work\/articulos-salud\/wp-json\/wp\/v2\/tags?post=32922"}],"curies":[{"name":"wp","href":"https:\/\/api.w.org\/{rel}","templated":true}]}}