{"id":32941,"date":"2022-08-31T20:19:49","date_gmt":"2022-09-01T01:19:49","guid":{"rendered":"https:\/\/www.biblia.work\/articulos-salud\/imagenes-cerebrales-pueden-predecir-la-perdida-de-memoria-relacionada-con-el-alzheimer\/"},"modified":"2022-08-31T20:19:49","modified_gmt":"2022-09-01T01:19:49","slug":"imagenes-cerebrales-pueden-predecir-la-perdida-de-memoria-relacionada-con-el-alzheimer","status":"publish","type":"post","link":"https:\/\/www.biblia.work\/articulos-salud\/imagenes-cerebrales-pueden-predecir-la-perdida-de-memoria-relacionada-con-el-alzheimer\/","title":{"rendered":"Im\u00e1genes cerebrales pueden predecir la p\u00e9rdida de memoria relacionada con el Alzheimer"},"content":{"rendered":"<p>Cr\u00e9dito: Instituto Karolinska <\/p>\n<p>Investigadores del Instituto Karolinska han obtenido im\u00e1genes de la prote\u00edna tau en el cerebro de pacientes vivos con la enfermedad de Alzheimer. La cantidad y la extensi\u00f3n de tau demostraron ser un predictor de la p\u00e9rdida de memoria en el futuro. Las im\u00e1genes cerebrales para medir tau pueden ser \u00fatiles tanto para mejorar el diagn\u00f3stico como para desarrollar tratamientos m\u00e1s efectivos, dicen los investigadores. El estudio se publica en la revista Molecular Psychiatry. <\/p>\n<p>La enfermedad de Alzheimer, que es la demencia m\u00e1s com\u00fan, puede ser causada por acumulaciones de prote\u00ednas en el cerebro que da\u00f1an las neuronas y causan p\u00e9rdida de memoria. Sin embargo, la enfermedad tiende a seguir un curso individual, lo que dificulta predecir qu\u00e9 s\u00edntomas desarrollar\u00e1 un paciente. Para alrededor del 30 al 50 por ciento de los pacientes, su condici\u00f3n puede permanecer estable durante muchos a\u00f1os, especialmente en las primeras etapas de la enfermedad; para otros, el deterioro es r\u00e1pido.<\/p>\n<p>\u00abLas modernas t\u00e9cnicas de im\u00e1genes cerebrales ofrecen nuevas posibilidades para predecir c\u00f3mo se desarrollar\u00e1 la enfermedad\u00bb, dice el autor principal Konstantinos Chiotis, m\u00e9dico e investigador del Departamento de Neurobiolog\u00eda, Ciencias del Cuidado y Sociedad. , Instituto Karolinska. \u00abEsto es importante tanto como ayuda para el diagn\u00f3stico como para optimizar la intervenci\u00f3n para el paciente individual y para el desarrollo de f\u00e1rmacos\u00bb.<\/p>\n<p>Los investigadores de KI han demostrado previamente bajo la supervisi\u00f3n de la profesora Agneta Nordberg que Las exploraciones PET (tomograf\u00eda por emisi\u00f3n de positrones) se pueden utilizar para obtener im\u00e1genes de la distribuci\u00f3n de la prote\u00edna tau en los cerebros de las personas vivas. La acumulaci\u00f3n de tau est\u00e1 relacionada con la enfermedad de Alzheimer.<\/p>\n<p>Supervisado durante m\u00e1s de cuatro a\u00f1os<\/p>\n<p>En el presente estudio, 20 pacientes se sometieron a un examen exhaustivo utilizando todos los marcadores existentes para la enfermedad de Alzheimer en el Hospital Universitario Karolinska. cl\u00ednica cognitiva. Tambi\u00e9n se les realiz\u00f3 una tomograf\u00eda por emisi\u00f3n de positrones (PET) para obtener im\u00e1genes de la prote\u00edna tau en sus cerebros. Luego, los investigadores los monitorearon durante m\u00e1s de cuatro a\u00f1os para poder evaluar su deterioro cognitivo a lo largo del tiempo y averiguar si la cantidad de tau podr\u00eda predecir la velocidad del deterioro.<\/p>\n<p>Los investigadores encontraron que los pacientes que ten\u00edan niveles bajos de cantidades de prote\u00edna tau inicialmente demostraron una funci\u00f3n estable durante el seguimiento, mientras que los pacientes con altas cantidades de prote\u00edna tau mostraron un r\u00e1pido deterioro de la funci\u00f3n cognitiva. La cantidad y distribuci\u00f3n de la prote\u00edna tau en el cerebro pod\u00eda diferenciar los grupos de pacientes con una precisi\u00f3n superior al 95 por ciento, mientras que la precisi\u00f3n de los marcadores cl\u00ednicos existentes era como m\u00e1ximo del 77 por ciento. La cantidad exacta de tau tambi\u00e9n concord\u00f3 bien con el grado exacto de deterioro en la escala cl\u00ednica que se usa habitualmente en la mayor\u00eda de las cl\u00ednicas como medida de la funci\u00f3n cognitiva de los pacientes con p\u00e9rdida de memoria.<\/p>\n<p>\u00abNuestros resultados sugieren que la prote\u00edna tau tiene una gran influencia en la cognici\u00f3n\u00bb, dice el profesor Nordberg, quien dirigi\u00f3 el estudio. \u00abEsto significa que los medicamentos que se dirigen a las acumulaciones de tau pueden tener m\u00e1s posibilidades de cambiar el curso de la enfermedad que los tratamientos que hasta ahora se han probado y se han encontrado deficientes\u00bb. <\/p>\n<p>Explorar m\u00e1s<\/p>\n<p> Propagaci\u00f3n de la prote\u00edna tau medida en el cerebro de pacientes con Alzheimer <strong>M\u00e1s informaci\u00f3n:<\/strong> Konstantinos Chiotis et al. Im\u00e1genes [18F]THK5317 como herramienta para predecir el deterioro cognitivo prospectivo en la enfermedad de Alzheimer, Psiquiatr\u00eda Molecular (2020). DOI: 10.1038\/s41380-020-0815-4 <strong>Informaci\u00f3n de la revista:<\/strong> Molecular Psychiatry <\/p>\n<p> Proporcionado por Karolinska Institutet <strong>Cita<\/strong>: Las im\u00e1genes cerebrales pueden predecir la p\u00e9rdida de memoria relacionada con el Alzheimer ( 2020, 3 de julio) recuperado el 31 de agosto de 2022 de https:\/\/medicalxpress.com\/news\/2020-07-brain-imaging-alzheimer-related-memory-loss.html Este documento est\u00e1 sujeto a derechos de autor. Aparte de cualquier trato justo con fines de estudio o investigaci\u00f3n privados, ninguna parte puede reproducirse sin el permiso por escrito. El contenido se proporciona \u00fanicamente con fines informativos.<\/p>\n","protected":false},"excerpt":{"rendered":"<p>Cr\u00e9dito: Instituto Karolinska Investigadores del Instituto Karolinska han obtenido im\u00e1genes de la prote\u00edna tau en el cerebro de pacientes vivos con la enfermedad de Alzheimer. La cantidad y la extensi\u00f3n de tau demostraron ser un predictor de la p\u00e9rdida de memoria en el futuro. Las im\u00e1genes cerebrales para medir tau pueden ser \u00fatiles tanto para &hellip; <a href=\"https:\/\/www.biblia.work\/articulos-salud\/imagenes-cerebrales-pueden-predecir-la-perdida-de-memoria-relacionada-con-el-alzheimer\/\" class=\"more-link\">Continuar leyendo<span class=\"screen-reader-text\"> \u00abIm\u00e1genes cerebrales pueden predecir la p\u00e9rdida de memoria relacionada con el Alzheimer\u00bb<\/span><\/a><\/p>\n","protected":false},"author":1,"featured_media":0,"comment_status":"","ping_status":"","sticky":false,"template":"","format":"standard","meta":{"footnotes":""},"categories":[1],"tags":[],"class_list":["post-32941","post","type-post","status-publish","format-standard","hentry","category-general"],"_links":{"self":[{"href":"https:\/\/www.biblia.work\/articulos-salud\/wp-json\/wp\/v2\/posts\/32941","targetHints":{"allow":["GET"]}}],"collection":[{"href":"https:\/\/www.biblia.work\/articulos-salud\/wp-json\/wp\/v2\/posts"}],"about":[{"href":"https:\/\/www.biblia.work\/articulos-salud\/wp-json\/wp\/v2\/types\/post"}],"author":[{"embeddable":true,"href":"https:\/\/www.biblia.work\/articulos-salud\/wp-json\/wp\/v2\/users\/1"}],"replies":[{"embeddable":true,"href":"https:\/\/www.biblia.work\/articulos-salud\/wp-json\/wp\/v2\/comments?post=32941"}],"version-history":[{"count":0,"href":"https:\/\/www.biblia.work\/articulos-salud\/wp-json\/wp\/v2\/posts\/32941\/revisions"}],"wp:attachment":[{"href":"https:\/\/www.biblia.work\/articulos-salud\/wp-json\/wp\/v2\/media?parent=32941"}],"wp:term":[{"taxonomy":"category","embeddable":true,"href":"https:\/\/www.biblia.work\/articulos-salud\/wp-json\/wp\/v2\/categories?post=32941"},{"taxonomy":"post_tag","embeddable":true,"href":"https:\/\/www.biblia.work\/articulos-salud\/wp-json\/wp\/v2\/tags?post=32941"}],"curies":[{"name":"wp","href":"https:\/\/api.w.org\/{rel}","templated":true}]}}