{"id":33010,"date":"2022-08-31T20:23:32","date_gmt":"2022-09-01T01:23:32","guid":{"rendered":"https:\/\/www.biblia.work\/articulos-salud\/como-ha-respondido-suiza-a-la-pandemia\/"},"modified":"2022-08-31T20:23:32","modified_gmt":"2022-09-01T01:23:32","slug":"como-ha-respondido-suiza-a-la-pandemia","status":"publish","type":"post","link":"https:\/\/www.biblia.work\/articulos-salud\/como-ha-respondido-suiza-a-la-pandemia\/","title":{"rendered":"C\u00f3mo ha respondido Suiza a la pandemia"},"content":{"rendered":"<p>Sesi\u00f3n extraordinaria del Consejo Nacional y del Consejo de los Estados celebrada del 4 al 7 de mayo de 2020 en BERNEXPO. Cr\u00e9dito: Servicios Parlamentarios 3003 Berna, Beatrice Devnes <\/p>\n<p>Al comienzo de la pandemia, Suiza declar\u00f3 un estado de emergencia de cuatro meses, el m\u00e1s largo del pa\u00eds desde la Segunda Guerra Mundial. De conformidad con la Ley de Epidemias, del 16 de marzo al 19 de junio de 2020, el Consejo Federal pudo tomar cualquier decisi\u00f3n que considerara necesaria para contener la pandemia sin consultar al parlamento ni al p\u00fablico en general. Emiti\u00f3 alrededor de dos docenas de ordenanzas de emergencia en este per\u00edodo extraordinario. <\/p>\n<p>\u00bfC\u00f3mo manej\u00f3 el Consejo Federal esta gama incomparable de poderes? \u00bfEscuch\u00f3 a todos los potencialmente afectados por las medidas que promulg\u00f3, a pesar de que no hubo consultas oficiales? \u00bfEsta crisis puso de relieve c\u00f3mo debe cambiar el sistema si queremos superar otros desaf\u00edos como el cambio clim\u00e1tico o los cuellos de botella de la movilidad? En un an\u00e1lisis publicado en la revista &#8216;Tijdschrift voor Economische en Sociale Geografie&#8217;, los investigadores de WSL estudiaron los procesos de toma de decisiones implementados por el gobierno y la administraci\u00f3n durante este tiempo extraordinario.<\/p>\n<p>Notaron una cosa en particular: \u00bb Est\u00e1 claro cu\u00e1n s\u00f3lidas son las estructuras federalistas de Suiza\u00bb, explica Yasmine Willi, autora principal del an\u00e1lisis e investigadora postdoctoral en el grupo de investigaci\u00f3n de Econom\u00eda y Desarrollo Regional de WSL. Por ejemplo, el cant\u00f3n de Ticino, que se vio particularmente afectado por el COVID-19, decidi\u00f3 cerrar sus obras de construcci\u00f3n, yendo mucho m\u00e1s all\u00e1 de las medidas requeridas por la ordenanza federal correspondiente. Aunque esto fue t\u00e9cnicamente una violaci\u00f3n de la ley, el Consejo Federal permiti\u00f3 que el cant\u00f3n siguiera adelante y legitim\u00f3 su acci\u00f3n retrospectivamente modificando la ordenanza. \u00abPerduraron los procesos federalistas habituales de Suiza\u00bb, dice Willi. \u00abAunque se hab\u00eda declarado el estado de emergencia, los cantones eran los responsables \u00faltimos de promulgar las medidas pol\u00edticas ideadas por el Consejo Federal\u00bb. La resistencia del federalismo es a\u00fan m\u00e1s notable dado que los procesos democr\u00e1ticos se suspendieron temporalmente, con el parlamento electo despoj\u00e1ndose de sus poderes y posponiendo sesiones y refer\u00e9ndums.<\/p>\n<p>Decisiones pol\u00edticas en tiempos de cambios r\u00e1pidos<\/p>\n<p>En un crisis, la situaci\u00f3n cambia r\u00e1pidamente y las decisiones deben tomarse sin una imagen clara de sus consecuencias. Esto obliga a los gobiernos y administraciones a revisar y adaptar constantemente sus decisiones en l\u00ednea con los hallazgos cient\u00edficos, por ejemplo. Esta modificaci\u00f3n continua de la pol\u00edtica por parte de gobiernos y administraciones frente a cambios sociales de gran alcance se denomina &#8216;gobernanza transformadora&#8217;.<\/p>\n<p>Seg\u00fan los autores del an\u00e1lisis, el manejo de la crisis del coronavirus tiene la caracter\u00edsticas t\u00edpicas de dicha gobernanza: decisiones tomadas en un contexto de incertidumbre, diferentes perspectivas tenidas en cuenta, procesos de toma de decisiones sustentados en el aprendizaje reflexivo y la experimentaci\u00f3n con soluciones. \u00abLa formulaci\u00f3n de pol\u00edticas se basa m\u00e1s en los hallazgos cient\u00edficos en tiempos de crisis aguda de lo que lo hace normalmente\u00bb, explica Willi. Durante la pandemia de coronavirus, la legislaci\u00f3n del Consejo Federal se gui\u00f3 por los n\u00fameros de casos calculados por vir\u00f3logos y epidemi\u00f3logos.<\/p>\n<p>Otro rasgo caracter\u00edstico de esa gobernanza transformadora es el endurecimiento gradual de las medidas que paralizaron la vida p\u00fablica. Se cerraron fronteras, negocios y escuelas, lo que restringi\u00f3 significativamente los derechos fundamentales de los residentes suizos, mientras que al mismo tiempo el gobierno federal no pudo decir qu\u00e9 medidas funcionar\u00edan o qu\u00e9 tan efectivas podr\u00edan ser. Por lo tanto, estableci\u00f3 plazos claros para cada paso, incluida la posterior relajaci\u00f3n de las restricciones, que luego se prolongaron o acortaron en funci\u00f3n de la evoluci\u00f3n de la tasa de infecci\u00f3n.<\/p>\n<p>Cambio incluso sin un amplio conocimiento<\/p>\n<p>Yasmine Willi y sus colegas est\u00e1n particularmente interesados en lo que suceder\u00e1 despu\u00e9s de que haya pasado la crisis del coronavirus: \u00bfhabr\u00e1 un cambio a largo plazo en ciertas pr\u00e1cticas da\u00f1inas para el medio ambiente, como los viajes a\u00e9reos y el consumo excesivo, que el virus hab\u00eda detenido en el corto plazo? ? \u00bfSeguir\u00e1 la sociedad movi\u00e9ndose hacia m\u00e1s reuniones digitales y menos consumo? \u00abLa crisis actual solo puede estimular un cambio social sostenible si modificamos con \u00e9xito el comportamiento del consumidor, la producci\u00f3n de bienes y el uso de recursos a largo plazo\u00bb, explica Willi. Por ejemplo, las subvenciones concedidas a empresas para apoyarlas durante la pandemia podr\u00edan estar vinculadas a criterios de protecci\u00f3n clim\u00e1tica, o el alivio econ\u00f3mico ofrecido a las familias afectadas por la crisis podr\u00eda reducir las desigualdades sociales.<\/p>\n<p>La crisis del coronavirus ha demostrado que el cambio social puede ser r\u00e1pido, incluso en tiempos de gran incertidumbre. Las decisiones de gran alcance se tomaron r\u00e1pidamente y se implementaron de manera consistente, aunque su impacto en la econom\u00eda y la sociedad no estaba claro. \u201cSabemos mucho m\u00e1s sobre crisis medioambientales como el cambio clim\u00e1tico o la p\u00e9rdida de biodiversidad que sobre la pandemia del coronavirus, pero a\u00fan as\u00ed actuamos con menos decisi\u00f3n\u201d, subraya Willi.<\/p>\n<p>Sin embargo, la crisis del coronavirus lo ha dejado claro. que actuar con decisi\u00f3n es m\u00e1s importante que actuar &#8216;perfectamente&#8217;. Este tambi\u00e9n es el caso del cambio clim\u00e1tico, ya que aqu\u00ed tambi\u00e9n ser\u00eda posible un enfoque flexible y experimental. Los objetivos clim\u00e1ticos a largo plazo, como las emisiones netas cero para 2050, podr\u00edan complementarse con objetivos de reducci\u00f3n anual y las medidas requeridas podr\u00edan revisarse cada a\u00f1o y ajustarse si es necesario. Esto podr\u00eda garantizar que la crisis clim\u00e1tica se gestione de manera m\u00e1s eficaz, a pesar de las incertidumbres. <\/p>\n<p>Explore m\u00e1s<\/p>\n<p> El valor de la ciencia para las decisiones cr\u00edticas <strong>M\u00e1s informaci\u00f3n:<\/strong> Yasmine Willi et al. Respondiendo a la crisis de COVID19: Gobernanza transformadora en Suiza, Tijdschrift voor economische en sociale geografie (2020). DOI: 10.1111\/tesg.12439 Proporcionado por el Instituto Federal Suizo para la Investigaci\u00f3n Forestal, de la Nieve y del Paisaje WSL <strong>Cita<\/strong>: C\u00f3mo ha respondido Suiza a la pandemia (2 de julio de 2020) recuperado el 31 de agosto de 2022 de https:\/ \/medicalxpress.com\/news\/2020-07-switzerland-pandemic.html Este documento est\u00e1 sujeto a derechos de autor. Aparte de cualquier trato justo con fines de estudio o investigaci\u00f3n privados, ninguna parte puede reproducirse sin el permiso por escrito. El contenido se proporciona \u00fanicamente con fines informativos.<\/p>\n","protected":false},"excerpt":{"rendered":"<p>Sesi\u00f3n extraordinaria del Consejo Nacional y del Consejo de los Estados celebrada del 4 al 7 de mayo de 2020 en BERNEXPO. Cr\u00e9dito: Servicios Parlamentarios 3003 Berna, Beatrice Devnes Al comienzo de la pandemia, Suiza declar\u00f3 un estado de emergencia de cuatro meses, el m\u00e1s largo del pa\u00eds desde la Segunda Guerra Mundial. De conformidad &hellip; <a href=\"https:\/\/www.biblia.work\/articulos-salud\/como-ha-respondido-suiza-a-la-pandemia\/\" class=\"more-link\">Continuar leyendo<span class=\"screen-reader-text\"> \u00abC\u00f3mo ha respondido Suiza a la pandemia\u00bb<\/span><\/a><\/p>\n","protected":false},"author":1,"featured_media":0,"comment_status":"","ping_status":"","sticky":false,"template":"","format":"standard","meta":{"footnotes":""},"categories":[1],"tags":[],"class_list":["post-33010","post","type-post","status-publish","format-standard","hentry","category-general"],"_links":{"self":[{"href":"https:\/\/www.biblia.work\/articulos-salud\/wp-json\/wp\/v2\/posts\/33010","targetHints":{"allow":["GET"]}}],"collection":[{"href":"https:\/\/www.biblia.work\/articulos-salud\/wp-json\/wp\/v2\/posts"}],"about":[{"href":"https:\/\/www.biblia.work\/articulos-salud\/wp-json\/wp\/v2\/types\/post"}],"author":[{"embeddable":true,"href":"https:\/\/www.biblia.work\/articulos-salud\/wp-json\/wp\/v2\/users\/1"}],"replies":[{"embeddable":true,"href":"https:\/\/www.biblia.work\/articulos-salud\/wp-json\/wp\/v2\/comments?post=33010"}],"version-history":[{"count":0,"href":"https:\/\/www.biblia.work\/articulos-salud\/wp-json\/wp\/v2\/posts\/33010\/revisions"}],"wp:attachment":[{"href":"https:\/\/www.biblia.work\/articulos-salud\/wp-json\/wp\/v2\/media?parent=33010"}],"wp:term":[{"taxonomy":"category","embeddable":true,"href":"https:\/\/www.biblia.work\/articulos-salud\/wp-json\/wp\/v2\/categories?post=33010"},{"taxonomy":"post_tag","embeddable":true,"href":"https:\/\/www.biblia.work\/articulos-salud\/wp-json\/wp\/v2\/tags?post=33010"}],"curies":[{"name":"wp","href":"https:\/\/api.w.org\/{rel}","templated":true}]}}