{"id":33039,"date":"2022-08-31T20:25:01","date_gmt":"2022-09-01T01:25:01","guid":{"rendered":"https:\/\/www.biblia.work\/articulos-salud\/estudio-respalda-vinculo-entre-covid-19-y-dedos-de-los-pies-de-covid\/"},"modified":"2022-08-31T20:25:01","modified_gmt":"2022-09-01T01:25:01","slug":"estudio-respalda-vinculo-entre-covid-19-y-dedos-de-los-pies-de-covid","status":"publish","type":"post","link":"https:\/\/www.biblia.work\/articulos-salud\/estudio-respalda-vinculo-entre-covid-19-y-dedos-de-los-pies-de-covid\/","title":{"rendered":"Estudio respalda v\u00ednculo entre COVID-19 y &#8216;dedos de los pies de COVID&#8217;"},"content":{"rendered":"<p>Cr\u00e9dito: Pixabay\/CC0 Dominio p\u00fablico <\/p>\n<p>Existe una controversia considerable sobre si las llagas rojas o las lesiones en los pies y las manos en ni\u00f1os y adultos j\u00f3venes son realmente causadas por los \u00abdedos de los pies de COVID\u00bb por COVID-19. Un nuevo estudio publicado en el British Journal of Dermatology proporciona evidencia que respalda el v\u00ednculo. <\/p>\n<p>En la mayor\u00eda de los casos, las personas afectadas dan negativo en las pruebas tradicionales de COVID-19 que involucran hisopos de garganta y mediciones de anticuerpos circulantes, pero los investigadores de este estudio encontraron que el virus SARS-CoV-2 que causa el COVID-19 estaba presente en biopsias de piel en ni\u00f1os con s\u00edntomas de dedos de los pies de COVID, a pesar de los resultados negativos de las pruebas tradicionales.<\/p>\n<p>Los an\u00e1lisis detectaron el virus en las c\u00e9lulas endoteliales de los vasos sangu\u00edneos de la piel, as\u00ed como en las gl\u00e1ndulas sudor\u00edparas. La microscop\u00eda electr\u00f3nica en una biopsia tambi\u00e9n encontr\u00f3 evidencia de part\u00edculas virales dentro de las c\u00e9lulas endoteliales.<\/p>\n<p>\u00abNuestros hallazgos respaldan una relaci\u00f3n causal del SARS-CoV-2 con los dedos de los pies con COVID. El da\u00f1o endotelial inducido por el virus podr\u00eda ser el mecanismo clave causando estas lesiones\u00bb, dijo la autora principal Isabel Colmenero, MD, del Hospital Infantil Universitario Nio Jess, en Espa\u00f1a. \u00abAdem\u00e1s, el da\u00f1o vascular tambi\u00e9n podr\u00eda explicar algunas caracter\u00edsticas cl\u00ednicas observadas en pacientes con COVID-19 grave\u00bb. <\/p>\n<p>Explore m\u00e1s<\/p>\n<p> Siga las \u00faltimas noticias sobre el brote de coronavirus (COVID-19) <strong>M\u00e1s informaci\u00f3n:<\/strong> I. Colmenero et al, La infecci\u00f3n endotelial por SARSCoV2 causa saba\u00f1ones por COVID19: histopatol\u00f3gica, inmunohistoqu\u00edmica y ultraestructural estudio de 7 casos pedi\u00e1tricos, British Journal of Dermatology (2020). DOI: 10.1111\/bjd.19327 <strong>Informaci\u00f3n de la revista:<\/strong> British Journal of Dermatology <\/p>\n<p> Proporcionado por Wiley <strong>Cita<\/strong>: El estudio respalda el v\u00ednculo entre COVID-19 y &#8216;COVID Toes&#8217; ( 2020, 2 de julio) recuperado el 31 de agosto de 2022 de https:\/\/medicalxpress.com\/news\/2020-07-link-covid-covid-toes.html Este documento est\u00e1 sujeto a derechos de autor. Aparte de cualquier trato justo con fines de estudio o investigaci\u00f3n privados, ninguna parte puede reproducirse sin el permiso por escrito. El contenido se proporciona \u00fanicamente con fines informativos.<\/p>\n","protected":false},"excerpt":{"rendered":"<p>Cr\u00e9dito: Pixabay\/CC0 Dominio p\u00fablico Existe una controversia considerable sobre si las llagas rojas o las lesiones en los pies y las manos en ni\u00f1os y adultos j\u00f3venes son realmente causadas por los \u00abdedos de los pies de COVID\u00bb por COVID-19. Un nuevo estudio publicado en el British Journal of Dermatology proporciona evidencia que respalda el &hellip; <a href=\"https:\/\/www.biblia.work\/articulos-salud\/estudio-respalda-vinculo-entre-covid-19-y-dedos-de-los-pies-de-covid\/\" class=\"more-link\">Continuar leyendo<span class=\"screen-reader-text\"> \u00abEstudio respalda v\u00ednculo entre COVID-19 y &#8216;dedos de los pies de COVID&#8217;\u00bb<\/span><\/a><\/p>\n","protected":false},"author":1,"featured_media":0,"comment_status":"","ping_status":"","sticky":false,"template":"","format":"standard","meta":{"footnotes":""},"categories":[1],"tags":[],"class_list":["post-33039","post","type-post","status-publish","format-standard","hentry","category-general"],"_links":{"self":[{"href":"https:\/\/www.biblia.work\/articulos-salud\/wp-json\/wp\/v2\/posts\/33039","targetHints":{"allow":["GET"]}}],"collection":[{"href":"https:\/\/www.biblia.work\/articulos-salud\/wp-json\/wp\/v2\/posts"}],"about":[{"href":"https:\/\/www.biblia.work\/articulos-salud\/wp-json\/wp\/v2\/types\/post"}],"author":[{"embeddable":true,"href":"https:\/\/www.biblia.work\/articulos-salud\/wp-json\/wp\/v2\/users\/1"}],"replies":[{"embeddable":true,"href":"https:\/\/www.biblia.work\/articulos-salud\/wp-json\/wp\/v2\/comments?post=33039"}],"version-history":[{"count":0,"href":"https:\/\/www.biblia.work\/articulos-salud\/wp-json\/wp\/v2\/posts\/33039\/revisions"}],"wp:attachment":[{"href":"https:\/\/www.biblia.work\/articulos-salud\/wp-json\/wp\/v2\/media?parent=33039"}],"wp:term":[{"taxonomy":"category","embeddable":true,"href":"https:\/\/www.biblia.work\/articulos-salud\/wp-json\/wp\/v2\/categories?post=33039"},{"taxonomy":"post_tag","embeddable":true,"href":"https:\/\/www.biblia.work\/articulos-salud\/wp-json\/wp\/v2\/tags?post=33039"}],"curies":[{"name":"wp","href":"https:\/\/api.w.org\/{rel}","templated":true}]}}