{"id":33080,"date":"2022-08-31T20:27:15","date_gmt":"2022-09-01T01:27:15","guid":{"rendered":"https:\/\/www.biblia.work\/articulos-salud\/aumento-del-abuso-infantil-domestico-durante-la-pandemia-informa-un-especialista-en-un-hospital-infantil-del-reino-unido\/"},"modified":"2022-08-31T20:27:15","modified_gmt":"2022-09-01T01:27:15","slug":"aumento-del-abuso-infantil-domestico-durante-la-pandemia-informa-un-especialista-en-un-hospital-infantil-del-reino-unido","status":"publish","type":"post","link":"https:\/\/www.biblia.work\/articulos-salud\/aumento-del-abuso-infantil-domestico-durante-la-pandemia-informa-un-especialista-en-un-hospital-infantil-del-reino-unido\/","title":{"rendered":"Aumento del abuso infantil dom\u00e9stico durante la pandemia, informa un especialista en un hospital infantil del Reino Unido"},"content":{"rendered":"<p>Una micrograf\u00eda electr\u00f3nica de barrido coloreada del virus SARS-CoV-2. Cr\u00e9dito: NIAID <\/p>\n<p>Ha habido un aumento en el abuso infantil dom\u00e9stico durante la pandemia de coronavirus, sugiere la experiencia de un hospital infantil especializado en el Reino Unido, informada en Archives of Disease in Childhood. <\/p>\n<p>En solo un mes, el n\u00famero de casos nuevos aument\u00f3 un 1493 % en comparaci\u00f3n con el mismo per\u00edodo de los tres a\u00f1os anteriores, lo que apunta a una \u00abpandemia silenciosa\u00bb en 2020, sugieren los autores.<\/p>\n<p>Ellos compar\u00f3 el n\u00famero de casos nuevos de lesiones en la cabeza causadas por abuso f\u00edsico entre ni\u00f1os muy peque\u00f1os atendidos entre el 23 de marzo y el 23 de abril de este a\u00f1o y el mismo per\u00edodo en 2017, 2018 y 2019.<\/p>\n<p>El 23 de marzo marc\u00f3 el inicio de encierro y un per\u00edodo de autoaislamiento nacional en el Reino Unido en un intento por frenar la propagaci\u00f3n del SARS-CoV-2, el virus que causa la infecci\u00f3n por COVID-19.<\/p>\n<p>Diez ni\u00f1os (seis ni\u00f1os y cuatro ni\u00f1as) con sospecha de traumatismo craneoencef\u00e1lico por abuso que se presentaron para recibir tratamiento durante marzo-abril. Sus edades oscilaron entre los 17 d\u00edas y los 13 meses.<\/p>\n<p>Esta cifra se compara con un promedio de 0,67 casos al mes para el mismo per\u00edodo en 2017, 2018 y 2019, lo que representa un aumento del 1493 % en 2020, dicen los autores.<\/p>\n<p>Los s\u00edntomas que provocaron una visita al hospital incluyeron c\u00f3licos (llanto persistente sin motivo aparente) en 5 de los beb\u00e9s; problemas respiratorios (apnea) y p\u00e9rdida del conocimiento en 4; convulsiones en 2; hematomas extensos en 5; cuero cabelludo hinchado en 5; y marcas causadas por rascarse repetidamente la piel (excoriaci\u00f3n) en 1 ni\u00f1o.<\/p>\n<p>Los beb\u00e9s fueron evaluados exhaustivamente. Esto incluy\u00f3 exploraciones de la cabeza, la columna vertebral y el esqueleto, as\u00ed como controles detallados de los ojos y de todo el cuerpo.<\/p>\n<p>Los resultados revelaron acumulaci\u00f3n de sangre en el cerebro (hemorragia subdural) en 6 beb\u00e9s; hinchaz\u00f3n cerebral en 4; magulladuras del tejido cerebral (contusi\u00f3n parenquimatosa) en 4; fracturas de cr\u00e1neo en 4; una hemorragia en el cerebro (hemorragia subaracnoidea) en 3; y fracturas \u00f3seas en otras partes en 3 de los beb\u00e9s.<\/p>\n<p>Todas las familias de los beb\u00e9s viv\u00edan en \u00e1reas de privaci\u00f3n social y econ\u00f3mica significativa. Y existe una interacci\u00f3n compleja entre el abuso, la salud mental, el uso indebido de sustancias y los factores socioecon\u00f3micos, se\u00f1alan los autores.<\/p>\n<p>Dos de los padres ten\u00edan antecedentes de actividad delictiva; 3 ten\u00edan problemas de salud mental; y 4 ten\u00edan preocupaciones financieras, factores que probablemente aumentan el riesgo de comportamiento abusivo, dicen los autores.<\/p>\n<p>\u00abNuestra cohorte est\u00e1 alineada con la literatura en su descripci\u00f3n de la privaci\u00f3n socioecon\u00f3mica y la vulnerabilidad de los padres como factores de riesgo significativos para el abuso , los cuales pueden verse exacerbados como resultado del estr\u00e9s impuesto por las medidas de cuarentena\u00bb, escriben.<\/p>\n<p>Y el hecho de que los ni\u00f1os pasen m\u00e1s tiempo con sus padres como resultado y que habr\u00e1 habido Menos interacci\u00f3n con los organismos informantes solo habr\u00e1 aumentado estos riesgos, sugieren.<\/p>\n<p>Esta serie de casos representa la experiencia en un solo hospital pedi\u00e1trico especializado en Inglaterra, pero se hace eco de los informes provenientes de pa\u00edses que aplican medidas similares. al Reino Unido durante esta pandemia, se\u00f1alan los autores.<\/p>\n<p>Y es probable que las cifras sean una subestimaci\u00f3n de la escala del problema, advierten.<\/p>\n<p>\u00abEs probable que esta cifra aleccionadora subrepresentada debido a la evitaci\u00f3n p\u00fablica de los hospitales en este momento\u00bb, escriben. \u00abEn particular, dos padres de nuestra cohorte mencionaron el temor de contraer el SARS-CoV-2 como una raz\u00f3n para la presentaci\u00f3n tard\u00eda\u00bb.<\/p>\n<p>Y concluyen: \u00abPor lo tanto, en el contexto del SARS-CoV-2 intensamente p\u00fablico pandemia, est\u00e1 ocurriendo una pandemia m\u00e1s silenciosa, de la cual la comunidad m\u00e9dica debe permanecer astutamente consciente\u00bb.<\/p>\n<p>Dr. Alison Steele, funcionaria de protecci\u00f3n infantil del Royal College of Paediatrics and Child Health, copropietaria de Archives of Disease in Childhood con BMJ, coment\u00f3: \u00abEste es un informe extremadamente preocupante. Es importante averiguar si el enorme aumento de la sospecha de lesi\u00f3n en la cabeza no accidental reportada en este hospital especializado est\u00e1 siendo atendida por otros hospitales en todo el pa\u00eds\u00bb.<\/p>\n<p>Agreg\u00f3: \u00abMuchos de estos ni\u00f1os habr\u00e1n sido llevados al hospital porque hab\u00eda signos evidentes de que ni\u00f1o estaba muy mal, pero tambi\u00e9n estamos muy preocupados por los ni\u00f1os que no est\u00e1n siendo vistos porque sus lesiones f\u00edsicas u otras formas de abuso o negligencia se ocultan m\u00e1s f\u00e1cilmente\u00bb.<\/p>\n<p>Y advirti\u00f3: \u00abHay una peligro muy real de que, bajo encierro, los ni\u00f1os est\u00e9n cayendo a trav\u00e9s de la red de seguridad debido al acceso reducido a los servicios de apoyo y menos oportunidades para que las personas ajenas a la familia hagan sonar la alarma\u00bb. <\/p>\n<p>Explore m\u00e1s<\/p>\n<p> Un tercio de los pediatras del Reino Unido informa haber visto &#8216;presentaciones retrasadas&#8217; en la atenci\u00f3n de emergencia durante el confinamiento <strong>M\u00e1s informaci\u00f3n:<\/strong> Aumento de la incidencia de traumatismo craneoencef\u00e1lico por abuso durante la pandemia de COVID-19, Archivos de Enfermedades en la Infancia (2020). DOI: 10.1136\/archdischild-2020-319872 <strong>Informaci\u00f3n de la revista:<\/strong> Archives of Disease in Childhood , British Medical Journal (BMJ) <\/p>\n<p> Proporcionado por British Medical Journal <strong>Cita<\/strong>: Surge en el abuso infantil dom\u00e9stico durante la pandemia, informa el especialista del hospital infantil del Reino Unido (2 de julio de 2020) consultado el 31 de agosto de 2022 de https:\/\/medicalxpress.com\/news\/2020-07-surge-domestic-child-abuse-pandemic.html Este documento est\u00e1 sujeto a derechos de autor. Aparte de cualquier trato justo con fines de estudio o investigaci\u00f3n privados, ninguna parte puede reproducirse sin el permiso por escrito. El contenido se proporciona \u00fanicamente con fines informativos.<\/p>\n","protected":false},"excerpt":{"rendered":"<p>Una micrograf\u00eda electr\u00f3nica de barrido coloreada del virus SARS-CoV-2. Cr\u00e9dito: NIAID Ha habido un aumento en el abuso infantil dom\u00e9stico durante la pandemia de coronavirus, sugiere la experiencia de un hospital infantil especializado en el Reino Unido, informada en Archives of Disease in Childhood. En solo un mes, el n\u00famero de casos nuevos aument\u00f3 un &hellip; <a href=\"https:\/\/www.biblia.work\/articulos-salud\/aumento-del-abuso-infantil-domestico-durante-la-pandemia-informa-un-especialista-en-un-hospital-infantil-del-reino-unido\/\" class=\"more-link\">Continuar leyendo<span class=\"screen-reader-text\"> \u00abAumento del abuso infantil dom\u00e9stico durante la pandemia, informa un especialista en un hospital infantil del Reino Unido\u00bb<\/span><\/a><\/p>\n","protected":false},"author":1,"featured_media":0,"comment_status":"","ping_status":"","sticky":false,"template":"","format":"standard","meta":{"footnotes":""},"categories":[1],"tags":[],"class_list":["post-33080","post","type-post","status-publish","format-standard","hentry","category-general"],"_links":{"self":[{"href":"https:\/\/www.biblia.work\/articulos-salud\/wp-json\/wp\/v2\/posts\/33080","targetHints":{"allow":["GET"]}}],"collection":[{"href":"https:\/\/www.biblia.work\/articulos-salud\/wp-json\/wp\/v2\/posts"}],"about":[{"href":"https:\/\/www.biblia.work\/articulos-salud\/wp-json\/wp\/v2\/types\/post"}],"author":[{"embeddable":true,"href":"https:\/\/www.biblia.work\/articulos-salud\/wp-json\/wp\/v2\/users\/1"}],"replies":[{"embeddable":true,"href":"https:\/\/www.biblia.work\/articulos-salud\/wp-json\/wp\/v2\/comments?post=33080"}],"version-history":[{"count":0,"href":"https:\/\/www.biblia.work\/articulos-salud\/wp-json\/wp\/v2\/posts\/33080\/revisions"}],"wp:attachment":[{"href":"https:\/\/www.biblia.work\/articulos-salud\/wp-json\/wp\/v2\/media?parent=33080"}],"wp:term":[{"taxonomy":"category","embeddable":true,"href":"https:\/\/www.biblia.work\/articulos-salud\/wp-json\/wp\/v2\/categories?post=33080"},{"taxonomy":"post_tag","embeddable":true,"href":"https:\/\/www.biblia.work\/articulos-salud\/wp-json\/wp\/v2\/tags?post=33080"}],"curies":[{"name":"wp","href":"https:\/\/api.w.org\/{rel}","templated":true}]}}