{"id":33094,"date":"2022-08-31T20:28:02","date_gmt":"2022-09-01T01:28:02","guid":{"rendered":"https:\/\/www.biblia.work\/articulos-salud\/las-personas-con-mayor-riesgo-de-alzheimer-tienen-deficiencias-en-la-navegacion\/"},"modified":"2022-08-31T20:28:02","modified_gmt":"2022-09-01T01:28:02","slug":"las-personas-con-mayor-riesgo-de-alzheimer-tienen-deficiencias-en-la-navegacion","status":"publish","type":"post","link":"https:\/\/www.biblia.work\/articulos-salud\/las-personas-con-mayor-riesgo-de-alzheimer-tienen-deficiencias-en-la-navegacion\/","title":{"rendered":"Las personas con mayor riesgo de Alzheimer tienen deficiencias en la navegaci\u00f3n"},"content":{"rendered":"<p>Cr\u00e9dito: Pixabay\/CC0 Public Domain <\/p>\n<p>Los animales y los humanos tienen la capacidad de seguir su propia posici\u00f3n en el espacio a trav\u00e9s de se\u00f1ales de movimiento propio, incluso en ausencia de cualquier otro sensor informaci\u00f3n. \u00abSi te levantas por la noche y quieres encontrar el camino al ba\u00f1o en la oscuridad, adem\u00e1s de conocer la disposici\u00f3n de tu propia casa, necesitas un mecanismo que rastree tu propia posici\u00f3n en la habitaci\u00f3n sin usar se\u00f1ales externas\u00bb, dice Anne Bierbrauer. Esta capacidad se conoce como integraci\u00f3n de rutas. <\/p>\n<p>Los investigadores suponen que la actividad de las denominadas c\u00e9lulas reticulares en la corteza entorrinal es responsable de esta capacidad. Al navegar por un entorno espacial, estas celdas muestran un patr\u00f3n de actividad \u00fanico y regular. Desde hace tiempo se sabe que la corteza entorrinal es crucial para la navegaci\u00f3n espacial. Tambi\u00e9n es una de las primeras regiones del cerebro afectadas por la enfermedad de Alzheimer.<\/p>\n<p>Estudios anteriores mostraron cambios en la actividad de las c\u00e9lulas de la rejilla<\/p>\n<p>En un estudio anterior, los investigadores hab\u00edan demostrado que las c\u00e9lulas de la rejilla muestran un funcionamiento alterado en personas con riesgo gen\u00e9tico de desarrollar la enfermedad de Alzheimer. Sin embargo, las personas de prueba no mostraron ning\u00fan problema de navegaci\u00f3n evidente. \u00abSuponemos que utilizaron mecanismos compensatorios para encontrar su camino\u00bb, explica Nikolai Axmacher, \u00abpresumiblemente a trav\u00e9s de se\u00f1ales externas en su entorno. En Bochum, por ejemplo, la torre sinuosa del Bergbau-Museum se puede ver en muchos lugares, ya que a menudo es visible sobre los techos de otros edificios\u00bb.<\/p>\n<p>El riesgo de Alzheimer y los problemas de navegaci\u00f3n van de la mano<\/p>\n<p>En el estudio actual, el equipo utiliz\u00f3 una tarea de navegaci\u00f3n computarizada en la que el los participantes no pod\u00edan usar puntos de referencia externos para encontrar su camino. Los investigadores compararon el rendimiento de navegaci\u00f3n de 202 voluntarios sin riesgo gen\u00e9tico de Alzheimer y 65 voluntarios con mayor riesgo gen\u00e9tico. Este \u00faltimo ten\u00eda una expresi\u00f3n espec\u00edfica del gen de la apolipoprote\u00edna E, el alelo APOE-4.<\/p>\n<p>Los participantes con riesgo gen\u00e9tico de enfermedad de Alzheimer no se desempe\u00f1aron tan bien como el grupo de control.<\/p>\n<p>Informaci\u00f3n sobre la actividad de las celdas de la cuadr\u00edcula<\/p>\n<p>Un grupo adicional de personas de prueba realiz\u00f3 la misma tarea mientras los investigadores registraban su actividad cerebral con im\u00e1genes de resonancia magn\u00e9tica funcional. El objetivo de este experimento era averiguar qu\u00e9 procesos cerebrales desempe\u00f1an un papel en la integraci\u00f3n de caminos. El equipo descubri\u00f3 que las representaciones de celdas de cuadr\u00edcula en la corteza entorrinal se asocian espec\u00edficamente con la navegaci\u00f3n sin se\u00f1ales externas, lo que destaca el papel de esta regi\u00f3n del cerebro para la integraci\u00f3n de rutas.<\/p>\n<p>\u00abEn este estudio, demostramos un d\u00e9ficit muy espec\u00edfico en personas sanas con un riesgo gen\u00e9ticamente mayor de alzh\u00e9imer\u00bb, concluye Lukas Kunz. \u00abEn el futuro, tales cambios de comportamiento tal vez podr\u00edan ayudar a diagnosticar la enfermedad de Alzheimer antes, antes de que aparezcan s\u00edntomas graves\u00bb. Los investigadores creen que las terapias farmacol\u00f3gicas para la enfermedad de Alzheimer han fracasado hasta ahora porque el diagn\u00f3stico se hace demasiado tarde. <\/p>\n<p>Explore m\u00e1s<\/p>\n<p> Las oscilaciones proporcionan informaci\u00f3n sobre el sistema de navegaci\u00f3n del cerebro <strong>M\u00e1s informaci\u00f3n:<\/strong> Anne Bierbrauer et al. Desenmascarando los d\u00e9ficits de integraci\u00f3n de la ruta selectiva en los portadores de riesgo de la enfermedad de Alzheimer, Science Advances (2020). DOI: 10.1126\/sciadv.aba1394 <strong>Informaci\u00f3n de la revista:<\/strong> Science Advances <\/p>\n<p> Proporcionado por Ruhr-Universitaet-Bochum <strong>Cita<\/strong>: Las personas con mayor riesgo de Alzheimer tienen deficiencias en la navegaci\u00f3n ( 2020, 31 de agosto) recuperado el 31 de agosto de 2022 de https:\/\/medicalxpress.com\/news\/2020-08-people-alzheimer-deficits.html Este documento est\u00e1 sujeto a derechos de autor. Aparte de cualquier trato justo con fines de estudio o investigaci\u00f3n privados, ninguna parte puede reproducirse sin el permiso por escrito. El contenido se proporciona \u00fanicamente con fines informativos.<\/p>\n","protected":false},"excerpt":{"rendered":"<p>Cr\u00e9dito: Pixabay\/CC0 Public Domain Los animales y los humanos tienen la capacidad de seguir su propia posici\u00f3n en el espacio a trav\u00e9s de se\u00f1ales de movimiento propio, incluso en ausencia de cualquier otro sensor informaci\u00f3n. \u00abSi te levantas por la noche y quieres encontrar el camino al ba\u00f1o en la oscuridad, adem\u00e1s de conocer la &hellip; <a href=\"https:\/\/www.biblia.work\/articulos-salud\/las-personas-con-mayor-riesgo-de-alzheimer-tienen-deficiencias-en-la-navegacion\/\" class=\"more-link\">Continuar leyendo<span class=\"screen-reader-text\"> \u00abLas personas con mayor riesgo de Alzheimer tienen deficiencias en la navegaci\u00f3n\u00bb<\/span><\/a><\/p>\n","protected":false},"author":1,"featured_media":0,"comment_status":"","ping_status":"","sticky":false,"template":"","format":"standard","meta":{"footnotes":""},"categories":[1],"tags":[],"class_list":["post-33094","post","type-post","status-publish","format-standard","hentry","category-general"],"_links":{"self":[{"href":"https:\/\/www.biblia.work\/articulos-salud\/wp-json\/wp\/v2\/posts\/33094","targetHints":{"allow":["GET"]}}],"collection":[{"href":"https:\/\/www.biblia.work\/articulos-salud\/wp-json\/wp\/v2\/posts"}],"about":[{"href":"https:\/\/www.biblia.work\/articulos-salud\/wp-json\/wp\/v2\/types\/post"}],"author":[{"embeddable":true,"href":"https:\/\/www.biblia.work\/articulos-salud\/wp-json\/wp\/v2\/users\/1"}],"replies":[{"embeddable":true,"href":"https:\/\/www.biblia.work\/articulos-salud\/wp-json\/wp\/v2\/comments?post=33094"}],"version-history":[{"count":0,"href":"https:\/\/www.biblia.work\/articulos-salud\/wp-json\/wp\/v2\/posts\/33094\/revisions"}],"wp:attachment":[{"href":"https:\/\/www.biblia.work\/articulos-salud\/wp-json\/wp\/v2\/media?parent=33094"}],"wp:term":[{"taxonomy":"category","embeddable":true,"href":"https:\/\/www.biblia.work\/articulos-salud\/wp-json\/wp\/v2\/categories?post=33094"},{"taxonomy":"post_tag","embeddable":true,"href":"https:\/\/www.biblia.work\/articulos-salud\/wp-json\/wp\/v2\/tags?post=33094"}],"curies":[{"name":"wp","href":"https:\/\/api.w.org\/{rel}","templated":true}]}}