{"id":33097,"date":"2022-08-31T20:28:12","date_gmt":"2022-09-01T01:28:12","guid":{"rendered":"https:\/\/www.biblia.work\/articulos-salud\/personas-con-discapacidades-intelectuales-y-del-desarrollo-afectadas-de-manera-desproporcionada-por-el-covid-19\/"},"modified":"2022-08-31T20:28:12","modified_gmt":"2022-09-01T01:28:12","slug":"personas-con-discapacidades-intelectuales-y-del-desarrollo-afectadas-de-manera-desproporcionada-por-el-covid-19","status":"publish","type":"post","link":"https:\/\/www.biblia.work\/articulos-salud\/personas-con-discapacidades-intelectuales-y-del-desarrollo-afectadas-de-manera-desproporcionada-por-el-covid-19\/","title":{"rendered":"Personas con discapacidades intelectuales y del desarrollo afectadas de manera desproporcionada por el COVID-19"},"content":{"rendered":"<p>Cr\u00e9dito: Unsplash\/CC0 Dominio p\u00fablico <\/p>\n<p>La pandemia del COVID-19 ha cobrado un precio desproporcionado en las personas con discapacidades intelectuales y del desarrollo (IDD), escriben los directores de la Red de Centros de Investigaci\u00f3n de Discapacidades Intelectuales y del Desarrollo (IDDRC), un grupo nacional financiado por el Instituto Nacional de Salud Infantil y Desarrollo Humano Eunice Kennedy Shriver de NIH. El art\u00edculo fue escrito por John Constantino, MD, director del IDDRC en la Facultad de Medicina de la Universidad de Washington en St. Louis, junto con otros directores del IDDRC y l\u00edderes de la Asociaci\u00f3n de Centros Universitarios sobre Discapacidades. Aparece en el American Journal of Psychiatry. <\/p>\n<p>Una gran cantidad de personas con IDD que requieren atenci\u00f3n en persona han perdido el apoyo de cuidadores capacitados y proveedores de servicios comunitarios debido a la pandemia. Los autores se\u00f1alan que los Centros para el Control y la Prevenci\u00f3n de Enfermedades y otros han emitido pautas para hogares grupales, escuelas y otros encargados del cuidado de personas con IDD. Es vital asegurarse de que cuando regresen al trabajo, el personal de atenci\u00f3n ejerza t\u00e9cnicas y procedimientos para proteger a sus clientes de infecciones, escriben los autores. Adem\u00e1s, las personas con IDD dependen de sus cuidadores y seres queridos para que les ayuden a cerrar las brechas en sus habilidades intelectuales y de comunicaci\u00f3n. En ausencia de este contacto humano, los autores solicitan atenci\u00f3n y apoyo virtual, cuando sea viable. A aquellos que no pueden beneficiarse de los apoyos basados en pantallas se les debe dar prioridad para recibir servicios en persona.<\/p>\n<p>La suspensi\u00f3n del tiempo de clase tambi\u00e9n afecta de manera desproporcionada a los ni\u00f1os con IDD, que a menudo requieren servicios educativos especiales, mayores proporciones maestro-alumno, e intervenciones especializadas, muchas de las cuales deben administrarse en persona, se\u00f1alan los autores. Es dif\u00edcil para las familias asumir estas tareas, y siempre que sea posible se deben movilizar sustitutos calificados en el hogar para satisfacer esta necesidad y apoyar los esfuerzos de los padres.<\/p>\n<p>Adem\u00e1s, las personas con IDD a menudo no pueden verbalizar sus s\u00edntomas. durante las citas de telemedicina, y los m\u00e9dicos deben usar su mejor criterio para brindarles atenci\u00f3n en persona cuando sea necesario, seg\u00fan los autores. El art\u00edculo enfatiza que las personas con IDD que est\u00e1n infectadas con COVID-19 deben recibir igualdad de acceso a las pruebas y atenci\u00f3n m\u00e9dica adecuada. <\/p>\n<p>Explore m\u00e1s<\/p>\n<p> Siga las \u00faltimas noticias sobre el brote de coronavirus (COVID-19) <strong>M\u00e1s informaci\u00f3n:<\/strong> John N. Constantino et al. El impacto de COVID-19 en personas con discapacidades intelectuales y del desarrollo: prioridades cl\u00ednicas y cient\u00edficas, American Journal of Psychiatry (2020). DOI: 10.1176\/appi.ajp.2020.20060780 <strong>Informaci\u00f3n de la revista:<\/strong> American Journal of Psychiatry <\/p>\n<p> Proporcionado por los Institutos Nacionales de Salud <strong>Cita<\/strong>: Personas con discapacidades intelectuales y del desarrollo afectadas de manera desproporcionada por COVID-19 (2020, 31 de agosto) recuperado el 31 de agosto de 2022 de https:\/\/medicalxpress.com\/news\/2020-08-people-intellectual-developmental-disabilities-disproportionately.html Este documento est\u00e1 sujeto a derechos de autor. Aparte de cualquier trato justo con fines de estudio o investigaci\u00f3n privados, ninguna parte puede reproducirse sin el permiso por escrito. El contenido se proporciona \u00fanicamente con fines informativos.<\/p>\n","protected":false},"excerpt":{"rendered":"<p>Cr\u00e9dito: Unsplash\/CC0 Dominio p\u00fablico La pandemia del COVID-19 ha cobrado un precio desproporcionado en las personas con discapacidades intelectuales y del desarrollo (IDD), escriben los directores de la Red de Centros de Investigaci\u00f3n de Discapacidades Intelectuales y del Desarrollo (IDDRC), un grupo nacional financiado por el Instituto Nacional de Salud Infantil y Desarrollo Humano Eunice &hellip; <a href=\"https:\/\/www.biblia.work\/articulos-salud\/personas-con-discapacidades-intelectuales-y-del-desarrollo-afectadas-de-manera-desproporcionada-por-el-covid-19\/\" class=\"more-link\">Continuar leyendo<span class=\"screen-reader-text\"> \u00abPersonas con discapacidades intelectuales y del desarrollo afectadas de manera desproporcionada por el COVID-19\u00bb<\/span><\/a><\/p>\n","protected":false},"author":1,"featured_media":0,"comment_status":"","ping_status":"","sticky":false,"template":"","format":"standard","meta":{"footnotes":""},"categories":[1],"tags":[],"class_list":["post-33097","post","type-post","status-publish","format-standard","hentry","category-general"],"_links":{"self":[{"href":"https:\/\/www.biblia.work\/articulos-salud\/wp-json\/wp\/v2\/posts\/33097","targetHints":{"allow":["GET"]}}],"collection":[{"href":"https:\/\/www.biblia.work\/articulos-salud\/wp-json\/wp\/v2\/posts"}],"about":[{"href":"https:\/\/www.biblia.work\/articulos-salud\/wp-json\/wp\/v2\/types\/post"}],"author":[{"embeddable":true,"href":"https:\/\/www.biblia.work\/articulos-salud\/wp-json\/wp\/v2\/users\/1"}],"replies":[{"embeddable":true,"href":"https:\/\/www.biblia.work\/articulos-salud\/wp-json\/wp\/v2\/comments?post=33097"}],"version-history":[{"count":0,"href":"https:\/\/www.biblia.work\/articulos-salud\/wp-json\/wp\/v2\/posts\/33097\/revisions"}],"wp:attachment":[{"href":"https:\/\/www.biblia.work\/articulos-salud\/wp-json\/wp\/v2\/media?parent=33097"}],"wp:term":[{"taxonomy":"category","embeddable":true,"href":"https:\/\/www.biblia.work\/articulos-salud\/wp-json\/wp\/v2\/categories?post=33097"},{"taxonomy":"post_tag","embeddable":true,"href":"https:\/\/www.biblia.work\/articulos-salud\/wp-json\/wp\/v2\/tags?post=33097"}],"curies":[{"name":"wp","href":"https:\/\/api.w.org\/{rel}","templated":true}]}}