{"id":33132,"date":"2022-08-31T20:30:08","date_gmt":"2022-09-01T01:30:08","guid":{"rendered":"https:\/\/www.biblia.work\/articulos-salud\/los-factores-a-nivel-comunitario-explican-algunas-disparidades-raciales-en-la-covid-19\/"},"modified":"2022-08-31T20:30:08","modified_gmt":"2022-09-01T01:30:08","slug":"los-factores-a-nivel-comunitario-explican-algunas-disparidades-raciales-en-la-covid-19","status":"publish","type":"post","link":"https:\/\/www.biblia.work\/articulos-salud\/los-factores-a-nivel-comunitario-explican-algunas-disparidades-raciales-en-la-covid-19\/","title":{"rendered":"Los factores a nivel comunitario explican algunas disparidades raciales en la COVID-19"},"content":{"rendered":"<p>(HealthDay)Los factores a nivel comunitario explican algunas, pero no todas, las disparidades raciales y \u00e9tnicas en las tasas de COVID-19 en Massachusetts, seg\u00fan un informe publicado en l\u00ednea 27 de agosto en Asuntos de Salud. <\/p>\n<p>Jos\u00e9 F. Figueroa, MD, MPH, de la Escuela de Salud P\u00fablica TH Chan de Harvard en Boston, y sus colegas realizaron un estudio transversal de 351 pueblos y ciudades de Massachusetts desde el 1 de enero de 2020 hasta el 6 de mayo de 2020. para examinar qu\u00e9 factores demogr\u00e1ficos, econ\u00f3micos y ocupacionales han contribuido a las disparidades en COVID-19.<\/p>\n<p>Los investigadores encontraron que un aumento de 10 puntos porcentuales en las poblaciones negra y latina se correlacion\u00f3 con aumentos de 312.3 y 258.2 COVID -19 casos por 100.000, respectivamente. La proporci\u00f3n de no ciudadanos nacidos en el extranjero que viven en una comunidad, el tama\u00f1o medio del hogar y la proporci\u00f3n de trabajadores del servicio de alimentos fueron predictores independientes de tasas m\u00e1s altas de COVID-19. La asociaci\u00f3n entre la poblaci\u00f3n latina y las tasas de COVID-19 se atenu\u00f3 despu\u00e9s del ajuste de estas variables, pero la correlaci\u00f3n persisti\u00f3 para la poblaci\u00f3n negra, lo que indica que otras inequidades sist\u00e9micas pueden explicar la correlaci\u00f3n.<\/p>\n<p>\u00abM\u00e1s investigaci\u00f3n sobre el impacto social y los factores econ\u00f3micos que subyacen a las disparidades relacionadas con la COVID-19 y las nuevas pol\u00edticas para abordar los factores de riesgo y el racismo institucional ser\u00e1n fundamentales para controlar la epidemia y mejorar la equidad en la salud\u00bb, escriben los autores. <\/p>\n<p>Explore m\u00e1s<\/p>\n<p> Disparidades observadas en los puntos cr\u00edticos de COVID-19 para grupos minoritarios raciales y \u00e9tnicos <strong>M\u00e1s informaci\u00f3n:<\/strong> Resumen\/Texto completo <strong>Informaci\u00f3n de la revista:<\/strong> Asuntos de salud <\/p>\n<p> Derechos de autor 2020 HealthDay. Reservados todos los derechos. <\/p>\n<p> <strong>Cita<\/strong>: Los factores a nivel comunitario explican algunas disparidades raciales en COVID-19 (31 de agosto de 2020) consultado el 31 de agosto de 2022 de https:\/\/medicalxpress.com\/news\/2020-08- community-level-factors-racial-disparities-covid-.html Este documento est\u00e1 sujeto a derechos de autor. Aparte de cualquier trato justo con fines de estudio o investigaci\u00f3n privados, ninguna parte puede reproducirse sin el permiso por escrito. El contenido se proporciona \u00fanicamente con fines informativos.<\/p>\n","protected":false},"excerpt":{"rendered":"<p>(HealthDay)Los factores a nivel comunitario explican algunas, pero no todas, las disparidades raciales y \u00e9tnicas en las tasas de COVID-19 en Massachusetts, seg\u00fan un informe publicado en l\u00ednea 27 de agosto en Asuntos de Salud. Jos\u00e9 F. Figueroa, MD, MPH, de la Escuela de Salud P\u00fablica TH Chan de Harvard en Boston, y sus colegas &hellip; <a href=\"https:\/\/www.biblia.work\/articulos-salud\/los-factores-a-nivel-comunitario-explican-algunas-disparidades-raciales-en-la-covid-19\/\" class=\"more-link\">Continuar leyendo<span class=\"screen-reader-text\"> \u00abLos factores a nivel comunitario explican algunas disparidades raciales en la COVID-19\u00bb<\/span><\/a><\/p>\n","protected":false},"author":1,"featured_media":0,"comment_status":"","ping_status":"","sticky":false,"template":"","format":"standard","meta":{"footnotes":""},"categories":[1],"tags":[],"class_list":["post-33132","post","type-post","status-publish","format-standard","hentry","category-general"],"_links":{"self":[{"href":"https:\/\/www.biblia.work\/articulos-salud\/wp-json\/wp\/v2\/posts\/33132","targetHints":{"allow":["GET"]}}],"collection":[{"href":"https:\/\/www.biblia.work\/articulos-salud\/wp-json\/wp\/v2\/posts"}],"about":[{"href":"https:\/\/www.biblia.work\/articulos-salud\/wp-json\/wp\/v2\/types\/post"}],"author":[{"embeddable":true,"href":"https:\/\/www.biblia.work\/articulos-salud\/wp-json\/wp\/v2\/users\/1"}],"replies":[{"embeddable":true,"href":"https:\/\/www.biblia.work\/articulos-salud\/wp-json\/wp\/v2\/comments?post=33132"}],"version-history":[{"count":0,"href":"https:\/\/www.biblia.work\/articulos-salud\/wp-json\/wp\/v2\/posts\/33132\/revisions"}],"wp:attachment":[{"href":"https:\/\/www.biblia.work\/articulos-salud\/wp-json\/wp\/v2\/media?parent=33132"}],"wp:term":[{"taxonomy":"category","embeddable":true,"href":"https:\/\/www.biblia.work\/articulos-salud\/wp-json\/wp\/v2\/categories?post=33132"},{"taxonomy":"post_tag","embeddable":true,"href":"https:\/\/www.biblia.work\/articulos-salud\/wp-json\/wp\/v2\/tags?post=33132"}],"curies":[{"name":"wp","href":"https:\/\/api.w.org\/{rel}","templated":true}]}}