{"id":33144,"date":"2022-08-31T20:30:46","date_gmt":"2022-09-01T01:30:46","guid":{"rendered":"https:\/\/www.biblia.work\/articulos-salud\/la-vacuna-reduce-las-disparidades-raciales-en-la-enfermedad-neumococica\/"},"modified":"2022-08-31T20:30:46","modified_gmt":"2022-09-01T01:30:46","slug":"la-vacuna-reduce-las-disparidades-raciales-en-la-enfermedad-neumococica","status":"publish","type":"post","link":"https:\/\/www.biblia.work\/articulos-salud\/la-vacuna-reduce-las-disparidades-raciales-en-la-enfermedad-neumococica\/","title":{"rendered":"La vacuna reduce las disparidades raciales en la enfermedad neumoc\u00f3cica"},"content":{"rendered":"<p>Cr\u00e9dito: CC0 Public Domain <\/p>\n<p>En un gran \u00e9xito de salud p\u00fablica, la introducci\u00f3n de la vacuna antineumoc\u00f3cica conjugada PCV13, o Prevnar 13, en 2010 en los Estados Unidos se asocia con la reducci\u00f3n de las disparidades socioecon\u00f3micas y la casi eliminaci\u00f3n de las disparidades raciales basadas en negros y blancos para la enfermedad neumoc\u00f3cica invasiva. <\/p>\n<p>Eso es seg\u00fan un estudio pr\u00f3ximo en el Journal of Infectious Diseases por Rameela Raman, Ph.D., Helen Keipp Talbot, MD, MPH, y colegas en el Centro M\u00e9dico de la Universidad de Vanderbilt. Seg\u00fan los autores, este es el primer estudio que examina el efecto de PCV13 en las disparidades de salud socioecon\u00f3micas.<\/p>\n<p>\u00abNuestros datos muestran que PCV13 est\u00e1 asociado con una gran disminuci\u00f3n en la incidencia general de la enfermedad neumoc\u00f3cica invasiva y que las disparidades de enfermedades neumoc\u00f3cicas basadas en la raza se reducen notablemente\u00bb, dijo Raman, profesor asociado de bioestad\u00edstica. \u00abHay motivos para pensar que los 20 condados de Tennessee que pudimos estudiar son representativos del estado y de la regi\u00f3n\u00bb.<\/p>\n<p>La bacteria Streptococcus pneumoniae, o neumococo, es la principal causa de neumon\u00eda y meningitis adquiridas en la comunidad. en ni\u00f1os y ancianos; otras enfermedades neumoc\u00f3cicas invasivas incluyen infecciones del coraz\u00f3n, el cerebro, el torrente sangu\u00edneo, los huesos y el revestimiento interno del abdomen.<\/p>\n<p>El equipo vincul\u00f3 informaci\u00f3n socioecon\u00f3mica a nivel de vecindario con datos a nivel individual recopilados de 20 condados de Tennessee que participaron en un Sistema de vigilancia bacteriana de los Centros para el Control y la Prevenci\u00f3n de Enfermedades (CDC). Estos condados representan aproximadamente el 55 % de la poblaci\u00f3n total de Tennessee.<\/p>\n<p>Bajo una vacuna antineumoc\u00f3cica anterior de espectro menos amplio, PCV7, de 2001 a 2009, la incidencia de la enfermedad neumoc\u00f3cica invasiva fue de 17,9 casos por a\u00f1o por cada 100.000 habitantes. Despu\u00e9s de la introducci\u00f3n de PCV13, para los a\u00f1os 2011-16 la incidencia se redujo a 12,8.<\/p>\n<p>Con la vacuna anterior, la incidencia de la enfermedad neumoc\u00f3cica entre los negros fue aproximadamente 1,5 veces la incidencia entre los blancos: 24,7 y 16,4, respectivamente. Post-PCV13, la incidencia entre los negros fue alrededor de 1,15 veces la incidencia entre los blancos: 15 y 13,1, respectivamente. Despu\u00e9s de PCV13, la incidencia entre los negros de la enfermedad neumoc\u00f3cica con serotipos abordados por PCV13 fue alrededor de 0,8 veces la incidencia entre los blancos: 2,2 y 2,7, respectivamente.<\/p>\n<p>Antes de la introducci\u00f3n en 2000 de PCV7, la incidencia de La enfermedad del serotipo PCV13 en barrios de alta pobreza fue alrededor de 2,8 veces la incidencia en barrios de baja pobreza: 17,8 y 6,4, respectivamente. Despu\u00e9s de la PCV13, la incidencia de la enfermedad del serotipo PCV13 en los barrios de alta pobreza fue aproximadamente 2,2 veces mayor que la de los barrios de baja pobreza: 3,1 y 1,4, respectivamente. <\/p>\n<p>Explore m\u00e1s<\/p>\n<p> La vacuna antineumoc\u00f3cica conjugada 13-valente ya no se recomienda de forma rutinaria para adultos mayores de 65 a\u00f1os <strong>M\u00e1s informaci\u00f3n:<\/strong> Rameela Raman et al, Marked Reduction of Socioeconomic and Racial Disparities in Invasive Pneumococcal Disease Asociado con las vacunas neumoc\u00f3cicas conjugadas, The Journal of Infectious Diseases (2020). DOI: 10.1093\/infdis\/jiaa515 <strong>Informaci\u00f3n de la revista:<\/strong> Journal of Infectious Diseases <\/p>\n<p> Proporcionado por el Centro M\u00e9dico de la Universidad de Vanderbilt <strong>Cita<\/strong>: La vacuna reduce las disparidades raciales en la enfermedad neumoc\u00f3cica (2020, 31 de agosto) recuperado el 31 de agosto de 2022 de https:\/\/medicalxpress.com\/news\/2020-08-vaccine-narrows-racial-disparities-pneumococcal.html Este documento est\u00e1 sujeto a derechos de autor. Aparte de cualquier trato justo con fines de estudio o investigaci\u00f3n privados, ninguna parte puede reproducirse sin el permiso por escrito. El contenido se proporciona \u00fanicamente con fines informativos.<\/p>\n","protected":false},"excerpt":{"rendered":"<p>Cr\u00e9dito: CC0 Public Domain En un gran \u00e9xito de salud p\u00fablica, la introducci\u00f3n de la vacuna antineumoc\u00f3cica conjugada PCV13, o Prevnar 13, en 2010 en los Estados Unidos se asocia con la reducci\u00f3n de las disparidades socioecon\u00f3micas y la casi eliminaci\u00f3n de las disparidades raciales basadas en negros y blancos para la enfermedad neumoc\u00f3cica invasiva. &hellip; <a href=\"https:\/\/www.biblia.work\/articulos-salud\/la-vacuna-reduce-las-disparidades-raciales-en-la-enfermedad-neumococica\/\" class=\"more-link\">Continuar leyendo<span class=\"screen-reader-text\"> \u00abLa vacuna reduce las disparidades raciales en la enfermedad neumoc\u00f3cica\u00bb<\/span><\/a><\/p>\n","protected":false},"author":1,"featured_media":0,"comment_status":"","ping_status":"","sticky":false,"template":"","format":"standard","meta":{"footnotes":""},"categories":[1],"tags":[],"class_list":["post-33144","post","type-post","status-publish","format-standard","hentry","category-general"],"_links":{"self":[{"href":"https:\/\/www.biblia.work\/articulos-salud\/wp-json\/wp\/v2\/posts\/33144","targetHints":{"allow":["GET"]}}],"collection":[{"href":"https:\/\/www.biblia.work\/articulos-salud\/wp-json\/wp\/v2\/posts"}],"about":[{"href":"https:\/\/www.biblia.work\/articulos-salud\/wp-json\/wp\/v2\/types\/post"}],"author":[{"embeddable":true,"href":"https:\/\/www.biblia.work\/articulos-salud\/wp-json\/wp\/v2\/users\/1"}],"replies":[{"embeddable":true,"href":"https:\/\/www.biblia.work\/articulos-salud\/wp-json\/wp\/v2\/comments?post=33144"}],"version-history":[{"count":0,"href":"https:\/\/www.biblia.work\/articulos-salud\/wp-json\/wp\/v2\/posts\/33144\/revisions"}],"wp:attachment":[{"href":"https:\/\/www.biblia.work\/articulos-salud\/wp-json\/wp\/v2\/media?parent=33144"}],"wp:term":[{"taxonomy":"category","embeddable":true,"href":"https:\/\/www.biblia.work\/articulos-salud\/wp-json\/wp\/v2\/categories?post=33144"},{"taxonomy":"post_tag","embeddable":true,"href":"https:\/\/www.biblia.work\/articulos-salud\/wp-json\/wp\/v2\/tags?post=33144"}],"curies":[{"name":"wp","href":"https:\/\/api.w.org\/{rel}","templated":true}]}}