{"id":33147,"date":"2022-08-31T20:30:56","date_gmt":"2022-09-01T01:30:56","guid":{"rendered":"https:\/\/www.biblia.work\/articulos-salud\/el-asma-puede-no-ser-un-factor-de-riesgo-significativo-para-la-covid-19-grave\/"},"modified":"2022-08-31T20:30:56","modified_gmt":"2022-09-01T01:30:56","slug":"el-asma-puede-no-ser-un-factor-de-riesgo-significativo-para-la-covid-19-grave","status":"publish","type":"post","link":"https:\/\/www.biblia.work\/articulos-salud\/el-asma-puede-no-ser-un-factor-de-riesgo-significativo-para-la-covid-19-grave\/","title":{"rendered":"El asma puede no ser un factor de riesgo significativo para la COVID-19 grave"},"content":{"rendered":"<p>El asma puede no ser un factor de riesgo significativo para la COVID-19 grave. Cr\u00e9dito: ATS <\/p>\n<p>Una nueva carta de investigaci\u00f3n publicada en l\u00ednea en Annals of the American Thoracic Society examina si el asma es un factor de riesgo significativo para desarrollar COVID-19 que es lo suficientemente grave como para justificar la hospitalizaci\u00f3n e intubaci\u00f3n. Seg\u00fan los Centros para el Control y la Prevenci\u00f3n de Enfermedades, las personas con asma corren un mayor riesgo de hospitalizaci\u00f3n y otros efectos graves de la COVID-19, similar al riesgo elevado de afecciones de salud como la obesidad, la hipertensi\u00f3n y la diabetes. <\/p>\n<p>En \u00abAsma en las hospitalizaciones por COVID-19: \u00bfun factor de riesgo sobreestimado?\u00bb, el Dr. Fernando Holguin, MPH y los coautores compararon la prevalencia del asma entre los pacientes hospitalizados por COVID-19, seg\u00fan lo informado en 15 estudios revisados por pares. estudios, con el de la prevalencia de asma de la poblaci\u00f3n correspondiente. Tambi\u00e9n correlacionaron la prevalencia de asma del estudio con la prevalencia de asma promedio de cuatro a\u00f1os en las hospitalizaciones por influenza en los Estados Unidos. Adem\u00e1s, analizaron los registros m\u00e9dicos de 436 pacientes con COVID-19 ingresados en el Hospital de la Universidad de Colorado para evaluar la probabilidad de que los pacientes con asma fueran intubados con m\u00e1s frecuencia que los pacientes sin asma.<\/p>\n<p>\u00abLos CDC colocan las personas con asma tienen un mayor riesgo de hospitalizaci\u00f3n relacionada con la COVID\u00bb, dijo el Dr. Holguin, profesor del Programa Cl\u00ednico y de Investigaci\u00f3n del Asma, Divisi\u00f3n Pulmonar, Campus M\u00e9dico Anschutz de la Universidad de Colorado.<\/p>\n<p>\u00abSin embargo, muchos estudios internacionales muestran bajo n\u00famero de asm\u00e1ticos entre los pacientes hospitalizados con COVID-19. Estos hallazgos desaf\u00edan la suposici\u00f3n sobre el asma como un factor de riesgo\u00bb.<\/p>\n<p>Los investigadores realizaron una revisi\u00f3n enfocada de la literatura cient\u00edfica en ingl\u00e9s para identificar estudios que informan sobre el asma prevalencia entre pacientes hospitalizados por infecci\u00f3n por COVID-19. Tres revisores independientes acordaron incluir 15 estudios en el an\u00e1lisis. Usando datos locales de pacientes hospitalizados con COVID-19, realizaron un an\u00e1lisis estad\u00edstico para determinar la relaci\u00f3n entre el estado del asma y la intubaci\u00f3n, una vez que tuvieron en cuenta la edad, el sexo y el \u00edndice de masa corporal (IMC) de los pacientes.<\/p>\n<p> Los autores afirmaron: \u00abDescubrimos que la proporci\u00f3n de asm\u00e1ticos entre los pacientes hospitalizados con COVID-19 es relativamente similar a la prevalencia de asma en la poblaci\u00f3n de cada sitio de estudio. Este hallazgo contrasta marcadamente con la influenza, en la que los asm\u00e1ticos representan m\u00e1s del 20 por ciento de los hospitalizados en los Estados Unidos\u00bb.<\/p>\n<p>\u00abUsando datos de nuestro hospital, tambi\u00e9n observamos que entre los pacientes con COVID-19, aquellos con asma, que ten\u00edan una tasa de prevalencia del 12 por ciento, no parec\u00edan estar m\u00e1s propensos a ser intubados que los no asm\u00e1ticos\u00bb, agregaron.Dr. Holguin y sus colegas teorizan que los inhaladores de corticosteroides que usan muchas personas con asma dificultan que los coronavirus ingresen a sus v\u00edas respiratorias.<\/p>\n<p>Espec\u00edficamente, estas personas pueden tener niveles m\u00e1s bajos de expresi\u00f3n de ACE2, una prote\u00edna que se une al SARS -CoV-2, el virus causado por el COVID-19. Las personas con asma relacionada con alergias tambi\u00e9n pueden tener una expresi\u00f3n m\u00e1s baja de ACE2, ya sea que usen corticosteroides o no.<\/p>\n<p>\u00abLa contribuci\u00f3n de los niveles de expresi\u00f3n del receptor ACE2 a la susceptibilidad a COVID-19 a\u00fan no est\u00e1 clara, sin embargo, sin duda debe investigarse m\u00e1s a fondo\u00bb, dijo el Dr. Holguin.Dr. Holgu\u00edn agrega que se debe estudiar m\u00e1s la relaci\u00f3n asma-COVID-riesgo de intubaci\u00f3n. <\/p>\n<p>Explore m\u00e1s<\/p>\n<p> Siga las \u00faltimas noticias sobre el brote de coronavirus (COVID-19) Proporcionado por la Sociedad Tor\u00e1cica Estadounidense <strong>Cita<\/strong>: El asma puede no ser un factor de riesgo significativo para la COVID-19 grave ( 2020, 31 de agosto) recuperado el 31 de agosto de 2022 de https:\/\/medicalxpress.com\/news\/2020-08-asthma-significant-factor-severe-covid-.html Este documento est\u00e1 sujeto a derechos de autor. Aparte de cualquier trato justo con fines de estudio o investigaci\u00f3n privados, ninguna parte puede reproducirse sin el permiso por escrito. El contenido se proporciona \u00fanicamente con fines informativos.<\/p>\n","protected":false},"excerpt":{"rendered":"<p>El asma puede no ser un factor de riesgo significativo para la COVID-19 grave. Cr\u00e9dito: ATS Una nueva carta de investigaci\u00f3n publicada en l\u00ednea en Annals of the American Thoracic Society examina si el asma es un factor de riesgo significativo para desarrollar COVID-19 que es lo suficientemente grave como para justificar la hospitalizaci\u00f3n e &hellip; <a href=\"https:\/\/www.biblia.work\/articulos-salud\/el-asma-puede-no-ser-un-factor-de-riesgo-significativo-para-la-covid-19-grave\/\" class=\"more-link\">Continuar leyendo<span class=\"screen-reader-text\"> \u00abEl asma puede no ser un factor de riesgo significativo para la COVID-19 grave\u00bb<\/span><\/a><\/p>\n","protected":false},"author":1,"featured_media":0,"comment_status":"","ping_status":"","sticky":false,"template":"","format":"standard","meta":{"footnotes":""},"categories":[1],"tags":[],"class_list":["post-33147","post","type-post","status-publish","format-standard","hentry","category-general"],"_links":{"self":[{"href":"https:\/\/www.biblia.work\/articulos-salud\/wp-json\/wp\/v2\/posts\/33147","targetHints":{"allow":["GET"]}}],"collection":[{"href":"https:\/\/www.biblia.work\/articulos-salud\/wp-json\/wp\/v2\/posts"}],"about":[{"href":"https:\/\/www.biblia.work\/articulos-salud\/wp-json\/wp\/v2\/types\/post"}],"author":[{"embeddable":true,"href":"https:\/\/www.biblia.work\/articulos-salud\/wp-json\/wp\/v2\/users\/1"}],"replies":[{"embeddable":true,"href":"https:\/\/www.biblia.work\/articulos-salud\/wp-json\/wp\/v2\/comments?post=33147"}],"version-history":[{"count":0,"href":"https:\/\/www.biblia.work\/articulos-salud\/wp-json\/wp\/v2\/posts\/33147\/revisions"}],"wp:attachment":[{"href":"https:\/\/www.biblia.work\/articulos-salud\/wp-json\/wp\/v2\/media?parent=33147"}],"wp:term":[{"taxonomy":"category","embeddable":true,"href":"https:\/\/www.biblia.work\/articulos-salud\/wp-json\/wp\/v2\/categories?post=33147"},{"taxonomy":"post_tag","embeddable":true,"href":"https:\/\/www.biblia.work\/articulos-salud\/wp-json\/wp\/v2\/tags?post=33147"}],"curies":[{"name":"wp","href":"https:\/\/api.w.org\/{rel}","templated":true}]}}