{"id":33156,"date":"2022-08-31T20:31:24","date_gmt":"2022-09-01T01:31:24","guid":{"rendered":"https:\/\/www.biblia.work\/articulos-salud\/suecia-se-resiste-a-la-tendencia-de-negarse-a-recomendar-mascarillas\/"},"modified":"2022-08-31T20:31:24","modified_gmt":"2022-09-01T01:31:24","slug":"suecia-se-resiste-a-la-tendencia-de-negarse-a-recomendar-mascarillas","status":"publish","type":"post","link":"https:\/\/www.biblia.work\/articulos-salud\/suecia-se-resiste-a-la-tendencia-de-negarse-a-recomendar-mascarillas\/","title":{"rendered":"Suecia se resiste a la tendencia de negarse a recomendar mascarillas"},"content":{"rendered":"<p>Cr\u00e9dito: CC0 Public Domain <\/p>\n<p>Suecia atrajo la atenci\u00f3n mundial a principios de este a\u00f1o cuando se mantuvo abierta durante los primeros meses de la pandemia de coronavirus, y ahora est\u00e1 resistiendo nuevamente, esta vez neg\u00e1ndose a recomendar el uso de mascarillas. <\/p>\n<p>Mientras que la mayor parte del mundo ha llegado a un acuerdo con cubrirse la nariz y la boca en lugares concurridos, la gente en Suecia no tiene nada, viaja en autobuses y metros, compra comida e ir\u00e1 a la escuela sin m\u00e1scara, con solo unas pocas almas raras. cubriendo.<\/p>\n<p>Los funcionarios de salud p\u00fablica aqu\u00ed argumentan que las m\u00e1scaras no son lo suficientemente efectivas para limitar la propagaci\u00f3n del virus como para justificar el uso masivo, insistiendo en que es m\u00e1s importante respetar las recomendaciones de distanciamiento social y lavado de manos. <\/p>\n<p>\u00abCreo que es un poco extra\u00f1o. Suecia, como pa\u00eds peque\u00f1o, cree que sabe m\u00e1s que el resto del mundo. (Es) muy extra\u00f1o\u00bb, dice Jenny Ohlsson, propietaria de Froken. Sot tienda que vende m\u00e1scaras de tela de colores en el moderno barrio de Sodermalm de Estocolmo.<\/p>\n<p>El pa\u00eds escandinavo tiene el s\u00e9ptimo mayor n\u00famero de muertes en el mundo con 575 por mill\u00f3n de habitantes, principalmente debido a que no protegi\u00f3 a los ancianos en hogares de ancianos a principios de etapas de la pandemia.<\/p>\n<p>Suecia nunca cerr\u00f3 sus escuelas, negocios o caf\u00e9s y restaurantes, lo que permiti\u00f3 que el virus circulara y, por lo tanto, ha tenido un nivel alto constante de transmisi\u00f3n comunitaria.<\/p>\n<p>Pero A diferencia de muchos pa\u00edses en Europa que ven un resurgimiento de casos, como Francia, los Pa\u00edses Bajos, Alemania, B\u00e9lgica, Espa\u00f1a e Italia, los datos de Suecia ahora parecen apuntar en la direcci\u00f3n correcta: hacia abajo.<\/p>\n<p>Su n\u00famero diario de muertes alcanz\u00f3 su punto m\u00e1ximo en abril y ahora se ha reducido a un par de muertes por d\u00eda, el n\u00famero de casos ha sido en s ha disminuido desde principios de junio, y su n\u00famero R pr\u00e1cticamente se ha mantenido por debajo de 1 desde principios de julio.<\/p>\n<p>\u00bfConf\u00eda en la ciencia?<\/p>\n<p>Los funcionarios de salud p\u00fablica de Suecia dicen que no ven ninguna raz\u00f3n para cambiar su estrategia dada la tendencia aparentemente positiva, incluida su postura sobre las m\u00e1scaras.<\/p>\n<p>El epidemi\u00f3logo estatal Anders Tegnell de la Agencia de Salud P\u00fablica insiste en que los estudios cient\u00edficos no han demostrado que las m\u00e1scaras sean efectivas para limitar la propagaci\u00f3n del virus, lo que sugiere que pueden hacer m\u00e1s da\u00f1o que bien si se usa descuidadamente.<\/p>\n<p>\u00abHay al menos tres informes importantes de la Organizaci\u00f3n Mundial de la Salud, el (agencia de salud de la UE) ECDC y The Lancet informan que la OMS cita y todos afirman que la evidencia cient\u00edfica es d\u00e9bil. No hemos llevado a cabo nuestra propia evaluaci\u00f3n\u00bb, dijo recientemente a los periodistas.<\/p>\n<p>KK Cheng, epidemi\u00f3logo del Instituto de Investigaci\u00f3n Sanitaria Aplicada de la Universidad de Birmingham, dijo a la AFP que tal razonamiento era \u00abirresponsable\u00bb y \u00bb terco\u00bb, y pidi\u00f3 a Suecia que cambiara de rumbo.<\/p>\n<p>\u00abSi se equivoca, le cuesta la vida. Si me equivoco, \u00bfqu\u00e9 da\u00f1o hace?\u00bb<\/p>\n<p>Tegnell insiste en que las cifras de Suecia han disminuido desde que se mejoraron las rutinas en los hogares de ancianos y porque las personas ahora se quedan en casa cuando est\u00e1n enfermas, trabajan desde casa, y respetar el distanciamiento social.<\/p>\n<p>\u00abTratar de reemplazar esas medidas con m\u00e1scaras faciales no funcionar\u00e1\u00bb, insisti\u00f3 Tegnell.<\/p>\n<p>\u00abVarios pa\u00edses que introdujeron m\u00e1scaras ahora est\u00e1n viendo grandes resurgimientos, \u00ab, dijo el 14 de agosto.<\/p>\n<p>Cambio de sentido n\u00f3rdico<\/p>\n<p>Los vecinos n\u00f3rdicos de Suecia tambi\u00e9n se resistieron durante mucho tiempo al tema de las m\u00e1scaras, pero todos han cambiado de opini\u00f3n en las \u00faltimas semanas.<\/p>\n<p>Finlandia ahora recomienda usar m\u00e1scaras en lugares p\u00fablicos, Noruega lo recomienda en el transporte p\u00fablico de Oslo, mientras que Dinamarca lo ha hecho obligatorio en todo el transporte p\u00fablico y en taxis.<\/p>\n<p>Un grupo de 23 m\u00e9dicos y En junio, los investigadores instaron a Tegnell y a la Agencia de Salud P\u00fablica a reconsiderar la pol\u00edtica de no usar m\u00e1scaras en un editorial del diario Aftonbladet, un llamado que se ha repetido a intervalos regulares desde entonces, por th em y otros.<\/p>\n<p>La respuesta est\u00e1ndar de Tegnell es que los funcionarios de salud p\u00fablica est\u00e1n \u00abvigilando\u00bb el problema y podr\u00edan introducir la medida si se considera necesario.<\/p>\n<p>Queda por ver si La transmisi\u00f3n de COVID-19 en Suecia seguir\u00e1 disminuyendo.<\/p>\n<p>El estocolmo Gilbert Sylwander, de 69 a\u00f1os, examina las m\u00e1scaras en la tienda de Ohlsson y admira los dise\u00f1os brillantes. Dice que tiene fe en la estrategia de la Agencia Sueca de Salud P\u00fablica.<\/p>\n<p>\u00abParece como si tuvieran raz\u00f3n en muchas cosas con su investigaci\u00f3n\u00bb, dice a la AFP.<\/p>\n<p>\u00c9l no use una m\u00e1scara, pero lo har\u00eda si fuera una pol\u00edtica oficial.<\/p>\n<p>\u00abSi todos los dem\u00e1s usan una m\u00e1scara y tienen miedo de contaminarse, por supuesto que usar\u00e9 una m\u00e1scara, solo para ser cort\u00e9s con otras personas . Pero como este no es el caso aqu\u00ed&#8230;\u00bb, dice, su voz se apaga. <\/p>\n<p>Explore m\u00e1s<\/p>\n<p> Siga las \u00faltimas noticias sobre el brote de coronavirus (COVID-19) <\/p>\n<p> 2020 AFP <\/p>\n<p> <strong>Cita<\/strong>: Suecia contradice la tendencia de negarse a recomendar m\u00e1scaras (2020 , 31 de agosto) recuperado el 31 de agosto de 2022 de https:\/\/medicalxpress.com\/news\/2020-08-sweden-bucks-trend-masks.html Este documento est\u00e1 sujeto a derechos de autor. Aparte de cualquier trato justo con fines de estudio o investigaci\u00f3n privados, ninguna parte puede reproducirse sin el permiso por escrito. El contenido se proporciona \u00fanicamente con fines informativos.<\/p>\n","protected":false},"excerpt":{"rendered":"<p>Cr\u00e9dito: CC0 Public Domain Suecia atrajo la atenci\u00f3n mundial a principios de este a\u00f1o cuando se mantuvo abierta durante los primeros meses de la pandemia de coronavirus, y ahora est\u00e1 resistiendo nuevamente, esta vez neg\u00e1ndose a recomendar el uso de mascarillas. Mientras que la mayor parte del mundo ha llegado a un acuerdo con cubrirse &hellip; <a href=\"https:\/\/www.biblia.work\/articulos-salud\/suecia-se-resiste-a-la-tendencia-de-negarse-a-recomendar-mascarillas\/\" class=\"more-link\">Continuar leyendo<span class=\"screen-reader-text\"> \u00abSuecia se resiste a la tendencia de negarse a recomendar mascarillas\u00bb<\/span><\/a><\/p>\n","protected":false},"author":1,"featured_media":0,"comment_status":"","ping_status":"","sticky":false,"template":"","format":"standard","meta":{"footnotes":""},"categories":[1],"tags":[],"class_list":["post-33156","post","type-post","status-publish","format-standard","hentry","category-general"],"_links":{"self":[{"href":"https:\/\/www.biblia.work\/articulos-salud\/wp-json\/wp\/v2\/posts\/33156","targetHints":{"allow":["GET"]}}],"collection":[{"href":"https:\/\/www.biblia.work\/articulos-salud\/wp-json\/wp\/v2\/posts"}],"about":[{"href":"https:\/\/www.biblia.work\/articulos-salud\/wp-json\/wp\/v2\/types\/post"}],"author":[{"embeddable":true,"href":"https:\/\/www.biblia.work\/articulos-salud\/wp-json\/wp\/v2\/users\/1"}],"replies":[{"embeddable":true,"href":"https:\/\/www.biblia.work\/articulos-salud\/wp-json\/wp\/v2\/comments?post=33156"}],"version-history":[{"count":0,"href":"https:\/\/www.biblia.work\/articulos-salud\/wp-json\/wp\/v2\/posts\/33156\/revisions"}],"wp:attachment":[{"href":"https:\/\/www.biblia.work\/articulos-salud\/wp-json\/wp\/v2\/media?parent=33156"}],"wp:term":[{"taxonomy":"category","embeddable":true,"href":"https:\/\/www.biblia.work\/articulos-salud\/wp-json\/wp\/v2\/categories?post=33156"},{"taxonomy":"post_tag","embeddable":true,"href":"https:\/\/www.biblia.work\/articulos-salud\/wp-json\/wp\/v2\/tags?post=33156"}],"curies":[{"name":"wp","href":"https:\/\/api.w.org\/{rel}","templated":true}]}}