{"id":33186,"date":"2022-08-31T20:32:54","date_gmt":"2022-09-01T01:32:54","guid":{"rendered":"https:\/\/www.biblia.work\/articulos-salud\/los-adultos-mayores-enfrentaron-problemas-de-salud-mental-durante-la-pandemia\/"},"modified":"2022-08-31T20:32:54","modified_gmt":"2022-09-01T01:32:54","slug":"los-adultos-mayores-enfrentaron-problemas-de-salud-mental-durante-la-pandemia","status":"publish","type":"post","link":"https:\/\/www.biblia.work\/articulos-salud\/los-adultos-mayores-enfrentaron-problemas-de-salud-mental-durante-la-pandemia\/","title":{"rendered":"Los adultos mayores enfrentaron problemas de salud mental durante la pandemia"},"content":{"rendered":"<p>por Anne Krendl, profesora asociada en el Departamento de Ciencias Psicol\u00f3gicas y del Cerebro de IU. Cr\u00e9dito: Universidad de Indiana <\/p>\n<p>Los adultos mayores experimentaron una mayor depresi\u00f3n y soledad durante la pandemia de COVID-19, seg\u00fan un nuevo estudio realizado por investigadores de la Universidad de Indiana, y la fuerza de la relaci\u00f3n (cercan\u00eda percibida con los miembros de la red) moder\u00f3 la relaci\u00f3n entre la soledad y la depresi\u00f3n <\/p>\n<p>El estudio, publicado en The Journal of Gerontology: Serie B, fue escrito por Anne Krendl, profesora asociada en el Departamento de Ciencias Psicol\u00f3gicas y del Cerebro de la Facultad de Artes y Ciencias, y Brea Perry, profesora en el Departamento de Sociolog\u00eda de IU Bloomington. <\/p>\n<p>\u00abLo que encontramos es que la pandemia se asoci\u00f3 con peores resultados de salud mental para muchos adultos mayores\u00bb, dijo Krendl. \u00abSin embargo, para algunos, tener redes sociales cercanas parec\u00eda servir como un protector contra los resultados negativos de salud mental\u00bb.<\/p>\n<p>El estudio de Krendl y Perry examin\u00f3 si el aislamiento social debido a las \u00f3rdenes de confinamiento por la COVID-19 se asoci\u00f3 con una mayor soledad y una mayor depresi\u00f3n para los adultos mayores y, de ser as\u00ed, si la disminuci\u00f3n en el compromiso social o la fuerza de la relaci\u00f3n moderaron esa relaci\u00f3n. Los investigadores compararon las redes sociales personales, la soledad subjetiva y la depresi\u00f3n de 93 adultos mayores en la comunidad de Bloomington, de seis a nueve meses antes de la pandemia y desde finales de abril hasta finales de mayo, cuando la mayor\u00eda de las personas ten\u00edan \u00f3rdenes de quedarse en casa.<\/p>\n<p>Dos tercios (68 %) de los adultos mayores informaron pasar menos tiempo que antes con las personas que amaban, seg\u00fan el estudio, y el 79 % sinti\u00f3 que su vida social disminuy\u00f3 o se vio afectada negativamente por el COVID-19. Sin embargo, el 60 por ciento inform\u00f3 haber pasado algo o mucho m\u00e1s tiempo reconectando o poni\u00e9ndose al d\u00eda con las personas que les importaban y el 78 por ciento estaba usando alg\u00fan tipo de tecnolog\u00eda de Internet para mantenerse en contacto durante la pandemia. En promedio, los adultos mayores informaron pasar alrededor de 76 minutos socializando virtualmente o por tel\u00e9fono todos los d\u00edas.<\/p>\n<p>\u00abAunque investigaciones anteriores han demostrado que las personas en este grupo de edad no son usuarios \u00e1vidos de las redes sociales, la pandemia parece han movido la aguja, con m\u00e1s personas mayores confiando en las redes sociales para tratar de mantenerse conectadas\u00bb, dijo Krendl.<\/p>\n<p>La investigaci\u00f3n ha demostrado que la soledad est\u00e1 asociada con una serie de resultados negativos para los adultos mayores, incluidas tasas m\u00e1s altas de depresi\u00f3n y una mayor mortalidad, mientras que la cercan\u00eda con las personas en sus redes puede resultar en un mayor bienestar emocional.<\/p>\n<p>\u00abAunque los adultos mayores se adaptaron relativamente para mantenerse conectados durante la pandemia, descubrimos que los adultos que se sent\u00edan menos cerca de su red social durante la pandemia experiment\u00f3 un aumento de la depresi\u00f3n.Sin embargo, para los adultos mayores que se sintieron m\u00e1s cerca de sus redes sociales durante la pandemia, la depresi\u00f3n solo aument\u00f3 notablemente para aquellos que tambi\u00e9n hab\u00edan experimentado un gran aumento soledad\u00bb.<\/p>\n<p>Es importante, dijo Krendl, comprender completamente el impacto a corto plazo que la pandemia ha tenido en el bienestar de la salud mental de los adultos mayores para que los recursos y servicios puedan estar disponibles para aquellos que necesito. Adem\u00e1s, Krendl continuar\u00e1 haciendo un seguimiento de quienes participaron en la encuesta, para ver si los cambios en su salud mental se mantienen a corto plazo o conducen a cambios permanentes.<\/p>\n<p>\u00abUn per\u00edodo de aumento de los problemas de salud mental no significa necesariamente un cambio permanente\u00bb, dijo. \u00abPero ciertamente, los per\u00edodos de angustia de salud mental pueden tener implicaciones a m\u00e1s largo plazo para la salud y el bienestar. Caracterizar esos cambios ser\u00e1 importante para comprender el impacto total de la pandemia en el bienestar mental y social de los adultos mayores\u00bb. <\/p>\n<p>Explore m\u00e1s<\/p>\n<p> La encuesta encuentra un gran aumento en la angustia psicol\u00f3gica reportada entre los adultos estadounidenses durante la pandemia de COVID-19 <strong>M\u00e1s informaci\u00f3n:<\/strong> Anne C Krendl et al, The Impact of Sheltering in Place during the Pandemia de COVID-19 en el bienestar social y mental de los adultos mayores, The Journals of Gerontology: Serie B (2020). DOI: 10.1093\/geronb\/gbaa110 Proporcionado por la Universidad de Indiana <strong>Cita<\/strong>: Los adultos mayores enfrentaron problemas de salud mental durante la pandemia (28 de agosto de 2020) recuperado el 31 de agosto de 2022 de https:\/\/medicalxpress.com\/news\/ 2020-08-older-adults-mental-health-issues.html Este documento est\u00e1 sujeto a derechos de autor. Aparte de cualquier trato justo con fines de estudio o investigaci\u00f3n privados, ninguna parte puede reproducirse sin el permiso por escrito. El contenido se proporciona \u00fanicamente con fines informativos.<\/p>\n","protected":false},"excerpt":{"rendered":"<p>por Anne Krendl, profesora asociada en el Departamento de Ciencias Psicol\u00f3gicas y del Cerebro de IU. Cr\u00e9dito: Universidad de Indiana Los adultos mayores experimentaron una mayor depresi\u00f3n y soledad durante la pandemia de COVID-19, seg\u00fan un nuevo estudio realizado por investigadores de la Universidad de Indiana, y la fuerza de la relaci\u00f3n (cercan\u00eda percibida con &hellip; <a href=\"https:\/\/www.biblia.work\/articulos-salud\/los-adultos-mayores-enfrentaron-problemas-de-salud-mental-durante-la-pandemia\/\" class=\"more-link\">Continuar leyendo<span class=\"screen-reader-text\"> \u00abLos adultos mayores enfrentaron problemas de salud mental durante la pandemia\u00bb<\/span><\/a><\/p>\n","protected":false},"author":1,"featured_media":0,"comment_status":"","ping_status":"","sticky":false,"template":"","format":"standard","meta":{"footnotes":""},"categories":[1],"tags":[],"class_list":["post-33186","post","type-post","status-publish","format-standard","hentry","category-general"],"_links":{"self":[{"href":"https:\/\/www.biblia.work\/articulos-salud\/wp-json\/wp\/v2\/posts\/33186","targetHints":{"allow":["GET"]}}],"collection":[{"href":"https:\/\/www.biblia.work\/articulos-salud\/wp-json\/wp\/v2\/posts"}],"about":[{"href":"https:\/\/www.biblia.work\/articulos-salud\/wp-json\/wp\/v2\/types\/post"}],"author":[{"embeddable":true,"href":"https:\/\/www.biblia.work\/articulos-salud\/wp-json\/wp\/v2\/users\/1"}],"replies":[{"embeddable":true,"href":"https:\/\/www.biblia.work\/articulos-salud\/wp-json\/wp\/v2\/comments?post=33186"}],"version-history":[{"count":0,"href":"https:\/\/www.biblia.work\/articulos-salud\/wp-json\/wp\/v2\/posts\/33186\/revisions"}],"wp:attachment":[{"href":"https:\/\/www.biblia.work\/articulos-salud\/wp-json\/wp\/v2\/media?parent=33186"}],"wp:term":[{"taxonomy":"category","embeddable":true,"href":"https:\/\/www.biblia.work\/articulos-salud\/wp-json\/wp\/v2\/categories?post=33186"},{"taxonomy":"post_tag","embeddable":true,"href":"https:\/\/www.biblia.work\/articulos-salud\/wp-json\/wp\/v2\/tags?post=33186"}],"curies":[{"name":"wp","href":"https:\/\/api.w.org\/{rel}","templated":true}]}}