{"id":33197,"date":"2022-08-31T20:33:34","date_gmt":"2022-09-01T01:33:34","guid":{"rendered":"https:\/\/www.biblia.work\/articulos-salud\/las-escuelas-europeas-reabren-con-clases-mas-pequenas-lecciones-mas-cortas\/"},"modified":"2022-08-31T20:33:34","modified_gmt":"2022-09-01T01:33:34","slug":"las-escuelas-europeas-reabren-con-clases-mas-pequenas-lecciones-mas-cortas","status":"publish","type":"post","link":"https:\/\/www.biblia.work\/articulos-salud\/las-escuelas-europeas-reabren-con-clases-mas-pequenas-lecciones-mas-cortas\/","title":{"rendered":"Las escuelas europeas reabren con clases m\u00e1s peque\u00f1as, lecciones m\u00e1s cortas"},"content":{"rendered":"<p>Cr\u00e9dito: CC0 Public Domain <\/p>\n<p>Las naciones europeas est\u00e1n impulsando la reapertura de las escuelas primarias a pesar del aumento de casos de coronavirus, con clases m\u00e1s peque\u00f1as, lecciones m\u00e1s cortas y uso de m\u00e1scaras entre los pasos adoptados para frenar las infecciones. <\/p>\n<p>Pero a muchos padres y maestros les preocupa que las medidas no sean suficientes o que se hayan adoptado demasiado cerca del comienzo de las clases para implementarlas correctamente, lo que lleva a algunos padres a decidir mantener a sus hijos en casa.<\/p>\n<p>David Rodrigo, un especialista en TI de 41 a\u00f1os de la ciudad de Salamanca, en el oeste de Espa\u00f1a, dijo que no enviar\u00eda a sus dos hijos de siete y nueve a\u00f1os a su escuela cuando vuelva a abrir el pr\u00f3ximo mes porque teme que no lo haga. estar a salvo.<\/p>\n<p>Si bien los ni\u00f1os en general enfrentan s\u00edntomas de virus menos graves que los adultos, pueden infectar a los miembros mayores de la familia que viven en el mismo hogar que son \u00abmuy, muy vulnerables\u00bb, dijo Rodrigo, el portavoz de un grupo de padres que representa a unas 60 familias del \u00e1rea que comparten sus preocupaciones.<\/p>\n<p>\u00abEs una bomba de tiempo\u00bb, dijo, y agreg\u00f3 que los ni\u00f1os respetar\u00e1n las reglas de distanciamiento social durante \u00ablos primeros diez segundos\u00bb.<\/p>\n<p>Su grupo es uno de varios en Espa\u00f1a, que tiene una de las tasas de crecimiento de virus m\u00e1s r\u00e1pidas de Europa, que quiere que el gobierno lo haga posible para que los alumnos asistan a clases de forma remota hasta que se encuentre una vacuna o un tratamiento para el COVID-19.<\/p>\n<p>Pero el gobierno espa\u00f1ol insiste en que los ni\u00f1os, que no han visto un aula desde marzo cuando el aprendizaje en l\u00ednea reemplaz\u00f3 a la ense\u00f1anza presencial debido a la pandemia, deben asistir a clases cuando las escuelas vuelvan a abrir en septiembre.<\/p>\n<p>Anunci\u00f3 el jueves que todos los ni\u00f1os mayores de seis a\u00f1os deber\u00e1n usar m\u00e1scaras en todo momento mientras est\u00e9n en la escuela.<\/p>\n<p>Italia, el primer punto cr\u00edtico del virus en Europa, requiere m\u00e1scaras para ni\u00f1os mayores de seis a\u00f1os solo cuando no pueden respetar la distancia social, mientras que Grecia lo ha hecho obligatorio para todos los estudiantes.<\/p>\n<p>La importancia de usar m\u00e1scaras en la escuela durante una pandemia es \u00abtan obvia como el uso del cintur\u00f3n de seguridad en un autom\u00f3vil o la necesidad de vacunar a sus hijos\u00bb, dijo el ministro de Educaci\u00f3n griego, Niki Kerameus.<\/p>\n<p>&#8216;No he hecho nada&#8217;<\/p>\n<p>Algunos pa\u00edses tambi\u00e9n han reducido el tama\u00f1o de las clases para garantizar que los ni\u00f1os mantengan una distancia segura entre s\u00ed.<\/p>\n<p>En Grecia, que ha evitado lo peor f la pandemia hasta el momento, las clases no pueden tener m\u00e1s de 17 estudiantes, mientras que Serbia y Bosnia han establecido el l\u00edmite en 15.<\/p>\n<p>En Espa\u00f1a, la regi\u00f3n de Madrid anunci\u00f3 el martes que contratar\u00eda a casi 11,000 maestros m\u00e1s y establecer\u00eda aulas improvisadas en los patios de las escuelas para reducir el tama\u00f1o de las clases en las escuelas primarias a 20.<\/p>\n<p>Pero Mercedes Sardina, representante de docentes del sindicato CCOO en Fuenlabrada, en las afueras del sur de Madrid, dijo que dudaba que esto fuera posible, compar\u00e1ndolo a tratar de organizar una boda en tres d\u00edas \u00abcuando no has hecho nada\u00bb. Ni siquiera has comprado tu vestido\u00bb.<\/p>\n<p>\u00abLos maestros est\u00e1n muy asustados. Y los estudiantes y los padres tambi\u00e9n\u201d, agreg\u00f3.<\/p>\n<p>El sindicato de estudiantes de Espa\u00f1a ha convocado una huelga los d\u00edas 16, 17 y 18 de septiembre para denunciar la escasez de fondos y rechazar la \u201cimprovisaci\u00f3n\u201d del inicio del a\u00f1o escolar. <\/p>\n<p>Si bien Ana da Silva, una profesora de idiomas de 42 a\u00f1os en Fuenlabrada, dijo que tampoco estaba segura de que Madrid pudiera reducir el tama\u00f1o de las clases como se prometi\u00f3, estaba ansiosa por volver a la educaci\u00f3n presencial.<\/p>\n<p> p&gt; <\/p>\n<p>\u00abNecesito ver a mis alumnos, conectarme con ellos. Conocemos sus sue\u00f1os, sus alegr\u00edas, sus frustraciones\u00bb, dijo.<\/p>\n<p>Lecciones de 20 minutos<\/p>\n<p>Entre otras medidas implementadas, se encuentran horarios de inicio escalonados, reglas que requieren lavarse las manos con frecuencia y lecciones m\u00e1s cortas solo veinte minutos de duraci\u00f3n en las zonas urbanas de Bosnia.<\/p>\n<p>Italia ha pedido 2,4 millones de pupitres individuales, pero se espera que la entrega se prolongue hasta octubre, cuando ya hayan comenzado las clases.<\/p>\n<p>Grecia entregar\u00e1 todos los pupitres de primaria ni\u00f1os en edad escolar su propio frasco de agua reutilizable para que puedan evitar el uso de fuentes de agua donde el virus puede permanecer.<\/p>\n<p>El director m\u00e9dico de Gran Breta\u00f1a, Chris Whitty, ha tratado de calmar los nervios y le dijo a la BBC a principios de este mes que parec\u00eda que \u00abHay mucha menos transmisi\u00f3n de ni\u00f1os a adultos que de adultos a adultos\u00bb. <\/p>\n<p>Pero Alemania puede servir como advertencia. Las autoridades cerraron dos escuelas en el norte del pa\u00eds a principios de agosto despu\u00e9s de varios casos de COVID -19 fueron detectados en el personal y los estudiantes solo unos d\u00edas despu\u00e9s de que se reanudaron las clases. <\/p>\n<p>Explo re m\u00e1s<\/p>\n<p> Siga las \u00faltimas noticias sobre el brote de coronavirus (COVID-19) <\/p>\n<p> 2020 AFP <\/p>\n<p> <strong>Cita<\/strong>: Las escuelas europeas reabren con clases m\u00e1s peque\u00f1as, lecciones m\u00e1s cortas (2020, agosto 28) obtenido el 31 de agosto de 2022 de https:\/\/medicalxpress.com\/news\/2020-08-european-schools-reopen-smaller-classes.html Este documento est\u00e1 sujeto a derechos de autor. Aparte de cualquier trato justo con fines de estudio o investigaci\u00f3n privados, ninguna parte puede reproducirse sin el permiso por escrito. El contenido se proporciona \u00fanicamente con fines informativos.<\/p>\n","protected":false},"excerpt":{"rendered":"<p>Cr\u00e9dito: CC0 Public Domain Las naciones europeas est\u00e1n impulsando la reapertura de las escuelas primarias a pesar del aumento de casos de coronavirus, con clases m\u00e1s peque\u00f1as, lecciones m\u00e1s cortas y uso de m\u00e1scaras entre los pasos adoptados para frenar las infecciones. Pero a muchos padres y maestros les preocupa que las medidas no sean &hellip; <a href=\"https:\/\/www.biblia.work\/articulos-salud\/las-escuelas-europeas-reabren-con-clases-mas-pequenas-lecciones-mas-cortas\/\" class=\"more-link\">Continuar leyendo<span class=\"screen-reader-text\"> \u00abLas escuelas europeas reabren con clases m\u00e1s peque\u00f1as, lecciones m\u00e1s cortas\u00bb<\/span><\/a><\/p>\n","protected":false},"author":1,"featured_media":0,"comment_status":"","ping_status":"","sticky":false,"template":"","format":"standard","meta":{"footnotes":""},"categories":[1],"tags":[],"class_list":["post-33197","post","type-post","status-publish","format-standard","hentry","category-general"],"_links":{"self":[{"href":"https:\/\/www.biblia.work\/articulos-salud\/wp-json\/wp\/v2\/posts\/33197","targetHints":{"allow":["GET"]}}],"collection":[{"href":"https:\/\/www.biblia.work\/articulos-salud\/wp-json\/wp\/v2\/posts"}],"about":[{"href":"https:\/\/www.biblia.work\/articulos-salud\/wp-json\/wp\/v2\/types\/post"}],"author":[{"embeddable":true,"href":"https:\/\/www.biblia.work\/articulos-salud\/wp-json\/wp\/v2\/users\/1"}],"replies":[{"embeddable":true,"href":"https:\/\/www.biblia.work\/articulos-salud\/wp-json\/wp\/v2\/comments?post=33197"}],"version-history":[{"count":0,"href":"https:\/\/www.biblia.work\/articulos-salud\/wp-json\/wp\/v2\/posts\/33197\/revisions"}],"wp:attachment":[{"href":"https:\/\/www.biblia.work\/articulos-salud\/wp-json\/wp\/v2\/media?parent=33197"}],"wp:term":[{"taxonomy":"category","embeddable":true,"href":"https:\/\/www.biblia.work\/articulos-salud\/wp-json\/wp\/v2\/categories?post=33197"},{"taxonomy":"post_tag","embeddable":true,"href":"https:\/\/www.biblia.work\/articulos-salud\/wp-json\/wp\/v2\/tags?post=33197"}],"curies":[{"name":"wp","href":"https:\/\/api.w.org\/{rel}","templated":true}]}}