{"id":33201,"date":"2022-08-31T20:33:47","date_gmt":"2022-09-01T01:33:47","guid":{"rendered":"https:\/\/www.biblia.work\/articulos-salud\/cambio-de-sentido-de-paris-en-mascaras-para-ciclistas-y-corredores\/"},"modified":"2022-08-31T20:33:47","modified_gmt":"2022-09-01T01:33:47","slug":"cambio-de-sentido-de-paris-en-mascaras-para-ciclistas-y-corredores","status":"publish","type":"post","link":"https:\/\/www.biblia.work\/articulos-salud\/cambio-de-sentido-de-paris-en-mascaras-para-ciclistas-y-corredores\/","title":{"rendered":"Cambio de sentido de Par\u00eds en m\u00e1scaras para ciclistas y corredores"},"content":{"rendered":"<p>Cr\u00e9dito: Pixabay\/CC0 Public Domain <\/p>\n<p>Las autoridades de Par\u00eds dieron un giro de \u00faltimo minuto el viernes sobre un nuevo requisito para el uso universal de m\u00e1scaras, eximiendo a los ciclistas y corredores de la de lo contrario, obligaci\u00f3n general al aire libre. <\/p>\n<p>El uso de mascarillas al aire libre se volvi\u00f3 obligatorio en Par\u00eds y los suburbios cercanos a las 08:00 a. m. del viernes, ya que el gobierno toma medidas para detener la tendencia de aumento de las infecciones por coronavirus. El incumplimiento se sanciona con una multa de 135 euros (160 d\u00f3lares).<\/p>\n<p>\u00abNo se exigir\u00e1 el uso de mascarilla\u00bb a las personas que \u00abhagan ciclismo o trote como actividad f\u00edsica\u00bb, dijo la prefectura de polic\u00eda en una declaraci\u00f3n que se produjo en respuesta a una solicitud del ayuntamiento de Par\u00eds para una exenci\u00f3n.<\/p>\n<p>El jueves, los datos oficiales mostraron 6111 nuevos casos confirmados en 24 horas en todo el pa\u00eds, un r\u00e9cord desde el final del bloqueo de coronavirus de Francia en Mayo.<\/p>\n<p>La regi\u00f3n de Par\u00eds es uno de los 21 departamentos franceses en un mapa de zonas rojas con circulaci\u00f3n activa del virus.<\/p>\n<p>El jueves, las autoridades dijeron que la nueva obligaci\u00f3n de mascarilla se aplicar\u00eda a los peatones, ciclistas y usuarios de patinetes por igual.<\/p>\n<p>\u00abEstamos satisfechos con la decisi\u00f3n (de la prefectura) de permitir una exenci\u00f3n del uso de m\u00e1scaras para los ciclistas en #Par\u00eds\u00bb, tuite\u00f3 el vicealcalde Emmanuel Gregoire el viernes.<\/p>\n<p>\u00abAdem\u00e1s de los beneficios para la salud, andar en bicicleta es una excelente manera de evitar la congesti\u00f3n en el transporte p\u00fablico\u00bb.<\/p>\n<p>Gregoire le dijo a BFMTV la nueva Las \u00f3rdenes policiales tambi\u00e9n aclararon que no est\u00e1 prohibido fumar o comer en espacios p\u00fablicos.<\/p>\n<p>Apenas unas horas antes de que entrara en vigor la nueva medida, el Ayuntamiento de Par\u00eds inst\u00f3 a la prefectura de polic\u00eda a excluir a los ciclistas \u00abya que no hay nada en el ciencia para sugerir que es peligroso\u00bb andar en bicicleta sin m\u00e1scara.<\/p>\n<p>Gregoire dijo que tal requisito ser\u00eda contraproducente. \u00abLe decimos a la gente: &#8216;Toma tu bicicleta para descongestionar el transporte p\u00fablico&#8217; y al mismo tiempo les pedimos que usen una mascarilla que es especialmente inc\u00f3moda\u00bb, argument\u00f3.<\/p>\n<p>La medida no ten\u00eda sentido para los corredores tampoco, dijo el teniente de alcalde, \u201cporque cualquiera que haya hecho footing en su vida sabe que es imposible hacerlo con mascarilla\u201d.<\/p>\n<p>Las mascarillas ya eran obligatorias en el transporte p\u00fablico, en espacios p\u00fablicos cerrados , y al aire libre en Par\u00eds en ciertas \u00e1reas de alta congesti\u00f3n alrededor de sitios tur\u00edsticos. <\/p>\n<p>Explore m\u00e1s<\/p>\n<p> Siga las \u00faltimas noticias sobre el brote de coronavirus (COVID-19) <\/p>\n<p> 2020 AFP <\/p>\n<p> <strong>Cita<\/strong>: Cambio de sentido en Par\u00eds sobre mascarillas para ciclistas y corredores (2020, 28 de agosto) recuperado el 31 de agosto de 2022 de https:\/\/medicalxpress.com\/news\/2020-08-paris-u-turn-masks-cyclists-runners.html Este documento est\u00e1 sujeto a derechos de autor. Aparte de cualquier trato justo con fines de estudio o investigaci\u00f3n privados, ninguna parte puede reproducirse sin el permiso por escrito. El contenido se proporciona \u00fanicamente con fines informativos.<\/p>\n","protected":false},"excerpt":{"rendered":"<p>Cr\u00e9dito: Pixabay\/CC0 Public Domain Las autoridades de Par\u00eds dieron un giro de \u00faltimo minuto el viernes sobre un nuevo requisito para el uso universal de m\u00e1scaras, eximiendo a los ciclistas y corredores de la de lo contrario, obligaci\u00f3n general al aire libre. El uso de mascarillas al aire libre se volvi\u00f3 obligatorio en Par\u00eds y &hellip; <a href=\"https:\/\/www.biblia.work\/articulos-salud\/cambio-de-sentido-de-paris-en-mascaras-para-ciclistas-y-corredores\/\" class=\"more-link\">Continuar leyendo<span class=\"screen-reader-text\"> \u00abCambio de sentido de Par\u00eds en m\u00e1scaras para ciclistas y corredores\u00bb<\/span><\/a><\/p>\n","protected":false},"author":1,"featured_media":0,"comment_status":"","ping_status":"","sticky":false,"template":"","format":"standard","meta":{"footnotes":""},"categories":[1],"tags":[],"class_list":["post-33201","post","type-post","status-publish","format-standard","hentry","category-general"],"_links":{"self":[{"href":"https:\/\/www.biblia.work\/articulos-salud\/wp-json\/wp\/v2\/posts\/33201","targetHints":{"allow":["GET"]}}],"collection":[{"href":"https:\/\/www.biblia.work\/articulos-salud\/wp-json\/wp\/v2\/posts"}],"about":[{"href":"https:\/\/www.biblia.work\/articulos-salud\/wp-json\/wp\/v2\/types\/post"}],"author":[{"embeddable":true,"href":"https:\/\/www.biblia.work\/articulos-salud\/wp-json\/wp\/v2\/users\/1"}],"replies":[{"embeddable":true,"href":"https:\/\/www.biblia.work\/articulos-salud\/wp-json\/wp\/v2\/comments?post=33201"}],"version-history":[{"count":0,"href":"https:\/\/www.biblia.work\/articulos-salud\/wp-json\/wp\/v2\/posts\/33201\/revisions"}],"wp:attachment":[{"href":"https:\/\/www.biblia.work\/articulos-salud\/wp-json\/wp\/v2\/media?parent=33201"}],"wp:term":[{"taxonomy":"category","embeddable":true,"href":"https:\/\/www.biblia.work\/articulos-salud\/wp-json\/wp\/v2\/categories?post=33201"},{"taxonomy":"post_tag","embeddable":true,"href":"https:\/\/www.biblia.work\/articulos-salud\/wp-json\/wp\/v2\/tags?post=33201"}],"curies":[{"name":"wp","href":"https:\/\/api.w.org\/{rel}","templated":true}]}}