{"id":33215,"date":"2022-08-31T20:34:29","date_gmt":"2022-09-01T01:34:29","guid":{"rendered":"https:\/\/www.biblia.work\/articulos-salud\/austria-afectada-por-el-virus-vuelve-a-la-normalidad-a-mediados-de-2021\/"},"modified":"2022-08-31T20:34:29","modified_gmt":"2022-09-01T01:34:29","slug":"austria-afectada-por-el-virus-vuelve-a-la-normalidad-a-mediados-de-2021","status":"publish","type":"post","link":"https:\/\/www.biblia.work\/articulos-salud\/austria-afectada-por-el-virus-vuelve-a-la-normalidad-a-mediados-de-2021\/","title":{"rendered":"Austria afectada por el virus vuelve a la \u00abnormalidad\u00bb a mediados de 2021"},"content":{"rendered":"<p>Credit: CC0 Public Domain <\/p>\n<p>El viernes, el canciller austriaco Sebastian Kurz predijo el regreso a la \u00abnormalidad\u00bb el pr\u00f3ximo a\u00f1o despu\u00e9s de un oto\u00f1o e invierno desafiantes debido a la pandemia . <\/p>\n<p>Los pr\u00f3ximos meses ser\u00edan \u00abdesafiantes\u00bb a medida que las escuelas comiencen de nuevo, las temperaturas bajen y comience la temporada anual de gripe, dijo.<\/p>\n<p>Sin embargo, Kurz agreg\u00f3: \u00abEs muy probable desde nuestro punto de vista hoy que el pr\u00f3ximo verano puede volver a ser normal\u00bb. <\/p>\n<p>Dijo que el gobierno decidir\u00eda la pr\u00f3xima semana si endurecer a\u00fan m\u00e1s las medidas para frenar el creciente n\u00famero de infecciones.<\/p>\n<p>No dijo cu\u00e1les podr\u00edan ser estas medidas, pero que el objetivo del gobierno era para intentar evitar otro confinamiento estricto tras el de marzo para frenar la pandemia.<\/p>\n<p>El mes pasado, Austria reintrodujo el uso obligatorio de mascarillas en supermercados, tiendas de alimentaci\u00f3n, oficinas de correos y sucursales bancarias, adem\u00e1s del transporte p\u00fablico y farmacias.<\/p>\n<p>El miembro alpino de la UE, con una poblaci\u00f3n de casi nueve millones, ha escapado en gran medida a la peor parte de la crisis hasta el momento, registrando unos 26.400 nuevos casos de coronavirus y 733 muertes.<\/p>\n<p>Pero los casos han aumentado con m\u00e1s de 300 nuevas infecciones diarias que recientemente marcaron un r\u00e9cord desde el levantamiento gradual del estricto confinamiento en abril. <\/p>\n<p>Explore m\u00e1s<\/p>\n<p> Siga las \u00faltimas noticias sobre el brote de coronavirus (COVID-19) <\/p>\n<p> 2020 AFP <\/p>\n<p> <strong>Cita<\/strong>: Austria afectada por el virus vuelve a la \u00abnormalidad\u00bb a mediados de 2021 (28 de agosto de 2020) recuperado el 31 de agosto de 2022 de https:\/\/medicalxpress.com\/news\/2020-08-virus-hit-austria-mid-.html Este documento est\u00e1 sujeto a derechos de autor. Aparte de cualquier trato justo con fines de estudio o investigaci\u00f3n privados, ninguna parte puede reproducirse sin el permiso por escrito. El contenido se proporciona \u00fanicamente con fines informativos.<\/p>\n","protected":false},"excerpt":{"rendered":"<p>Credit: CC0 Public Domain El viernes, el canciller austriaco Sebastian Kurz predijo el regreso a la \u00abnormalidad\u00bb el pr\u00f3ximo a\u00f1o despu\u00e9s de un oto\u00f1o e invierno desafiantes debido a la pandemia . Los pr\u00f3ximos meses ser\u00edan \u00abdesafiantes\u00bb a medida que las escuelas comiencen de nuevo, las temperaturas bajen y comience la temporada anual de gripe, &hellip; <a href=\"https:\/\/www.biblia.work\/articulos-salud\/austria-afectada-por-el-virus-vuelve-a-la-normalidad-a-mediados-de-2021\/\" class=\"more-link\">Continuar leyendo<span class=\"screen-reader-text\"> \u00abAustria afectada por el virus vuelve a la \u00abnormalidad\u00bb a mediados de 2021&#8243;<\/span><\/a><\/p>\n","protected":false},"author":1,"featured_media":0,"comment_status":"","ping_status":"","sticky":false,"template":"","format":"standard","meta":{"footnotes":""},"categories":[1],"tags":[],"class_list":["post-33215","post","type-post","status-publish","format-standard","hentry","category-general"],"_links":{"self":[{"href":"https:\/\/www.biblia.work\/articulos-salud\/wp-json\/wp\/v2\/posts\/33215","targetHints":{"allow":["GET"]}}],"collection":[{"href":"https:\/\/www.biblia.work\/articulos-salud\/wp-json\/wp\/v2\/posts"}],"about":[{"href":"https:\/\/www.biblia.work\/articulos-salud\/wp-json\/wp\/v2\/types\/post"}],"author":[{"embeddable":true,"href":"https:\/\/www.biblia.work\/articulos-salud\/wp-json\/wp\/v2\/users\/1"}],"replies":[{"embeddable":true,"href":"https:\/\/www.biblia.work\/articulos-salud\/wp-json\/wp\/v2\/comments?post=33215"}],"version-history":[{"count":0,"href":"https:\/\/www.biblia.work\/articulos-salud\/wp-json\/wp\/v2\/posts\/33215\/revisions"}],"wp:attachment":[{"href":"https:\/\/www.biblia.work\/articulos-salud\/wp-json\/wp\/v2\/media?parent=33215"}],"wp:term":[{"taxonomy":"category","embeddable":true,"href":"https:\/\/www.biblia.work\/articulos-salud\/wp-json\/wp\/v2\/categories?post=33215"},{"taxonomy":"post_tag","embeddable":true,"href":"https:\/\/www.biblia.work\/articulos-salud\/wp-json\/wp\/v2\/tags?post=33215"}],"curies":[{"name":"wp","href":"https:\/\/api.w.org\/{rel}","templated":true}]}}