{"id":33231,"date":"2022-08-31T20:35:17","date_gmt":"2022-09-01T01:35:17","guid":{"rendered":"https:\/\/www.biblia.work\/articulos-salud\/un-tercio-de-los-mayores-de-50-anos-con-perdida-auditiva-podria-no-ser-diagnosticado\/"},"modified":"2022-08-31T20:35:17","modified_gmt":"2022-09-01T01:35:17","slug":"un-tercio-de-los-mayores-de-50-anos-con-perdida-auditiva-podria-no-ser-diagnosticado","status":"publish","type":"post","link":"https:\/\/www.biblia.work\/articulos-salud\/un-tercio-de-los-mayores-de-50-anos-con-perdida-auditiva-podria-no-ser-diagnosticado\/","title":{"rendered":"Un tercio de los mayores de 50 a\u00f1os con p\u00e9rdida auditiva podr\u00eda no ser diagnosticado"},"content":{"rendered":"<p>Cr\u00e9dito: Unsplash\/CC0 Public Domain <\/p>\n<p>Hasta un tercio de los adultos mayores con p\u00e9rdida auditiva en Inglaterra podr\u00edan no ser detectados ni tratados, seg\u00fan un nuevo estudio de la Universidad de los investigadores de Manchester. <\/p>\n<p>El estudio, publicado en JAMA Network Open, podr\u00eda significar que millones de personas no acuden a especialistas del o\u00eddo ni reciben aud\u00edfonos, cuando su audici\u00f3n se ha deteriorado considerablemente.<\/p>\n<p>Mujeres, personas mayores, con menos calificaciones y Los investigadores encontraron que quienes viv\u00edan en \u00e1reas m\u00e1s desfavorecidas ten\u00edan un mayor riesgo de no reconocer que su audici\u00f3n se hab\u00eda deteriorado y, por lo tanto, ten\u00edan menos probabilidades de buscar ayuda.<\/p>\n<p>Los hallazgos revelan que muchos casos de p\u00e9rdida auditiva no se diagnostican en la atenci\u00f3n primaria. ya que las personas muy a menudo no pueden reconocer que su audici\u00f3n se ha visto afectada, y destacan las brechas en la continuidad de las v\u00edas de atenci\u00f3n auditiva.<\/p>\n<p>Ph.D. La investigadora Dalia Tsimpida, quien dirigi\u00f3 el estudio, dijo que la dificultad auditiva no tratada puede tener un impacto negativo en la salud mental y f\u00edsica y, a pesar de eso, la p\u00e9rdida auditiva entre las personas mayores no se diagnostica ni se trata adecuadamente.<\/p>\n<p>El equipo examin\u00f3 los patrones de v\u00edas de salud entre los adultos mayores en Inglaterra, utilizando datos de audici\u00f3n de 8529 participantes de 50 a 89 a\u00f1os de edad del Estudio Longitudinal Ingl\u00e9s del Envejecimiento (ELSA).<\/p>\n<p>Los investigadores dijeron que como la encuesta es representativa de los poblaci\u00f3n de mayor edad, los hallazgos brindan una buena representaci\u00f3n de Inglaterra en su conjunto.<\/p>\n<p>Aunque se hab\u00eda identificado objetivamente que los participantes ten\u00edan p\u00e9rdida auditiva, no autoidentificaron sus propias dificultades correctamente y reportaron tener una audici\u00f3n normal. .<\/p>\n<p>Action on Hearing Loss estima que la p\u00e9rdida de audici\u00f3n afecta a m\u00e1s de 12 millones de personas en el Reino Unido y le cuesta a la econom\u00eda del Reino Unido alrededor de 25\u00a0000 millones al a\u00f1o en productividad y desempleo.<\/p>\n<p>No hay figura para Inglaterra debido a la ausencia de un programa de detecci\u00f3n.<\/p>\n<p>Para 2035, se estima que habr\u00e1 m\u00e1s de 15 millones de personas con p\u00e9rdida auditiva en el Reino Unido, una quinta parte de la poblaci\u00f3n.<\/p>\n<p>El diagn\u00f3stico de p\u00e9rdida auditiva comienza en la atenci\u00f3n primaria, donde tradicionalmente, las personas con dificultades auditivas acuden a su m\u00e9dico de cabecera para buscar asesoramiento e investigaci\u00f3n.<\/p>\n<p>La Sra. Tsimpida, que trabaja en el Instituto de Pol\u00edtica y Organizaci\u00f3n de la Salud de la Universidad ( IHPO) dijo: \u00abEs crucial que las personas con p\u00e9rdida auditiva sean detectadas de manera oportuna, remitidas a especialistas del o\u00eddo y que tengan acceso a aud\u00edfonos. La identificaci\u00f3n temprana de las dificultades auditivas en la atenci\u00f3n primaria puede ser la clave para abordar este importante problema de salud p\u00fablica.<\/p>\n<p>\u00abSin embargo, se necesita m\u00e1s investigaci\u00f3n para comprender por qu\u00e9 tantas personas no son diagnosticadas, aunque creemos que la p\u00e9rdida auditiva parte de un examen de atenci\u00f3n primaria de rutina entre los adultos mayores ser\u00eda beneficioso\u00bb.<\/p>\n<p>El estudio se llev\u00f3 a cabo durante el Ph.D. del NIHR Manchester Biomedical Research Center de la Sra. Tsimpida. Studentship, escrito en coautor\u00eda por sus supervisores, la Dra. Maria Panagioti, el profesor Evangelos Kontopantelis y el profesor Darren Ashcroft.<\/p>\n<p>A\u00f1adi\u00f3: \u00abEsta falta de conciencia de la p\u00e9rdida auditiva es un problema para muchas personas\u00bb.<\/p>\n<p> p&gt; <\/p>\n<p>La investigaci\u00f3n cl\u00ednica a menudo se basa en una medida de p\u00e9rdida auditiva autoinformada. Nuestro estudio mostr\u00f3 que la medici\u00f3n de la p\u00e9rdida auditiva por autoinforme ten\u00eda una precisi\u00f3n limitada y no era lo suficientemente sensible para detectar la p\u00e9rdida auditiva.<\/p>\n<p>\u00abEstos hallazgos pueden informar las pol\u00edticas de salud p\u00fablica relevantes para la selecci\u00f3n de herramientas apropiadas y validadas para detectar la p\u00e9rdida auditiva\u00bb. problemas entre adultos de mediana edad y mayores. El estudio tambi\u00e9n proporciona nuevos conocimientos sobre la pr\u00e1ctica cl\u00ednica y refuerza la importancia de una estrategia de detecci\u00f3n de p\u00e9rdida auditiva eficaz y sostenible en la atenci\u00f3n primaria\u00bb. <\/p>\n<p>Explore m\u00e1s<\/p>\n<p> P\u00e9rdida de audici\u00f3n relacionada con inestabilidad postural en adultos mayores <strong>M\u00e1s informaci\u00f3n:<\/strong> Dialechti Tsimpida et al. Comparaci\u00f3n de medidas de audici\u00f3n autoinformadas con una medida audiom\u00e9trica objetiva en adultos en el estudio longitudinal ingl\u00e9s del envejecimiento, JAMA Network Open (2020). DOI: 10.1001\/jamanetworkopen.2020.15009 <strong>Informaci\u00f3n de la revista:<\/strong> JAMA Network Open <\/p>\n<p> Proporcionado por la Universidad de Manchester <strong>Cita<\/strong>: Un tercio de las personas mayores de 50 a\u00f1os con p\u00e9rdida auditiva podr\u00edan no ser diagnosticadas (28 de agosto de 2020) recuperado el 31 de agosto de 2022 de https:\/\/medicalxpress.com\/news\/2020-08-over-50s-loss-undiagnosed.html Este documento est\u00e1 sujeto a derechos de autor. Aparte de cualquier trato justo con fines de estudio o investigaci\u00f3n privados, ninguna parte puede reproducirse sin el permiso por escrito. El contenido se proporciona \u00fanicamente con fines informativos.<\/p>\n","protected":false},"excerpt":{"rendered":"<p>Cr\u00e9dito: Unsplash\/CC0 Public Domain Hasta un tercio de los adultos mayores con p\u00e9rdida auditiva en Inglaterra podr\u00edan no ser detectados ni tratados, seg\u00fan un nuevo estudio de la Universidad de los investigadores de Manchester. El estudio, publicado en JAMA Network Open, podr\u00eda significar que millones de personas no acuden a especialistas del o\u00eddo ni reciben &hellip; <a href=\"https:\/\/www.biblia.work\/articulos-salud\/un-tercio-de-los-mayores-de-50-anos-con-perdida-auditiva-podria-no-ser-diagnosticado\/\" class=\"more-link\">Continuar leyendo<span class=\"screen-reader-text\"> \u00abUn tercio de los mayores de 50 a\u00f1os con p\u00e9rdida auditiva podr\u00eda no ser diagnosticado\u00bb<\/span><\/a><\/p>\n","protected":false},"author":1,"featured_media":0,"comment_status":"","ping_status":"","sticky":false,"template":"","format":"standard","meta":{"footnotes":""},"categories":[1],"tags":[],"class_list":["post-33231","post","type-post","status-publish","format-standard","hentry","category-general"],"_links":{"self":[{"href":"https:\/\/www.biblia.work\/articulos-salud\/wp-json\/wp\/v2\/posts\/33231","targetHints":{"allow":["GET"]}}],"collection":[{"href":"https:\/\/www.biblia.work\/articulos-salud\/wp-json\/wp\/v2\/posts"}],"about":[{"href":"https:\/\/www.biblia.work\/articulos-salud\/wp-json\/wp\/v2\/types\/post"}],"author":[{"embeddable":true,"href":"https:\/\/www.biblia.work\/articulos-salud\/wp-json\/wp\/v2\/users\/1"}],"replies":[{"embeddable":true,"href":"https:\/\/www.biblia.work\/articulos-salud\/wp-json\/wp\/v2\/comments?post=33231"}],"version-history":[{"count":0,"href":"https:\/\/www.biblia.work\/articulos-salud\/wp-json\/wp\/v2\/posts\/33231\/revisions"}],"wp:attachment":[{"href":"https:\/\/www.biblia.work\/articulos-salud\/wp-json\/wp\/v2\/media?parent=33231"}],"wp:term":[{"taxonomy":"category","embeddable":true,"href":"https:\/\/www.biblia.work\/articulos-salud\/wp-json\/wp\/v2\/categories?post=33231"},{"taxonomy":"post_tag","embeddable":true,"href":"https:\/\/www.biblia.work\/articulos-salud\/wp-json\/wp\/v2\/tags?post=33231"}],"curies":[{"name":"wp","href":"https:\/\/api.w.org\/{rel}","templated":true}]}}