{"id":33251,"date":"2022-08-31T20:36:25","date_gmt":"2022-09-01T01:36:25","guid":{"rendered":"https:\/\/www.biblia.work\/articulos-salud\/el-oro-en-la-leche-materna\/"},"modified":"2022-08-31T20:36:25","modified_gmt":"2022-09-01T01:36:25","slug":"el-oro-en-la-leche-materna","status":"publish","type":"post","link":"https:\/\/www.biblia.work\/articulos-salud\/el-oro-en-la-leche-materna\/","title":{"rendered":"El \u00aboro\u00bb en la leche materna"},"content":{"rendered":"<p>La foto muestra a la profesora Dorothee Viemann (derecha) y la Dra. Sabine Pirr, m\u00e9dica principal de la unidad de cuidados intensivos para beb\u00e9s prematuros y nacidos a t\u00e9rmino en la Escuela de Medicina de Hannover (MHH), apareciendo con un beb\u00e9 prematuro. La foto fue tomada antes de la pandemia de corona. Cr\u00e9dito: Sven Dring de VolkswagenStiftung <\/p>\n<p>La leche materna fortalece el sistema inmunol\u00f3gico de un ni\u00f1o, apoyando la flora intestinal. Estos hechos son de conocimiento com\u00fan. Pero, \u00bfc\u00f3mo funciona esto? \u00bfCu\u00e1les son los mecanismos moleculares detr\u00e1s de este fen\u00f3meno? \u00bfY por qu\u00e9 esto no es posible de la misma manera con la alimentaci\u00f3n con biber\u00f3n? Las razones eran desconocidas hasta que un equipo del Grupo de Excelencia RESIST de la Facultad de Medicina de Hannover (MHH) descubri\u00f3 recientemente c\u00f3mo las alarminas son ese mecanismo en un proyecto que involucra a la Universidad de Bonn. Los resultados se publicaron previamente en l\u00ednea en la revista m\u00e9dica Gastroenterology. El documento pronto aparecer\u00e1 impreso. <\/p>\n<p>\u00abLas alarminas son el &#8216;oro&#8217; de la leche materna. Estas prote\u00ednas previenen los peligrosos trastornos de colonizaci\u00f3n intestinal que pueden provocar envenenamiento de la sangre e inflamaci\u00f3n intestinal\u00bb, relata la jefa de equipo, la profesora Dra. Dorothee Viemann, de la Cl\u00ednica de la Facultad de Medicina de Hannover (MHH). para neumolog\u00eda, alergolog\u00eda y neonatolog\u00eda pedi\u00e1trica.<\/p>\n<p>El sistema inmunitario intestinal posnatal, es decir, la flora y la mucosa intestinales, maduran a trav\u00e9s de la interacci\u00f3n con las bacterias del entorno. Esto da lugar a una diversidad \u00f3ptima de bacterias que dura toda la vida y ofrece protecci\u00f3n contra muchas enfermedades. \u00abLas alarmas controlan este proceso de adaptaci\u00f3n\u00bb, explica el profesor Viemann, cuya investigaci\u00f3n ha revelado que estos p\u00e9ptidos y prote\u00ednas se derivan de la leche materna y surgen en el tracto intestinal del ni\u00f1o. El proceso del trabajo de parto juega un papel en esto, ya que los beb\u00e9s nacidos por ces\u00e1rea planificada exhiben niveles m\u00e1s bajos de alarminas que los beb\u00e9s nacidos por v\u00eda vaginal. Adem\u00e1s, los beb\u00e9s prematuros son menos capaces de producir alarminas que los beb\u00e9s nacidos a t\u00e9rmino. Por lo tanto, estas personas son m\u00e1s propensas a sufrir enfermedades inflamatorias cr\u00f3nicas.<\/p>\n<p>Para este trabajo de investigaci\u00f3n, financiado en parte por la Fundaci\u00f3n Volkswagen como parte de la iniciativa \u00abOff the Beaten Track\u00bb y por el Cl\u00faster de Excelencia RESIST , el equipo midi\u00f3 la concentraci\u00f3n de alarmina en muestras de heces infantiles en el primer a\u00f1o de vida para estudiar el efecto de las mismas en el desarrollo de la flora y la mucosa intestinal.<\/p>\n<p>\u00abLa suplementaci\u00f3n con estas prote\u00ednas podr\u00eda apoyar el desarrollo de los reci\u00e9n nacidos que no producen suficientes alarminas ni obtienen suficiente en la leche materna. Eso podr\u00eda prevenir una variedad de afecciones a largo plazo relacionadas con los trastornos de la colonizaci\u00f3n intestinal, como la inflamaci\u00f3n intestinal cr\u00f3nica y la obesidad\u00bb, dice el profesor Viemann. Esta afirmaci\u00f3n est\u00e1 respaldada por la observaci\u00f3n, entre otras, de que una sola administraci\u00f3n de alarminas en el modelo de rat\u00f3n brinda protecci\u00f3n contra la colonizaci\u00f3n deficiente y las enfermedades asociadas. Ahora, bas\u00e1ndose en sus hallazgos, los investigadores de RESIST est\u00e1n planeando m\u00e1s trabajo precl\u00ednico, as\u00ed como estudios cl\u00ednicos en una etapa posterior.<\/p>\n<p>Los autores principales son Maike Willers del MHH y el Dr. Thomas Ulas de la Universidad de Bonn. \u201cNuestra contribuci\u00f3n fue realizar todo el preprocesamiento bioinform\u00e1tico y el an\u00e1lisis de los datos gen\u00e9ticos de la totalidad de los microorganismos derivados de muestras de heces infantiles, lo que brind\u00f3 informaci\u00f3n sobre la composici\u00f3n y posibles desequilibrios de la flora intestinal\u201d, dijo el Dr. Ulas del Instituto LIMES. (\u00abCiencias M\u00e9dicas y de la Vida\u00bb) en la Universidad de Bonn. El modelado matem\u00e1tico, explic\u00f3, fue crucial para permitir a los cient\u00edficos demostrar que las alarminas tienen un impacto significativo en el desarrollo de la flora intestinal. <\/p>\n<p>Explore m\u00e1s<\/p>\n<p> La influencia de los probi\u00f3ticos en la flora intestinal de los beb\u00e9s prematuros <strong>M\u00e1s informaci\u00f3n:<\/strong> Maike Willers et al, S100A8 y S100A9 son importantes para el desarrollo posnatal de la microbiota intestinal y el sistema inmunol\u00f3gico en Ratones y Lactantes, Gastroenterolog\u00eda (2020). DOI: 10.1053\/j.gastro.2020.08.019 <strong>Informaci\u00f3n de la revista:<\/strong> Gastroenterolog\u00eda <\/p>\n<p> Proporcionado por la Universidad de Bonn <strong>Cita<\/strong>: El \u00aboro\u00bb en la leche materna (2020, 28 de agosto) recuperado el 31 de agosto de 2022 de https:\/\/medicalxpress.com\/news\/2020-08-gold-breast.html Este documento est\u00e1 sujeto a derechos de autor. Aparte de cualquier trato justo con fines de estudio o investigaci\u00f3n privados, ninguna parte puede reproducirse sin el permiso por escrito. El contenido se proporciona \u00fanicamente con fines informativos.<\/p>\n","protected":false},"excerpt":{"rendered":"<p>La foto muestra a la profesora Dorothee Viemann (derecha) y la Dra. Sabine Pirr, m\u00e9dica principal de la unidad de cuidados intensivos para beb\u00e9s prematuros y nacidos a t\u00e9rmino en la Escuela de Medicina de Hannover (MHH), apareciendo con un beb\u00e9 prematuro. La foto fue tomada antes de la pandemia de corona. Cr\u00e9dito: Sven Dring &hellip; <a href=\"https:\/\/www.biblia.work\/articulos-salud\/el-oro-en-la-leche-materna\/\" class=\"more-link\">Continuar leyendo<span class=\"screen-reader-text\"> \u00abEl \u00aboro\u00bb en la leche materna\u00bb<\/span><\/a><\/p>\n","protected":false},"author":1,"featured_media":0,"comment_status":"","ping_status":"","sticky":false,"template":"","format":"standard","meta":{"footnotes":""},"categories":[1],"tags":[],"class_list":["post-33251","post","type-post","status-publish","format-standard","hentry","category-general"],"_links":{"self":[{"href":"https:\/\/www.biblia.work\/articulos-salud\/wp-json\/wp\/v2\/posts\/33251","targetHints":{"allow":["GET"]}}],"collection":[{"href":"https:\/\/www.biblia.work\/articulos-salud\/wp-json\/wp\/v2\/posts"}],"about":[{"href":"https:\/\/www.biblia.work\/articulos-salud\/wp-json\/wp\/v2\/types\/post"}],"author":[{"embeddable":true,"href":"https:\/\/www.biblia.work\/articulos-salud\/wp-json\/wp\/v2\/users\/1"}],"replies":[{"embeddable":true,"href":"https:\/\/www.biblia.work\/articulos-salud\/wp-json\/wp\/v2\/comments?post=33251"}],"version-history":[{"count":0,"href":"https:\/\/www.biblia.work\/articulos-salud\/wp-json\/wp\/v2\/posts\/33251\/revisions"}],"wp:attachment":[{"href":"https:\/\/www.biblia.work\/articulos-salud\/wp-json\/wp\/v2\/media?parent=33251"}],"wp:term":[{"taxonomy":"category","embeddable":true,"href":"https:\/\/www.biblia.work\/articulos-salud\/wp-json\/wp\/v2\/categories?post=33251"},{"taxonomy":"post_tag","embeddable":true,"href":"https:\/\/www.biblia.work\/articulos-salud\/wp-json\/wp\/v2\/tags?post=33251"}],"curies":[{"name":"wp","href":"https:\/\/api.w.org\/{rel}","templated":true}]}}