{"id":33258,"date":"2022-08-31T20:36:50","date_gmt":"2022-09-01T01:36:50","guid":{"rendered":"https:\/\/www.biblia.work\/articulos-salud\/los-marcadores-proteomicos-pueden-predecir-la-psicosis-en-personas-en-riesgo\/"},"modified":"2022-08-31T20:36:50","modified_gmt":"2022-09-01T01:36:50","slug":"los-marcadores-proteomicos-pueden-predecir-la-psicosis-en-personas-en-riesgo","status":"publish","type":"post","link":"https:\/\/www.biblia.work\/articulos-salud\/los-marcadores-proteomicos-pueden-predecir-la-psicosis-en-personas-en-riesgo\/","title":{"rendered":"Los marcadores prote\u00f3micos pueden predecir la psicosis en personas en riesgo"},"content":{"rendered":"<p>(HealthDay) En los j\u00f3venes en riesgo de psicosis, los biomarcadores prote\u00f3micos pueden ayudar a individualizar el pron\u00f3stico, seg\u00fan un estudio publicado en l\u00ednea el 26 de agosto en JAMA Psychiatry. <\/p>\n<p>David Mongan, MB, B.Ch., del Royal College of Surgeons en Dubl\u00edn, Irlanda, y sus colegas investigaron si los biomarcadores prote\u00f3micos pueden predecir la transici\u00f3n a un trastorno psic\u00f3tico en el estado cl\u00ednico de alto riesgo (CHR) y las experiencias psic\u00f3ticas de los adolescentes (EP) en la poblaci\u00f3n general. El an\u00e1lisis incluy\u00f3 datos de pacientes que participan en la Red Europea de Redes Nacionales de Esquizofrenia que estudian interacciones gen-ambiente (EU-GEI; 133 participantes en CHR [edad media, 22,6 a\u00f1os; 51,1 % hombres]), de los cuales el 36,8 % desarroll\u00f3 psicosis y el 63,2 % por ciento no lo hizo. El an\u00e1lisis tambi\u00e9n incluy\u00f3 datos de la poblaci\u00f3n general que particip\u00f3 en el Estudio Longitudinal de Padres e Hijos de Avon (ALSPAC; 121 participantes; 50,4 % hombres), de los cuales el 45,5 % ten\u00eda EP a los 18 a\u00f1os y el 50,4 % no.<\/p>\n<p>Los investigadores descubrieron que en el conjunto de datos EU-GEI, un modelo basado en datos prote\u00f3micos y cl\u00ednicos de referencia demostr\u00f3 un rendimiento excelente para la predicci\u00f3n del resultado de la transici\u00f3n (\u00e1rea bajo la curva caracter\u00edstica operativa del receptor [AUC], 0,95; valor predictivo positivo [PPV ], 75,0 por ciento; valor predictivo negativo [VPN], 98,6 por ciento). Utilizando las 10 prote\u00ednas m\u00e1s predictivas, un modelo predijo con precisi\u00f3n el estado de transici\u00f3n en los datos de entrenamiento (AUC, 0,99; PPV, 76,9 por ciento; VPN, 100 por ciento) y datos de prueba (AUC, 0,92; PPV, 81,8 por ciento; VPN, 96,8 por ciento). En el conjunto de datos ALSPAC, un modelo que utiliza datos prote\u00f3micos a los 12 a\u00f1os predijo PE a los 18 a\u00f1os con un AUC de 0,74, un VPP del 67,8 % y un VPN del 75,8 %.<\/p>\n<p>\u00abEstos hallazgos implican desregulaci\u00f3n temprana del complemento y la cascada de coagulaci\u00f3n en el desarrollo de los resultados de la psicosis\u00bb, escriben los autores.<\/p>\n<p>Dos autores revelaron v\u00ednculos financieros con la industria biofarmac\u00e9utica; varios autores tienen patentes relacionadas con un panel de biomarcadores pendientes. <\/p>\n<p>Explore m\u00e1s<\/p>\n<p> Los cient\u00edficos usan an\u00e1lisis de sangre para predecir qui\u00e9n es probable que desarrolle trastornos psic\u00f3ticos <strong>M\u00e1s informaci\u00f3n:<\/strong> Resumen\/Texto completo <strong>Informaci\u00f3n de la revista:<\/strong> JAMA Psychiatry <\/p>\n<p> Derechos de autor 2020 HealthDay. Reservados todos los derechos. <\/p>\n<p> <strong>Cita<\/strong>: Los marcadores prote\u00f3micos pueden predecir la psicosis en personas en riesgo (28 de agosto de 2020) consultado el 31 de agosto de 2022 de https:\/\/medicalxpress.com\/news\/2020-08-proteomic-markers -psychosis.html Este documento est\u00e1 sujeto a derechos de autor. Aparte de cualquier trato justo con fines de estudio o investigaci\u00f3n privados, ninguna parte puede reproducirse sin el permiso por escrito. El contenido se proporciona \u00fanicamente con fines informativos.<\/p>\n","protected":false},"excerpt":{"rendered":"<p>(HealthDay) En los j\u00f3venes en riesgo de psicosis, los biomarcadores prote\u00f3micos pueden ayudar a individualizar el pron\u00f3stico, seg\u00fan un estudio publicado en l\u00ednea el 26 de agosto en JAMA Psychiatry. David Mongan, MB, B.Ch., del Royal College of Surgeons en Dubl\u00edn, Irlanda, y sus colegas investigaron si los biomarcadores prote\u00f3micos pueden predecir la transici\u00f3n a &hellip; <a href=\"https:\/\/www.biblia.work\/articulos-salud\/los-marcadores-proteomicos-pueden-predecir-la-psicosis-en-personas-en-riesgo\/\" class=\"more-link\">Continuar leyendo<span class=\"screen-reader-text\"> \u00abLos marcadores prote\u00f3micos pueden predecir la psicosis en personas en riesgo\u00bb<\/span><\/a><\/p>\n","protected":false},"author":1,"featured_media":0,"comment_status":"","ping_status":"","sticky":false,"template":"","format":"standard","meta":{"footnotes":""},"categories":[1],"tags":[],"class_list":["post-33258","post","type-post","status-publish","format-standard","hentry","category-general"],"_links":{"self":[{"href":"https:\/\/www.biblia.work\/articulos-salud\/wp-json\/wp\/v2\/posts\/33258","targetHints":{"allow":["GET"]}}],"collection":[{"href":"https:\/\/www.biblia.work\/articulos-salud\/wp-json\/wp\/v2\/posts"}],"about":[{"href":"https:\/\/www.biblia.work\/articulos-salud\/wp-json\/wp\/v2\/types\/post"}],"author":[{"embeddable":true,"href":"https:\/\/www.biblia.work\/articulos-salud\/wp-json\/wp\/v2\/users\/1"}],"replies":[{"embeddable":true,"href":"https:\/\/www.biblia.work\/articulos-salud\/wp-json\/wp\/v2\/comments?post=33258"}],"version-history":[{"count":0,"href":"https:\/\/www.biblia.work\/articulos-salud\/wp-json\/wp\/v2\/posts\/33258\/revisions"}],"wp:attachment":[{"href":"https:\/\/www.biblia.work\/articulos-salud\/wp-json\/wp\/v2\/media?parent=33258"}],"wp:term":[{"taxonomy":"category","embeddable":true,"href":"https:\/\/www.biblia.work\/articulos-salud\/wp-json\/wp\/v2\/categories?post=33258"},{"taxonomy":"post_tag","embeddable":true,"href":"https:\/\/www.biblia.work\/articulos-salud\/wp-json\/wp\/v2\/tags?post=33258"}],"curies":[{"name":"wp","href":"https:\/\/api.w.org\/{rel}","templated":true}]}}