{"id":33265,"date":"2022-08-31T20:37:11","date_gmt":"2022-09-01T01:37:11","guid":{"rendered":"https:\/\/www.biblia.work\/articulos-salud\/europa-endurece-las-medidas-contra-el-virus-a-medida-que-aumentan-los-casos\/"},"modified":"2022-08-31T20:37:11","modified_gmt":"2022-09-01T01:37:11","slug":"europa-endurece-las-medidas-contra-el-virus-a-medida-que-aumentan-los-casos","status":"publish","type":"post","link":"https:\/\/www.biblia.work\/articulos-salud\/europa-endurece-las-medidas-contra-el-virus-a-medida-que-aumentan-los-casos\/","title":{"rendered":"Europa endurece las medidas contra el virus a medida que aumentan los casos"},"content":{"rendered":"<p>Cr\u00e9dito: CC0 Dominio p\u00fablico <\/p>\n<p>Europa endureci\u00f3 las restricciones el viernes mientras luchaba contra un aumento en los casos de coronavirus, y las m\u00e1scaras se volvieron obligatorias en todo Par\u00eds y Hungr\u00eda cerr\u00f3 sus fronteras una vez m\u00e1s. <\/p>\n<p>La canciller alemana, Angela Merkel, advirti\u00f3 que la crisis ser\u00e1 \u00abm\u00e1s dif\u00edcil\u00bb en oto\u00f1o e invierno. <\/p>\n<p>El presidente Donald Trump adopt\u00f3 una visi\u00f3n caracter\u00edsticamente m\u00e1s optimista, a pesar de que el n\u00famero de muertos en los Estados Unidos supera los 180\u00a0000, y prometi\u00f3 \u00abaplastar\u00bb el virus con una vacuna para fin de a\u00f1o.<\/p>\n<p>El n\u00famero total de casos declarados ahora ha superado los 24,5 millones en todo el mundo desde que el virus surgi\u00f3 por primera vez en China hace casi nueve meses, con m\u00e1s de 832\u00a0000 muertes.<\/p>\n<p>El costo econ\u00f3mico ha sido catastr\u00f3fico, con Canad\u00e1 el \u00faltimo en anunciar un colapso r\u00e9cord: una ca\u00edda del 38,7 por ciento en el PIB en el \u00faltimo trimestre sobre una base anualizada.<\/p>\n<p>Canad\u00e1 tambi\u00e9n extendi\u00f3 el cierre de su frontera a los viajes no esenciales por un mes hasta el final de Septiembre. La frontera ha estado cerrada a todos los viajeros no esenciales desde mediados de marzo.<\/p>\n<p>Los gobiernos esperan que las reglas m\u00e1s estrictas sobre el uso de mascarillas compensen la necesidad de volver a los confinamientos econ\u00f3micamente devastadores, aunque el gobierno franc\u00e9s dijo que no pod\u00eda dictaminar nuevas \u00f3rdenes de quedarse en casa.<\/p>\n<p>Las m\u00e1scaras ya eran obligatorias en Par\u00eds en el transporte p\u00fablico y en \u00e1reas congestionadas, pero ahora ser\u00e1n necesarias en toda la ciudad. <\/p>\n<p>\u00abLa epidemia est\u00e1 ganando terreno y ahora es el momento de intervenir\u00bb, dijo el primer ministro Jean Castex.<\/p>\n<p>El viernes por la noche, las autoridades sanitarias dijeron que se registraron casi 7400 nuevas infecciones en el continente Francia en 24 horas, calificando el crecimiento de nuevos casos como \u00abexponencial\u00bb.<\/p>\n<p>Hungr\u00eda dijo que a los extranjeros se les prohibir\u00eda la entrada a partir del 1 de septiembre, mientras que los ciudadanos que regresaran necesitar\u00edan dos pruebas negativas para evitar una cuarentena de 14 d\u00edas. <\/p>\n<p>Grecia dijo que extender\u00eda el confinamiento en los campamentos de migrantes al menos hasta el 15 de septiembre, en medio de la preocupaci\u00f3n constante por la propagaci\u00f3n del virus en campamentos superpoblados en cinco islas del mar Egeo.<\/p>\n<p>Esc\u00e9pticos<\/p>\n<p>Muchos gobiernos tambi\u00e9n deben enfrentar una reacci\u00f3n violenta. <\/p>\n<p>La polic\u00eda espa\u00f1ola arrest\u00f3 a un hombre que cree que la pandemia es un enga\u00f1o y us\u00f3 las redes sociales para incitar a la violencia contra los pol\u00edticos, incluido el presidente del Gobierno, Pedro S\u00e1nchez.<\/p>\n<p>Un tribunal de Berl\u00edn permiti\u00f3 el viernes un demostraci\u00f3n de esc\u00e9pticos sobre el coronavirus que se llevar\u00e1 a cabo este fin de semana, con la polic\u00eda prometiendo una demostraci\u00f3n de fuerza para garantizar que se cumplan las normas de seguridad. Se planea una protesta similar en Z\u00farich. <\/p>\n<p>Merkel advirti\u00f3 que la batalla contra el virus \u00abprobablemente ser\u00e1 m\u00e1s dif\u00edcil en los pr\u00f3ximos meses\u00bb a medida que las personas comiencen a pasar m\u00e1s tiempo en espacios cerrados. <\/p>\n<p>El jueves, ella y los l\u00edderes estatales acordaron endurecer las reglas sobre el uso de mascarillas y prohibir los grandes eventos hasta fin de a\u00f1o para combatir el aumento del n\u00famero de casos atribuidos principalmente a los viajes de verano y las fiestas privadas.<\/p>\n<p>Austr\u00edaco El canciller Sebastian Kurz tambi\u00e9n advirti\u00f3 sobre meses \u00abdesafiantes\u00bb por delante, pero predijo un regreso a la \u00abnormalidad\u00bb el pr\u00f3ximo a\u00f1o. <\/p>\n<p>El gobierno espa\u00f1ol dijo esta semana que los ni\u00f1os de hasta seis a\u00f1os deber\u00e1n cubrirse la nariz y la boca en la escuela, mientras que Gran Breta\u00f1a revoc\u00f3 la gu\u00eda anterior de que los alumnos de 11 a 18 a\u00f1os no necesitaban usar m\u00e1scaras.<\/p>\n<p> p&gt; <\/p>\n<p>Corea del Sur tambi\u00e9n decidi\u00f3 el viernes endurecer las medidas, incluido el cierre de instalaciones deportivas cubiertas, en el \u00e1rea metropolitana de Se\u00fal, hogar de la mitad de los 52 millones de habitantes del pa\u00eds despu\u00e9s de una serie de nuevos grupos, muchos vinculados a reuniones de iglesias. <\/p>\n<p>Estados Unidos es, con mucho, el pa\u00eds m\u00e1s afectado del mundo en t\u00e9rminos de n\u00famero de casos y muertes.<\/p>\n<p>\u00abEstamos reuniendo el genio cient\u00edfico de Estados Unidos para producir una vacuna en un r\u00e9cord vez\u00bb, dijo Trump al aceptar la nominaci\u00f3n republicana para un segundo mandato.<\/p>\n<p>\u00abTendremos una vacuna segura y eficaz este a\u00f1o y juntos aplastaremos el virus\u00bb.<\/p>\n<p> Pero ya se ha hecho un gran da\u00f1o econ\u00f3mico. El viernes, el gigante de hoteles y casinos MGM Resorts anunci\u00f3 18.000 despidos. <\/p>\n<p>Jap\u00f3n dijo que levantar\u00e1 la prohibici\u00f3n de reingreso a los extranjeros a partir del pr\u00f3ximo mes en medio de los esfuerzos para reconstruir la econom\u00eda afectada por el virus, pero mantendr\u00e1 las reglas para mantener a raya la enfermedad.<\/p>\n<p> se ha visto menos afectado que la mayor\u00eda de las econom\u00edas avanzadas por el coronavirus, con poco m\u00e1s de 65\u00a0000 casos y alrededor de 1200 muertes.<\/p>\n<p>El gobierno brit\u00e1nico inst\u00f3 a las personas a volver al trabajo en medio de la preocupaci\u00f3n por el impacto del bloqueo en el econom\u00eda y negocios de la calle en apuros.<\/p>\n<p>Un organismo industrial pronostic\u00f3 esta semana que la econom\u00eda del Reino Unido perder\u00e1 alrededor de 22\u00a0000 millones ($29\u00a0000 millones, 24\u00a0000 millones de euros) este a\u00f1o.<\/p>\n<p>Bolivia lo dijo aliviar\u00e1 las restricciones de virus a partir de la pr\u00f3xima semana mientras mantiene los cierres de fronteras.<\/p>\n<p>Las personas y los veh\u00edculos podr\u00e1n circular por per\u00edodos m\u00e1s largos, entre las 5:00 a. m. y las 8:00 p. m., una extensi\u00f3n de dos horas de las reglas actuales y un Los s\u00e1bados se levantar\u00e1 la prohibici\u00f3n de circulaci\u00f3n de los fines de semana. <\/p>\n<p>Explore m\u00e1s<\/p>\n<p> Siga las \u00faltimas noticias sobre el brote de coronavirus (COVID-19) <\/p>\n<p> 2020 AFP <\/p>\n<p> <strong>Cita<\/strong>: Europa endurece las medidas contra el virus a medida que aumentan los casos (2020, 28 de agosto) recuperado el 31 de agosto de 2022 de https:\/\/medicalxpress.com\/news\/2020-08-europe-tightens-virus-cases-surge.html Este documento est\u00e1 sujeto a derechos de autor. Aparte de cualquier trato justo con fines de estudio o investigaci\u00f3n privados, ninguna parte puede reproducirse sin el permiso por escrito. El contenido se proporciona \u00fanicamente con fines informativos.<\/p>\n","protected":false},"excerpt":{"rendered":"<p>Cr\u00e9dito: CC0 Dominio p\u00fablico Europa endureci\u00f3 las restricciones el viernes mientras luchaba contra un aumento en los casos de coronavirus, y las m\u00e1scaras se volvieron obligatorias en todo Par\u00eds y Hungr\u00eda cerr\u00f3 sus fronteras una vez m\u00e1s. La canciller alemana, Angela Merkel, advirti\u00f3 que la crisis ser\u00e1 \u00abm\u00e1s dif\u00edcil\u00bb en oto\u00f1o e invierno. El presidente &hellip; <a href=\"https:\/\/www.biblia.work\/articulos-salud\/europa-endurece-las-medidas-contra-el-virus-a-medida-que-aumentan-los-casos\/\" class=\"more-link\">Continuar leyendo<span class=\"screen-reader-text\"> \u00abEuropa endurece las medidas contra el virus a medida que aumentan los casos\u00bb<\/span><\/a><\/p>\n","protected":false},"author":1,"featured_media":0,"comment_status":"","ping_status":"","sticky":false,"template":"","format":"standard","meta":{"footnotes":""},"categories":[1],"tags":[],"class_list":["post-33265","post","type-post","status-publish","format-standard","hentry","category-general"],"_links":{"self":[{"href":"https:\/\/www.biblia.work\/articulos-salud\/wp-json\/wp\/v2\/posts\/33265","targetHints":{"allow":["GET"]}}],"collection":[{"href":"https:\/\/www.biblia.work\/articulos-salud\/wp-json\/wp\/v2\/posts"}],"about":[{"href":"https:\/\/www.biblia.work\/articulos-salud\/wp-json\/wp\/v2\/types\/post"}],"author":[{"embeddable":true,"href":"https:\/\/www.biblia.work\/articulos-salud\/wp-json\/wp\/v2\/users\/1"}],"replies":[{"embeddable":true,"href":"https:\/\/www.biblia.work\/articulos-salud\/wp-json\/wp\/v2\/comments?post=33265"}],"version-history":[{"count":0,"href":"https:\/\/www.biblia.work\/articulos-salud\/wp-json\/wp\/v2\/posts\/33265\/revisions"}],"wp:attachment":[{"href":"https:\/\/www.biblia.work\/articulos-salud\/wp-json\/wp\/v2\/media?parent=33265"}],"wp:term":[{"taxonomy":"category","embeddable":true,"href":"https:\/\/www.biblia.work\/articulos-salud\/wp-json\/wp\/v2\/categories?post=33265"},{"taxonomy":"post_tag","embeddable":true,"href":"https:\/\/www.biblia.work\/articulos-salud\/wp-json\/wp\/v2\/tags?post=33265"}],"curies":[{"name":"wp","href":"https:\/\/api.w.org\/{rel}","templated":true}]}}