{"id":33296,"date":"2022-08-31T20:38:50","date_gmt":"2022-09-01T01:38:50","guid":{"rendered":"https:\/\/www.biblia.work\/articulos-salud\/mascaras-obligatorias-en-todo-paris-a-medida-que-aumentan-los-casos-de-virus\/"},"modified":"2022-08-31T20:38:50","modified_gmt":"2022-09-01T01:38:50","slug":"mascaras-obligatorias-en-todo-paris-a-medida-que-aumentan-los-casos-de-virus","status":"publish","type":"post","link":"https:\/\/www.biblia.work\/articulos-salud\/mascaras-obligatorias-en-todo-paris-a-medida-que-aumentan-los-casos-de-virus\/","title":{"rendered":"M\u00e1scaras obligatorias en todo Par\u00eds a medida que aumentan los casos de virus"},"content":{"rendered":"<p>Cr\u00e9dito: CC0 Dominio p\u00fablico <\/p>\n<p>El primer ministro de Francia anunci\u00f3 el jueves que las mascarillas ser\u00e1n obligatorias en todo Par\u00eds e inst\u00f3 al p\u00fablico a ayudar a revertir la tendencia de aumento de infecciones por coronavirus. <\/p>\n<p>Jean Castex dijo que se agregaron 19 departamentos a un mapa con zonas \u00abrojas\u00bb de circulaci\u00f3n activa del virus, lo que significa que 21 de los 94 departamentos de Francia continental ahora est\u00e1n clasificados como tales.<\/p>\n<p>Las cifras oficiales publicadas el mi\u00e9rcoles mostraron m\u00e1s m\u00e1s de 5.400 nuevos casos confirmados en solo 24 horas, con ingresos hospitalarios y unidades de cuidados intensivos en aumento.<\/p>\n<p>Hubo un \u00abresurgimiento innegable\u00bb de la epidemia de COVID-19 en toda Francia, dijo Castex en una conferencia de prensa. , con 39 pruebas positivas por cada 100.000 habitantes, cuatro veces el nivel de hace un mes, y aumentando en todos los grupos de edad.<\/p>\n<p>La \u00abtasa de positividad\u00bb, el porcentaje de pruebas que dan positivo, aument\u00f3 de uno por ciento en mayo a 3,7 por ciento hoy, y la llamada tasa \u00abR\u00bb de transmisi\u00f3n viral ahora es 1,4 en todo el pa\u00eds, lo que significa que 10 personas infectadas est\u00e1n infectando a otras 14 en promedio.<\/p>\n<p>M\u00e1s de 800 pacientes con coronavirus est\u00e1n ingresados en el hospital el promedio cada semana, por encima de los 500 de hace seis semanas, dijo el primer ministro.<\/p>\n<p>\u00abT a epidemia est\u00e1 ganando terreno, y ahora es el momento de intervenir\u00bb para frenar el crecimiento exponencial de la infecci\u00f3n, dijo.<\/p>\n<p>&#8211; Dash para evitar el bloqueoCastex anunci\u00f3 que Par\u00eds, una de las 21 zonas con circulaci\u00f3n activa del virus, hacer que las m\u00e1scaras faciales sean obligatorias en toda la ciudad.<\/p>\n<p>El ayuntamiento dijo m\u00e1s tarde que la medida entrar\u00eda en vigor a las 8:00 a. m. del viernes para Par\u00eds y sus suburbios cercanos, para peatones, ciclistas y usuarios de patinetes por igual. .<\/p>\n<p>La ciudad tambi\u00e9n anunci\u00f3 que una exenci\u00f3n que permite a los caf\u00e9s y restaurantes colocar mesas y sillas en la acera se extender\u00e1 hasta junio del pr\u00f3ximo a\u00f1o, ya que muchas personas evitan los comedores cerrados, siempre que estas terrazas cierren a las 10: 00 h.<\/p>\n<p>Las mascarillas ya son obligatorias en el transporte p\u00fablico a nivel nacional y en la mayor\u00eda de los espacios p\u00fablicos cerrados, incluido el lugar de trabajo. <\/p>\n<p>En Par\u00eds, la medida, que se anunci\u00f3 de repente y tom\u00f3 a muchos por sorpresa, tuvo una reacci\u00f3n mixta.<\/p>\n<p>\u00ab\u00a1Ya cuesta respirar! En el transporte p\u00fablico lo puedo entender, pero No creo que el virus deambule as\u00ed en el aire\u00bb, dijo Marietha Adhot, fumando un cigarrillo apoyada contra una pared.<\/p>\n<p>Sylvie Soufir, sin embargo, argument\u00f3 que el gobierno \u00abdeber\u00eda haberlo hecho durante mucho tiempo\u00bb. atr\u00e1s\u00bb. <\/p>\n<p>\u00abCreo que esperaron a que pasara el verano, quiz\u00e1s para dejar pasar a los turistas y a la gente\u00bb, dijo.<\/p>\n<p>El martes, la ciudad portuaria mediterr\u00e1nea de Marsella, tambi\u00e9n en zona roja, fabric\u00f3 mascarillas obligatorio en los lugares p\u00fablicos de la ciudad, incluso al aire libre, y anunci\u00f3 que los bares y restaurantes cerrar\u00edan todos los d\u00edas a las 11:00 p. pedidos a domicilio, pero la posibilidad no se puede excluir por completo y los bloqueos localizados pueden estar en las cartas.<\/p>\n<p>&#8211; La culpa es de la &#8216;relajaci\u00f3n&#8217; Cierta \u00abrelajaci\u00f3n\u00bb en la sociedad francesa parece haber contribuido al post-bloqueo aumento de la infecci\u00f3n, dijo.<\/p>\n<p>La tasa de aumento de la infecci\u00f3n fue particularmente alta entre las personas de 20 a 30 a\u00f1os.<\/p>\n<p>Castex dijo que la situaci\u00f3n a\u00fan no era \u00abgrave\u00bb, con la incidencia del virus La tasa sigue siendo 20 veces m\u00e1s baja hoy que en el pico de la epidemia, cuando se estimaba que hab\u00eda 1.000 casos por cada 100.000 habitantes. el.<\/p>\n<p>El brote se ha cobrado m\u00e1s de 30.500 vidas en Francia.<\/p>\n<p>Las m\u00e1scaras ser\u00e1n obligatorias para todos los ni\u00f1os mayores de 11 a\u00f1os cuando regresen a la escuela la pr\u00f3xima semana despu\u00e9s de las vacaciones de verano, incluso en el patio de recreo, anunci\u00f3 el jueves el ministro de Educaci\u00f3n, Jean-Michel Blanquer.<\/p>\n<p>Los organizadores del Tour de Francia, mientras tanto, dijeron que el inicio de la famosa carrera de bicicletas en la ciudad sure\u00f1a de Niza el s\u00e1bado ser\u00e1 presenciado por solo unos pocos docena de espectadores ya que la regi\u00f3n fue clasificada entre las zonas rojas de COVID-19. <\/p>\n<p>Explore m\u00e1s<\/p>\n<p> Siga las \u00faltimas noticias sobre el brote de coronavirus (COVID-19) <\/p>\n<p> 2020 AFP <\/p>\n<p> <strong>Cita<\/strong>: M\u00e1scaras obligatorias en todo Par\u00eds a medida que aumentan los casos de virus (2020 , 27 de agosto) recuperado el 31 de agosto de 2022 de https:\/\/medicalxpress.com\/news\/2020-08-masks-compulsory-paris-virus-cases.html Este documento est\u00e1 sujeto a derechos de autor. Aparte de cualquier trato justo con fines de estudio o investigaci\u00f3n privados, ninguna parte puede reproducirse sin el permiso por escrito. El contenido se proporciona \u00fanicamente con fines informativos.<\/p>\n","protected":false},"excerpt":{"rendered":"<p>Cr\u00e9dito: CC0 Dominio p\u00fablico El primer ministro de Francia anunci\u00f3 el jueves que las mascarillas ser\u00e1n obligatorias en todo Par\u00eds e inst\u00f3 al p\u00fablico a ayudar a revertir la tendencia de aumento de infecciones por coronavirus. Jean Castex dijo que se agregaron 19 departamentos a un mapa con zonas \u00abrojas\u00bb de circulaci\u00f3n activa del virus, &hellip; <a href=\"https:\/\/www.biblia.work\/articulos-salud\/mascaras-obligatorias-en-todo-paris-a-medida-que-aumentan-los-casos-de-virus\/\" class=\"more-link\">Continuar leyendo<span class=\"screen-reader-text\"> \u00abM\u00e1scaras obligatorias en todo Par\u00eds a medida que aumentan los casos de virus\u00bb<\/span><\/a><\/p>\n","protected":false},"author":1,"featured_media":0,"comment_status":"","ping_status":"","sticky":false,"template":"","format":"standard","meta":{"footnotes":""},"categories":[1],"tags":[],"class_list":["post-33296","post","type-post","status-publish","format-standard","hentry","category-general"],"_links":{"self":[{"href":"https:\/\/www.biblia.work\/articulos-salud\/wp-json\/wp\/v2\/posts\/33296","targetHints":{"allow":["GET"]}}],"collection":[{"href":"https:\/\/www.biblia.work\/articulos-salud\/wp-json\/wp\/v2\/posts"}],"about":[{"href":"https:\/\/www.biblia.work\/articulos-salud\/wp-json\/wp\/v2\/types\/post"}],"author":[{"embeddable":true,"href":"https:\/\/www.biblia.work\/articulos-salud\/wp-json\/wp\/v2\/users\/1"}],"replies":[{"embeddable":true,"href":"https:\/\/www.biblia.work\/articulos-salud\/wp-json\/wp\/v2\/comments?post=33296"}],"version-history":[{"count":0,"href":"https:\/\/www.biblia.work\/articulos-salud\/wp-json\/wp\/v2\/posts\/33296\/revisions"}],"wp:attachment":[{"href":"https:\/\/www.biblia.work\/articulos-salud\/wp-json\/wp\/v2\/media?parent=33296"}],"wp:term":[{"taxonomy":"category","embeddable":true,"href":"https:\/\/www.biblia.work\/articulos-salud\/wp-json\/wp\/v2\/categories?post=33296"},{"taxonomy":"post_tag","embeddable":true,"href":"https:\/\/www.biblia.work\/articulos-salud\/wp-json\/wp\/v2\/tags?post=33296"}],"curies":[{"name":"wp","href":"https:\/\/api.w.org\/{rel}","templated":true}]}}