{"id":33316,"date":"2022-08-31T20:40:01","date_gmt":"2022-09-01T01:40:01","guid":{"rendered":"https:\/\/www.biblia.work\/articulos-salud\/los-casos-de-covid-19-son-mas-altos-en-adultos-jovenes-debemos-asociarnos-con-ellos-para-la-salud-de-toda-la-comunidad\/"},"modified":"2022-08-31T20:40:01","modified_gmt":"2022-09-01T01:40:01","slug":"los-casos-de-covid-19-son-mas-altos-en-adultos-jovenes-debemos-asociarnos-con-ellos-para-la-salud-de-toda-la-comunidad","status":"publish","type":"post","link":"https:\/\/www.biblia.work\/articulos-salud\/los-casos-de-covid-19-son-mas-altos-en-adultos-jovenes-debemos-asociarnos-con-ellos-para-la-salud-de-toda-la-comunidad\/","title":{"rendered":"Los casos de COVID-19 son m\u00e1s altos en adultos j\u00f3venes: debemos asociarnos con ellos para la salud de toda la comunidad"},"content":{"rendered":"<p>Cr\u00e9dito: Shutterstock <\/p>\n<p>La Organizaci\u00f3n Mundial de la Salud advirti\u00f3 recientemente que las personas de 20, 30 y 40 a\u00f1os, que pueden no sepa que est\u00e1n infectados, est\u00e1n impulsando la propagaci\u00f3n de COVID-19. <\/p>\n<p>Los datos australianos confirman que el coronavirus es muy com\u00fan en adultos j\u00f3venes. Las personas de 20 a 29 a\u00f1os han tenido continuamente las tasas m\u00e1s altas de casos de COVID-19. <\/p>\n<p>Para reducir estas tasas y ayudar a los j\u00f3venes a que desempe\u00f1en su papel en detener la transmisi\u00f3n comunitaria, debemos comprender sus experiencias durante la pandemia.<\/p>\n<p>Menos grave, pero m\u00e1s frecuente<\/p>\n<p>Existe evidencia limitada sobre los efectos f\u00edsicos de la enfermedad en los j\u00f3venes. Pero los datos epidemiol\u00f3gicos sugieren que es menos grave en los adultos j\u00f3venes que en los adultos mayores, y la recuperaci\u00f3n entre las personas de 20 y 30 a\u00f1os suele ser r\u00e1pida y completa.<\/p>\n<p>El virus puede estar presente durante varios d\u00edas antes de que se presenten s\u00edntomas. y muchos j\u00f3venes tendr\u00e1n pocos o ning\u00fan s\u00edntoma. <\/p>\n<p>Por supuesto, hay excepciones. Algunos j\u00f3venes, particularmente aquellos que tienen condiciones de salud subyacentes o que fuman, pueden experimentar enfermedades graves, con efectos potencialmente a largo plazo en su salud. <\/p>\n<p>Incluso los j\u00f3venes con casos leves pueden tener s\u00edntomas prolongados que impiden su regreso al trabajo y a sus actividades normales.<\/p>\n<p>Debido a que una de las indicaciones clave para la prueba es la presencia de s\u00edntomas, la prueba es comprensiblemente m\u00e1s bajo en este grupo de edad.<\/p>\n<p>Al mismo tiempo, las actividades cotidianas comunes a los j\u00f3venes, como trabajar en trabajos informales y de primera l\u00ednea, o visitar varios lugares en una salida nocturna, pueden significar que una persona infectada sin s\u00edntomas transmite inadvertidamente el virus a trav\u00e9s de diferentes redes. <\/p>\n<p>Los mensajes de salud p\u00fablica recientes dirigidos a los j\u00f3venes los retratan como ingenuos o laxos. Pero si vamos a asesorarlos y apoyarlos de manera efectiva, necesitamos una mayor apreciaci\u00f3n de los efectos indirectos que COVID-19 tiene en los j\u00f3venes y c\u00f3mo est\u00e1n respondiendo.<\/p>\n<p>Los efectos indirectos<\/p>\n<p>COVID-19 ha afectado radicalmente el trabajo, el estudio, la vida social y las responsabilidades de cuidado de los adultos j\u00f3venes.<\/p>\n<p>Es importante destacar que las diversas restricciones han exacerbado las desigualdades sociales y econ\u00f3micas que experimentan muchos j\u00f3venes. <\/p>\n<p>Entre los de 15 a 24 a\u00f1os, el 30 % ya estaba desempleado o subempleado antes de la COVID-19.<\/p>\n<p>Casi el 50 % de los j\u00f3venes han experimentado estr\u00e9s relacionado con la vivienda en los \u00faltimos cinco a\u00f1os, una tendencia continua durante la pandemia, mientras que la falta de vivienda de los j\u00f3venes ha aumentado sustancialmente en los \u00faltimos a\u00f1os.<\/p>\n<p>La OCDE ha instado a los gobiernos a adoptar un enfoque intergeneracional en la formulaci\u00f3n de pol\u00edticas para reducir las adversidades sociales y econ\u00f3micas a largo plazo que los j\u00f3venes podr\u00edan enfrentar debido a una recesi\u00f3n profunda, desempleo extremo y empeoramiento de la enfermedad mental. <\/p>\n<p>Es probable que los m\u00e1s desfavorecidos sean los m\u00e1s afectados, incluidos los j\u00f3venes que ya enfrentan barreras para acceder a los servicios sociales, psicol\u00f3gicos y de salud.<\/p>\n<p>\u00bfC\u00f3mo est\u00e1n respondiendo los j\u00f3venes?<\/p>\n<p>En la comunidad, los j\u00f3venes informaron que conocen y est\u00e1n tratando de cumplir con las directivas de salud p\u00fablica para evitar contraer o propagar el virus.<\/p>\n<p>Su principal preocupaci\u00f3n ha sido la salud y el bienestar de sus familiares y amigos, seguido de los efectos de la pandemia en su estudio y empleo inmediato y a largo plazo. Los j\u00f3venes tambi\u00e9n informan deterioros en su salud mental, especialmente sentimientos de depresi\u00f3n y desesperanza.<\/p>\n<p>Los j\u00f3venes australianos de entornos multiculturales han expresado su preocupaci\u00f3n por el acceso desigual a la tecnolog\u00eda a medida que las universidades, los servicios de salud y muchos lugares de trabajo se trasladan a lugares remotos y modos en l\u00ednea. Tambi\u00e9n les preocupa el efecto de la COVID-19 en su educaci\u00f3n, el aumento de la violencia dom\u00e9stica y la discriminaci\u00f3n.<\/p>\n<p>Sin embargo, los j\u00f3venes de toda la comunidad tambi\u00e9n est\u00e1n demostrando que quieren desempe\u00f1ar un papel activo en la crisis de la COVID-19. 19 respuesta y recuperaci\u00f3n, y ayuda a los dem\u00e1s. <\/p>\n<p>Est\u00e1n liderando iniciativas para abordar las crecientes desigualdades e informar la investigaci\u00f3n y las pol\u00edticas sociales y de salud; est\u00e1n trabajando con organizaciones de defensa para crear recursos relevantes de COVID-19; y m\u00e1s.<\/p>\n<p>Compromiso con los j\u00f3venes<\/p>\n<p>Como era de esperar, muchos j\u00f3venes se est\u00e1n alejando de los medios de comunicaci\u00f3n porque se sienten fatigados, quieren cuidar su salud mental o porque est\u00e1n tratando de evitar la desinformaci\u00f3n. <\/p>\n<p>Mientras tanto, las comunicaciones de salud p\u00fablica hasta la fecha han sido gen\u00e9ricas, culpabilizadas o confusas.<\/p>\n<p>A medida que los australianos aprenden a vivir con restricciones cambiantes o menos, los gobiernos pueden comenzar escuchando y comunic\u00e1ndose respetuosamente con los j\u00f3venes, incluidos los m\u00e1s vulnerables, los que desconocen o los que desconf\u00edan de los mensajes del gobierno.<\/p>\n<p>Si bien felicitamos al primer ministro de Victoria, Daniel Andrews, por usar videos y memes para compartir informaci\u00f3n en su p\u00e1gina de Facebook, lo m\u00e1s probable es que la comunicaci\u00f3n entre pares sea para involucrar a los j\u00f3venes.<\/p>\n<p>Adem\u00e1s, la investigaci\u00f3n sobre c\u00f3mo lograr el cumplimiento de las directivas de salud p\u00fablica, como los mensajes de programas de vacunaci\u00f3n, debe basarse en evidencia, adaptarse a las necesidades de diferentes grupos y abordar directamente sus preocupaciones.<\/p>\n<p>Es importante destacar que las comunicaciones deben ser bidireccionales, regulares, transparentes y respetuosas.<\/p>\n<p>Las pol\u00edticas y comunicaciones gubernamentales tendr\u00e1n m\u00e1s probabilidades de influir positivamente en los comportamientos de la comunidad si se desarrollan con la gente. est\u00e1n apuntando a algo que el gobierno de NSW ha comenzado a hacer.<\/p>\n<p>Los gobiernos de todo el mundo deben asociarse con los j\u00f3venes para comprender sus contextos y puntos de vista cambiantes, y canalizar estos conocimientos, junto con la epidemiolog\u00eda m\u00e1s reciente, hacia la salud p\u00fablica centrada en los j\u00f3venes. respuestas Esto ser\u00e1 fundamental para abordar los determinantes sociales de la salud, detener la propagaci\u00f3n comunitaria y proteger a toda la comunidad. <\/p>\n<p>Explore m\u00e1s<\/p>\n<p> Siga las \u00faltimas noticias sobre el brote de coronavirus (COVID-19) Proporcionado por The Conversation <\/p>\n<p> Este art\u00edculo se vuelve a publicar de The Conversation bajo una licencia Creative Commons. Lea el art\u00edculo original. <\/p>\n<p> <strong>Cita<\/strong>: Los casos de COVID-19 son m\u00e1s altos en adultos j\u00f3venes. Necesitamos asociarnos con ellos para la salud de toda la comunidad (2020, 27 de agosto) recuperado el 31 de agosto de 2022 de https:\/\/medicalxpress .com\/news\/2020-08-covid-cases-highest-young-adultswe.html Este documento est\u00e1 sujeto a derechos de autor. Aparte de cualquier trato justo con fines de estudio o investigaci\u00f3n privados, ninguna parte puede reproducirse sin el permiso por escrito. El contenido se proporciona \u00fanicamente con fines informativos.<\/p>\n","protected":false},"excerpt":{"rendered":"<p>Cr\u00e9dito: Shutterstock La Organizaci\u00f3n Mundial de la Salud advirti\u00f3 recientemente que las personas de 20, 30 y 40 a\u00f1os, que pueden no sepa que est\u00e1n infectados, est\u00e1n impulsando la propagaci\u00f3n de COVID-19. Los datos australianos confirman que el coronavirus es muy com\u00fan en adultos j\u00f3venes. Las personas de 20 a 29 a\u00f1os han tenido continuamente &hellip; <a href=\"https:\/\/www.biblia.work\/articulos-salud\/los-casos-de-covid-19-son-mas-altos-en-adultos-jovenes-debemos-asociarnos-con-ellos-para-la-salud-de-toda-la-comunidad\/\" class=\"more-link\">Continuar leyendo<span class=\"screen-reader-text\"> \u00abLos casos de COVID-19 son m\u00e1s altos en adultos j\u00f3venes: debemos asociarnos con ellos para la salud de toda la comunidad\u00bb<\/span><\/a><\/p>\n","protected":false},"author":1,"featured_media":0,"comment_status":"","ping_status":"","sticky":false,"template":"","format":"standard","meta":{"footnotes":""},"categories":[1],"tags":[],"class_list":["post-33316","post","type-post","status-publish","format-standard","hentry","category-general"],"_links":{"self":[{"href":"https:\/\/www.biblia.work\/articulos-salud\/wp-json\/wp\/v2\/posts\/33316","targetHints":{"allow":["GET"]}}],"collection":[{"href":"https:\/\/www.biblia.work\/articulos-salud\/wp-json\/wp\/v2\/posts"}],"about":[{"href":"https:\/\/www.biblia.work\/articulos-salud\/wp-json\/wp\/v2\/types\/post"}],"author":[{"embeddable":true,"href":"https:\/\/www.biblia.work\/articulos-salud\/wp-json\/wp\/v2\/users\/1"}],"replies":[{"embeddable":true,"href":"https:\/\/www.biblia.work\/articulos-salud\/wp-json\/wp\/v2\/comments?post=33316"}],"version-history":[{"count":0,"href":"https:\/\/www.biblia.work\/articulos-salud\/wp-json\/wp\/v2\/posts\/33316\/revisions"}],"wp:attachment":[{"href":"https:\/\/www.biblia.work\/articulos-salud\/wp-json\/wp\/v2\/media?parent=33316"}],"wp:term":[{"taxonomy":"category","embeddable":true,"href":"https:\/\/www.biblia.work\/articulos-salud\/wp-json\/wp\/v2\/categories?post=33316"},{"taxonomy":"post_tag","embeddable":true,"href":"https:\/\/www.biblia.work\/articulos-salud\/wp-json\/wp\/v2\/tags?post=33316"}],"curies":[{"name":"wp","href":"https:\/\/api.w.org\/{rel}","templated":true}]}}