{"id":33319,"date":"2022-08-31T20:40:11","date_gmt":"2022-09-01T01:40:11","guid":{"rendered":"https:\/\/www.biblia.work\/articulos-salud\/de-los-fotones-a-los-sentimientos-los-investigadores-revelan-una-paleta-de-colores-en-el-cerebro\/"},"modified":"2022-08-31T20:40:11","modified_gmt":"2022-09-01T01:40:11","slug":"de-los-fotones-a-los-sentimientos-los-investigadores-revelan-una-paleta-de-colores-en-el-cerebro","status":"publish","type":"post","link":"https:\/\/www.biblia.work\/articulos-salud\/de-los-fotones-a-los-sentimientos-los-investigadores-revelan-una-paleta-de-colores-en-el-cerebro\/","title":{"rendered":"De los fotones a los sentimientos: los investigadores revelan una paleta de colores en el cerebro"},"content":{"rendered":"<p>A. Las longitudes de onda visibles de la radiaci\u00f3n electromagn\u00e9tica no est\u00e1n intr\u00ednsecamente coloreadas. Los conos de la retina pueden convertir la informaci\u00f3n espectral en se\u00f1ales neuronales, y el cerebro visual procesa estas se\u00f1ales para finalmente crear la percepci\u00f3n del color. No se comprende bien c\u00f3mo se procesan las se\u00f1ales de color a trav\u00e9s de etapas corticales en serie; B. Mediante la aplicaci\u00f3n de m\u00faltiples t\u00e9cnicas, los investigadores trazaron y analizaron mapas de tonos en tres \u00e1reas corticales sucesivas: V1, V2 y V4; C. Este estudio comparativo revela que los mapas de tonos del cerebro se desarrollan jer\u00e1rquicamente desde las se\u00f1ales de activaci\u00f3n de conos hasta la representaci\u00f3n de tonos isotr\u00f3picos, lo que refleja mejor el espacio de color perceptivo. Cr\u00e9dito: CEBSIT <\/p>\n<p>Un estudio reciente publicado en Neuron describe con mayor detalle que nunca la encarnaci\u00f3n anat\u00f3mica de las sensaciones de color en la corteza cerebral, vinculando la estructura cerebral con la funci\u00f3n perceptiva. <\/p>\n<p>Este descubrimiento fue el fruto del trabajo cooperativo entre los investigadores del laboratorio del Dr. Wang Wei en el Instituto de Neurociencia, el Centro de Excelencia en Ciencia del Cerebro y Tecnolog\u00eda de Inteligencia de la Academia de Ciencias de China, el Laboratorio Estatal Clave de Neurociencia, y el Dr. Laboratorio de Tang Shiming en la Universidad de Pek\u00edn.<\/p>\n<p>El color se encuentra a menudo en el centro de los debates filos\u00f3ficos sobre la naturaleza de la experiencia consciente, principalmente porque el color, m\u00e1s que cualquier otra sensaci\u00f3n, ilustra que toda percepci\u00f3n es una creaci\u00f3n mental. Como se dio cuenta a principios del siglo XVIII por Isaac Newton, las longitudes de onda visibles de la radiaci\u00f3n electromagn\u00e9tica no est\u00e1n intr\u00ednsecamente coloreadas; todos los miles de tonos diferentes que podemos reconocer son simplemente etiquetas arbitrarias ideadas por el cerebro para representar varias composiciones espectrales de luz a trav\u00e9s de la imagen retiniana.<\/p>\n<p>M\u00e1s t\u00e9cnicamente, las salidas de los fotorreceptores retinianos que discriminan longitudes de onda se combinan y procesados para generar eventualmente un espacio de color perceptivo. Las se\u00f1ales de color se procesan a trav\u00e9s de m\u00faltiples etapas neuronales en el cerebro profundo; sin embargo, no se comprende bien c\u00f3mo nuestros cerebros transforman eventos de nivel cu\u00e1ntico en fotorreceptores para producir los muchos miles de tonos diferentes que vemos todos los d\u00edas.<\/p>\n<p>Para abordar esta pregunta, los investigadores de los Dres. Los laboratorios de Wang y Tang aplicaron m\u00faltiples t\u00e9cnicas capaces de obtener im\u00e1genes de la actividad cerebral de los macacos a diferentes escalas y niveles de resoluci\u00f3n en estaciones de procesamiento sucesivas en la corteza conocidas como \u00e1reas V1, V2 y V4. El objetivo de su estudio fue examinar los cambios jer\u00e1rquicos en los patrones de actividad cuando estas \u00e1reas procesan exactamente el mismo patr\u00f3n de color.<\/p>\n<p>Los m\u00e9todos de imagen revelan \u00abmapas de tonos\u00bb, es decir, paletas de colores en el cerebro, espectralmente arreglos organizados de m\u00faltiples respuestas de color. En sentido figurado, se pueden considerar como arco iris de diversas conformaciones que se encuentran dispersos por la superficie del cerebro.<\/p>\n<p>Los nuevos hallazgos de este estudio surgen de la fina estructura de estos mapas de tonos. En V1, predominan los tonos rojos y azules, pero este patr\u00f3n de dominancia llamado \u00abendspectral\u00bb retrocede en V2 y est\u00e1 casi ausente en V4. Esencialmente, los mapas de tonos del cerebro se desarrollan jer\u00e1rquicamente hacia la uniformidad del mapa de tonos perceptual.<\/p>\n<p>Desde el punto de vista computacional, el cerebro parece estar integrando progresivamente dos clases distintas de se\u00f1ales cono-oponentes que se originan en la retina. La informaci\u00f3n que define el tono preciso de cualquier luz dada est\u00e1 presente en V1, codificada por la relaci\u00f3n de actividad entre las entradas del cono-oponente, pero no es perceptible hasta que se somete a un procesamiento combinatorio por parte de neuronas individuales en el \u00e1rea V4 y estaciones de procesamiento superiores.<\/p>\n<p>En resumen, este estudio comparativo revela una integraci\u00f3n progresiva desde las se\u00f1ales de activaci\u00f3n de conos hasta la representaci\u00f3n de tonos isotr\u00f3picos a lo largo de la jerarqu\u00eda visual sobre la cual se construye nuestro espacio de color perceptivo.<\/p>\n<p>El estudio, titulado \u00abRepresentaci\u00f3n jer\u00e1rquica for Chromatic Processing Across Macaque V1, V2 and V4\u00bb se public\u00f3 como art\u00edculo de investigaci\u00f3n en l\u00ednea en Neuron el 26 de agosto. <\/p>\n<p>Explore m\u00e1s<\/p>\n<p> \u00bfQu\u00e9 \u00e1reas de nuestro cerebro representan los colores que vemos? <strong>M\u00e1s informaci\u00f3n:<\/strong> Ye Liu et al. Representaci\u00f3n jer\u00e1rquica para el procesamiento crom\u00e1tico en Macaque V1, V2 y V4, Neuron (2020). DOI: 10.1016\/j.neuron.2020.07.037 <strong>Informaci\u00f3n de la revista:<\/strong> Neuron <\/p>\n<p> Proporcionado por la Academia de Ciencias de China <strong>Cita<\/strong>: De los fotones a los sentimientos: los investigadores revelan un color palette in brain (27 de agosto de 2020) recuperado el 31 de agosto de 2022 de https:\/\/medicalxpress.com\/news\/2020-08-photons-reveal-palette-brain.html Este documento est\u00e1 sujeto a derechos de autor. Aparte de cualquier trato justo con fines de estudio o investigaci\u00f3n privados, ninguna parte puede reproducirse sin el permiso por escrito. El contenido se proporciona \u00fanicamente con fines informativos.<\/p>\n","protected":false},"excerpt":{"rendered":"<p>A. Las longitudes de onda visibles de la radiaci\u00f3n electromagn\u00e9tica no est\u00e1n intr\u00ednsecamente coloreadas. Los conos de la retina pueden convertir la informaci\u00f3n espectral en se\u00f1ales neuronales, y el cerebro visual procesa estas se\u00f1ales para finalmente crear la percepci\u00f3n del color. No se comprende bien c\u00f3mo se procesan las se\u00f1ales de color a trav\u00e9s de &hellip; <a href=\"https:\/\/www.biblia.work\/articulos-salud\/de-los-fotones-a-los-sentimientos-los-investigadores-revelan-una-paleta-de-colores-en-el-cerebro\/\" class=\"more-link\">Continuar leyendo<span class=\"screen-reader-text\"> \u00abDe los fotones a los sentimientos: los investigadores revelan una paleta de colores en el cerebro\u00bb<\/span><\/a><\/p>\n","protected":false},"author":1,"featured_media":0,"comment_status":"","ping_status":"","sticky":false,"template":"","format":"standard","meta":{"footnotes":""},"categories":[1],"tags":[],"class_list":["post-33319","post","type-post","status-publish","format-standard","hentry","category-general"],"_links":{"self":[{"href":"https:\/\/www.biblia.work\/articulos-salud\/wp-json\/wp\/v2\/posts\/33319","targetHints":{"allow":["GET"]}}],"collection":[{"href":"https:\/\/www.biblia.work\/articulos-salud\/wp-json\/wp\/v2\/posts"}],"about":[{"href":"https:\/\/www.biblia.work\/articulos-salud\/wp-json\/wp\/v2\/types\/post"}],"author":[{"embeddable":true,"href":"https:\/\/www.biblia.work\/articulos-salud\/wp-json\/wp\/v2\/users\/1"}],"replies":[{"embeddable":true,"href":"https:\/\/www.biblia.work\/articulos-salud\/wp-json\/wp\/v2\/comments?post=33319"}],"version-history":[{"count":0,"href":"https:\/\/www.biblia.work\/articulos-salud\/wp-json\/wp\/v2\/posts\/33319\/revisions"}],"wp:attachment":[{"href":"https:\/\/www.biblia.work\/articulos-salud\/wp-json\/wp\/v2\/media?parent=33319"}],"wp:term":[{"taxonomy":"category","embeddable":true,"href":"https:\/\/www.biblia.work\/articulos-salud\/wp-json\/wp\/v2\/categories?post=33319"},{"taxonomy":"post_tag","embeddable":true,"href":"https:\/\/www.biblia.work\/articulos-salud\/wp-json\/wp\/v2\/tags?post=33319"}],"curies":[{"name":"wp","href":"https:\/\/api.w.org\/{rel}","templated":true}]}}