{"id":33327,"date":"2022-08-31T20:40:37","date_gmt":"2022-09-01T01:40:37","guid":{"rendered":"https:\/\/www.biblia.work\/articulos-salud\/el-jefe-de-la-oms-en-europa-cita-senales-de-advertencia-de-coronavirus-mas-adelante\/"},"modified":"2022-08-31T20:40:37","modified_gmt":"2022-09-01T01:40:37","slug":"el-jefe-de-la-oms-en-europa-cita-senales-de-advertencia-de-coronavirus-mas-adelante","status":"publish","type":"post","link":"https:\/\/www.biblia.work\/articulos-salud\/el-jefe-de-la-oms-en-europa-cita-senales-de-advertencia-de-coronavirus-mas-adelante\/","title":{"rendered":"El jefe de la OMS en Europa cita se\u00f1ales de advertencia de coronavirus m\u00e1s adelante"},"content":{"rendered":"<p>Cr\u00e9dito: Pixabay\/CC0 Dominio p\u00fablico <\/p>\n<p>El principal funcionario de la Organizaci\u00f3n Mundial de la Salud en Europa advirti\u00f3 el jueves que el coronavirus es un \u00abtornado con una cola larga\u00bb y dijo que el n\u00famero de casos aumenta entre los j\u00f3venes En \u00faltima instancia, las personas podr\u00edan propagarse a las personas mayores m\u00e1s vulnerables y causar un aumento en las muertes. <\/p>\n<p>Dra. Hans Kluge dijo que es probable que los j\u00f3venes entren en contacto m\u00e1s cercano con los ancianos a medida que el clima se enfr\u00eda en Europa, lo que aumenta la posibilidad de que se propague a los m\u00e1s vulnerables.<\/p>\n<p>\u00abNo queremos hacer predicciones innecesarias, pero definitivamente esta es una de las opciones que en alg\u00fan momento habr\u00eda m\u00e1s hospitalizaciones y un repunte de la mortalidad\u201d, dijo desde Copenhague, sede de la OMS en Europa.<\/p>\n<p>Insisti\u00f3 en que \u201cnadie es invencible\u201d, pero aludi\u00f3 al hecho de que la mayor\u00eda de las muertes por coronavirus ocurren entre los ancianos.<\/p>\n<p>\u00abPuede ser que las personas m\u00e1s j\u00f3venes de hecho no necesariamente van a morir a causa de \u00e9l, pero es un tornado con una cola larga y es un multiorg\u00e1nico \u00ab, dijo.<\/p>\n<p>Kluge dijo que 32 de los 55 estados y territorios en la regi\u00f3n europea de la OMS han registrado un aumento de la tasa de incidencia de 14 d\u00edas de m\u00e1s del 10 por ciento, y lo calific\u00f3 como \u00abdefinitivamente un aumento generalizado en Europa\u00bb.<\/p>\n<p>Pero tambi\u00e9n sugiri\u00f3 que las autoridades sanitarias y otros funcionarios est\u00e1n mejor posicionados y m\u00e1s Estamos preparados que en febrero, cuando el continente estaba en la c\u00faspide de un gran aumento de casos.<\/p>\n<p>\u00abEn febrero, nos atrap\u00f3 la velocidad y la devastaci\u00f3n, y la opci\u00f3n predeterminada era bloquear y reiniciar\u00bb, Kluge dijo. \u00abAhora somos mucho m\u00e1s sofisticados en nuestro conocimiento de lo que funciona. En ese sentido, es posible manejar la transmisi\u00f3n del virus en la sociedad y tener una econom\u00eda en funcionamiento, y muy importante, tener un sistema educativo abierto\u00bb.<\/p>\n<p>Dijo que el oto\u00f1o present\u00f3 una \u00absituaci\u00f3n complicada\u00bb debido a la reapertura de las escuelas, el inicio de la temporada de gripe y el aumento de la mortalidad entre las personas mayores en los meses de invierno en general.<\/p>\n<p>Kluge dijo que la evidencia actual mostr\u00f3 que los \u00abentornos escolares\u00bb no han sido un \u00abprincipal contribuyente a la epidemia\u00bb y se\u00f1al\u00f3 la creciente evidencia de que los ni\u00f1os juegan un papel en la transmisi\u00f3n, pero m\u00e1s a menudo en reuniones sociales que en las escuelas.<\/p>\n<p>Como los casos en toda Europa han aumentado en medio de la temporada de vacaciones de verano, la OMS tambi\u00e9n emiti\u00f3 consejos esta semana para hoteles y negocios relacionados.<\/p>\n<p>La OMS dijo que los hoteles deber\u00edan considerar reducir sus tasas de ocupaci\u00f3n para garantizar que se puedan cumplir las pautas de distanciamiento f\u00edsico y dijo que todo el personal y los hu\u00e9spedes debe cumplir con los requisitos b\u00e1sicos de COVID-1 9 medidas de prevenci\u00f3n, como lavarse las manos con frecuencia y usar mascarillas.<\/p>\n<p>Dijo que se deben usar barreras f\u00edsicas como paneles protectores de plexigl\u00e1s para separar al personal del hotel y a los hu\u00e9spedes, como en los servicios de recepci\u00f3n y conserjer\u00eda.<\/p>\n<p>La OMS dijo que se debe seguir la gu\u00eda nacional sobre si se permiten o no las comidas en interiores, pero que \u00abno se recomiendan los buffets y no se deben ofrecer\u00bb.<\/p>\n<p>Dijo que se pueden usar gimnasios, piscinas e instalaciones de spa con ciertas restricciones, como determinar el n\u00famero m\u00e1ximo de personas para asegurar el distanciamiento f\u00edsico. <\/p>\n<p>Explore m\u00e1s<\/p>\n<p> Siga las \u00faltimas noticias sobre el brote de coronavirus (COVID-19) <\/p>\n<p> 2020 The Associated Press. Reservados todos los derechos. Este material no puede ser publicado, transmitido, reescrito o redistribuido sin permiso. <\/p>\n<p> <strong>Cita<\/strong>: El jefe de la OMS en Europa cita las se\u00f1ales de advertencia de coronavirus que se avecinan (27 de agosto de 2020) consultado el 31 de agosto de 2022 en https:\/\/medicalxpress.com\/news\/2020-08-europe-chief- cites-coronavirus.html Este documento est\u00e1 sujeto a derechos de autor. Aparte de cualquier trato justo con fines de estudio o investigaci\u00f3n privados, ninguna parte puede reproducirse sin el permiso por escrito. El contenido se proporciona \u00fanicamente con fines informativos.<\/p>\n","protected":false},"excerpt":{"rendered":"<p>Cr\u00e9dito: Pixabay\/CC0 Dominio p\u00fablico El principal funcionario de la Organizaci\u00f3n Mundial de la Salud en Europa advirti\u00f3 el jueves que el coronavirus es un \u00abtornado con una cola larga\u00bb y dijo que el n\u00famero de casos aumenta entre los j\u00f3venes En \u00faltima instancia, las personas podr\u00edan propagarse a las personas mayores m\u00e1s vulnerables y causar &hellip; <a href=\"https:\/\/www.biblia.work\/articulos-salud\/el-jefe-de-la-oms-en-europa-cita-senales-de-advertencia-de-coronavirus-mas-adelante\/\" class=\"more-link\">Continuar leyendo<span class=\"screen-reader-text\"> \u00abEl jefe de la OMS en Europa cita se\u00f1ales de advertencia de coronavirus m\u00e1s adelante\u00bb<\/span><\/a><\/p>\n","protected":false},"author":1,"featured_media":0,"comment_status":"","ping_status":"","sticky":false,"template":"","format":"standard","meta":{"footnotes":""},"categories":[1],"tags":[],"class_list":["post-33327","post","type-post","status-publish","format-standard","hentry","category-general"],"_links":{"self":[{"href":"https:\/\/www.biblia.work\/articulos-salud\/wp-json\/wp\/v2\/posts\/33327","targetHints":{"allow":["GET"]}}],"collection":[{"href":"https:\/\/www.biblia.work\/articulos-salud\/wp-json\/wp\/v2\/posts"}],"about":[{"href":"https:\/\/www.biblia.work\/articulos-salud\/wp-json\/wp\/v2\/types\/post"}],"author":[{"embeddable":true,"href":"https:\/\/www.biblia.work\/articulos-salud\/wp-json\/wp\/v2\/users\/1"}],"replies":[{"embeddable":true,"href":"https:\/\/www.biblia.work\/articulos-salud\/wp-json\/wp\/v2\/comments?post=33327"}],"version-history":[{"count":0,"href":"https:\/\/www.biblia.work\/articulos-salud\/wp-json\/wp\/v2\/posts\/33327\/revisions"}],"wp:attachment":[{"href":"https:\/\/www.biblia.work\/articulos-salud\/wp-json\/wp\/v2\/media?parent=33327"}],"wp:term":[{"taxonomy":"category","embeddable":true,"href":"https:\/\/www.biblia.work\/articulos-salud\/wp-json\/wp\/v2\/categories?post=33327"},{"taxonomy":"post_tag","embeddable":true,"href":"https:\/\/www.biblia.work\/articulos-salud\/wp-json\/wp\/v2\/tags?post=33327"}],"curies":[{"name":"wp","href":"https:\/\/api.w.org\/{rel}","templated":true}]}}