{"id":33330,"date":"2022-08-31T20:40:46","date_gmt":"2022-09-01T01:40:46","guid":{"rendered":"https:\/\/www.biblia.work\/articulos-salud\/francia-y-alemania-se-unen-a-las-naciones-que-endurecen-los-controles-para-detener-el-aumento-del-virus\/"},"modified":"2022-08-31T20:40:46","modified_gmt":"2022-09-01T01:40:46","slug":"francia-y-alemania-se-unen-a-las-naciones-que-endurecen-los-controles-para-detener-el-aumento-del-virus","status":"publish","type":"post","link":"https:\/\/www.biblia.work\/articulos-salud\/francia-y-alemania-se-unen-a-las-naciones-que-endurecen-los-controles-para-detener-el-aumento-del-virus\/","title":{"rendered":"Francia y Alemania se unen a las naciones que endurecen los controles para detener el aumento del virus"},"content":{"rendered":"<p>Cr\u00e9dito: CC0 Public Domain <\/p>\n<p>Alemania y Francia elaboraron reglas m\u00e1s estrictas el jueves en l\u00ednea con un n\u00famero creciente de pa\u00edses que luchan contra el resurgimiento de las infecciones por coronavirus con Par\u00eds haciendo obligatorio el uso de m\u00e1scaras en todos los lugares p\u00fablicos en un intento por frenar el aumento de nuevos casos en la ciudad. <\/p>\n<p>Los pa\u00edses europeos est\u00e1n viendo un aumento en las infecciones incluso mientras luchan por equilibrar las nuevas restricciones con la necesidad de que sus econom\u00edas se recuperen del impacto devastador de la primera ronda de bloqueos.<\/p>\n<p>Gran Breta\u00f1a, Corea del Sur y Ruanda tambi\u00e9n est\u00e1 endureciendo sus restricciones a medida que aumentan los temores de un regreso a las restricciones antivirus draconianas implementadas a principios de a\u00f1o.<\/p>\n<p>La pandemia ha matado a m\u00e1s de 826,000 personas en todo el mundo desde que apareci\u00f3 en China a fines del a\u00f1o pasado. y se han registrado m\u00e1s de 24 millones de infecciones.<\/p>\n<p>Alemania, la econom\u00eda m\u00e1s grande de la Uni\u00f3n Europea, impondr\u00e1 reglas m\u00e1s estrictas sobre el uso de m\u00e1scaras y mantendr\u00e1 a los fan\u00e1ticos del f\u00fatbol fuera de los estadios al menos hasta fin de a\u00f1o, bajo un borrador de propuesta visto por AFP.<\/p>\n<p>Es probable que las medidas, como una multa m\u00ednima de 50 euros (59 d\u00f3lares) por incumplir los requisitos sobre el uso de m\u00e1scaras, se acuerden oficialmente m\u00e1s tarde el jueves.<\/p>\n<p>Al igual que en otros pa\u00edses, el aumento de casos de coronavirus en Alemania en las \u00faltimas semanas ha Se ha atribuido principalmente a los viajes de verano y las reuniones de amigos y familiares.<\/p>\n<p>El primer ministro franc\u00e9s, Jean Castex, anunci\u00f3 el jueves que las mascarillas ser\u00e1n obligatorias en todos los lugares p\u00fablicos de la capital, Par\u00eds, una de las regiones m\u00e1s afectadas de Francia. <\/p>\n<p>Las cifras oficiales publicadas en Francia el mi\u00e9rcoles mostraron m\u00e1s de 5.400 nuevos casos confirmados en solo 24 horas, con ingresos en hospitales y unidades de cuidados intensivos en aumento.<\/p>\n<p>Castex ha advertido un nuevo no se puede descartar el confinamiento incluso si el gobierno intentar\u00e1 hacer todo lo posible para evitarlo.<\/p>\n<p>Los funcionarios del gobierno europeo tambi\u00e9n est\u00e1n tratando de inculcar disciplina en sus filas para mantener la confianza p\u00fablica en las medidas que restringen las libertades. <\/p>\n<p>El jefe comercial de la Uni\u00f3n Europea, Phil Hogan, se vio obligado a dimitir por incumplimiento de las directrices en su pa\u00eds de origen, Irlanda.<\/p>\n<p>&#8216;Muy incierto&#8217;<\/p>\n<p>Gran Breta\u00f1a, que abandon\u00f3 la UE en enero, mientras tanto cambi\u00f3 de rumbo y ha pedido a los estudiantes que usen m\u00e1scaras cuando regresen a clases a partir de la pr\u00f3xima semana.<\/p>\n<p>Manteniendo el uso de m\u00e1scaras y otras restricciones, Ruanda ha prolongado su toque de queda nocturno y impidi\u00f3 el movimiento dentro y fuera del \u00e1rea occidental de Rusizi despu\u00e9s de un reciente aumento de infecciones. <\/p>\n<p>El martes, Ruanda alcanz\u00f3 un r\u00e9cord de 217 casos en un d\u00eda y ha registrado un tercio de sus 3625 casos en los \u00faltimos 10 d\u00edas, y las autoridades atribuyen el aumento a la complacencia y la fatiga con las medidas de distanciamiento social.<\/p>\n<p>En Corea del Sur, el parlamento se cerr\u00f3 el jueves y un grupo de legisladores se encontraban en autocuarentena mientras el pa\u00eds registraba m\u00e1s de 400 nuevas infecciones por coronavirus.<\/p>\n<p>El pa\u00eds sufri\u00f3 uno de los peores brotes tempranos de COVID-19 fuera de China continental antes de controlarlo ampliamente con un seguimiento y pruebas exhaustivos.<\/p>\n<p>Estados Unidos, sin embargo, rompi\u00f3 con la tendencia de endurecimiento a pesar de que lidera el mundo en muertes e infecciones por virus. .<\/p>\n<p>Las autoridades estadounidenses ahora dicen que las personas asintom\u00e1ticas no necesitan hacerse la prueba de COVID-19 si han estado expuestas a alguien diagnosticado con el virus.<\/p>\n<p>Anteriormente hab\u00edan alentado a esas personas a hacerse la prueba, pero los medios de EE. UU. Informaron sobre la interferencia pol\u00edtica de la Casa Blanca.<\/p>\n<p>&#8216;Historic&#8217; Swiss La ca\u00edda<\/p>\n<p>Durante mucho tiempo, los cr\u00edticos han acusado al presidente Donald Trump de tratar de minimizar la escala de la pandemia y centrarse en la recuperaci\u00f3n econ\u00f3mica antes de su candidatura a la reelecci\u00f3n en noviembre.<\/p>\n<p> La recuperaci\u00f3n de EE. UU. de la recesi\u00f3n econ\u00f3mica del coronavirus es \u00abaltamente incierta\u00bb y muchas empresas seguir\u00e1n teniendo problemas, dijo el mi\u00e9rcoles un alto funcionario de la Reserva Federal.<\/p>\n<p>Suiza fue el ejemplo m\u00e1s reciente para mostrar c\u00f3mo la pandemia ha llevado al mundo econom\u00eda de rodillas.<\/p>\n<p>Suiza, seg\u00fan mostraron las cifras oficiales, se ha hundido en una recesi\u00f3n despu\u00e9s de que la pandemia de coronavirus causara una ca\u00edda \u00abhist\u00f3rica\u00bb del 8,2 por ciento en la actividad econ\u00f3mica en el segundo trimestre.<\/p>\n<p> Las econom\u00edas se han recuperado en general desde entonces, aunque existe la preocupaci\u00f3n de que la recuperaci\u00f3n parece estar desaceler\u00e1ndose a medida que los casos de coronavirus aumentan nuevamente, lo que aviva los temores de que se repitan los bloqueos econ\u00f3micamente da\u00f1inos que se vieron a principios de este a\u00f1o.<\/p>\n<p>En el n\u00famero creciente sobre el sector del transporte a\u00e9reo que ha visto aviones en tierra wo En todo el mundo, el gigante aeroespacial brit\u00e1nico Rolls-Royce registr\u00f3 el jueves una p\u00e9rdida neta de 5.400 millones de d\u00f3lares (7.100 millones de d\u00f3lares) en la primera mitad de 2020.<\/p>\n<p>Y la aerol\u00ednea de bandera Air New Zealand anunci\u00f3 una p\u00e9rdida neta anual de aproximadamente 300 millones de d\u00f3lares despu\u00e9s de la demanda se desplom\u00f3 debido a la pandemia.<\/p>\n<p>Las esperanzas de reactivaci\u00f3n econ\u00f3mica se basan en parte en el desarrollo de una vacuna, que las empresas y los gobiernos de todo el mundo est\u00e1n compitiendo por desarrollar.<\/p>\n<p>El mi\u00e9rcoles, Per\u00fa comenz\u00f3 a registrar voluntarios para ensayos cl\u00ednicos de una vacuna china contra el coronavirus. <\/p>\n<p>Explore m\u00e1s<\/p>\n<p> Alemania y Francia ven un aumento del virus cuando los turistas regresan a casa <\/p>\n<p> 2020 AFP <\/p>\n<p> <strong>Cita<\/strong>: Francia y Alemania se unen a las naciones para endurecer los controles para detener el aumento del virus (2020 , 27 de agosto) recuperado el 31 de agosto de 2022 de https:\/\/medicalxpress.com\/news\/2020-08-france-germany-nations-tightening-halt.html Este documento est\u00e1 sujeto a derechos de autor. Aparte de cualquier trato justo con fines de estudio o investigaci\u00f3n privados, ninguna parte puede reproducirse sin el permiso por escrito. El contenido se proporciona \u00fanicamente con fines informativos.<\/p>\n","protected":false},"excerpt":{"rendered":"<p>Cr\u00e9dito: CC0 Public Domain Alemania y Francia elaboraron reglas m\u00e1s estrictas el jueves en l\u00ednea con un n\u00famero creciente de pa\u00edses que luchan contra el resurgimiento de las infecciones por coronavirus con Par\u00eds haciendo obligatorio el uso de m\u00e1scaras en todos los lugares p\u00fablicos en un intento por frenar el aumento de nuevos casos en &hellip; <a href=\"https:\/\/www.biblia.work\/articulos-salud\/francia-y-alemania-se-unen-a-las-naciones-que-endurecen-los-controles-para-detener-el-aumento-del-virus\/\" class=\"more-link\">Continuar leyendo<span class=\"screen-reader-text\"> \u00abFrancia y Alemania se unen a las naciones que endurecen los controles para detener el aumento del virus\u00bb<\/span><\/a><\/p>\n","protected":false},"author":1,"featured_media":0,"comment_status":"","ping_status":"","sticky":false,"template":"","format":"standard","meta":{"footnotes":""},"categories":[1],"tags":[],"class_list":["post-33330","post","type-post","status-publish","format-standard","hentry","category-general"],"_links":{"self":[{"href":"https:\/\/www.biblia.work\/articulos-salud\/wp-json\/wp\/v2\/posts\/33330","targetHints":{"allow":["GET"]}}],"collection":[{"href":"https:\/\/www.biblia.work\/articulos-salud\/wp-json\/wp\/v2\/posts"}],"about":[{"href":"https:\/\/www.biblia.work\/articulos-salud\/wp-json\/wp\/v2\/types\/post"}],"author":[{"embeddable":true,"href":"https:\/\/www.biblia.work\/articulos-salud\/wp-json\/wp\/v2\/users\/1"}],"replies":[{"embeddable":true,"href":"https:\/\/www.biblia.work\/articulos-salud\/wp-json\/wp\/v2\/comments?post=33330"}],"version-history":[{"count":0,"href":"https:\/\/www.biblia.work\/articulos-salud\/wp-json\/wp\/v2\/posts\/33330\/revisions"}],"wp:attachment":[{"href":"https:\/\/www.biblia.work\/articulos-salud\/wp-json\/wp\/v2\/media?parent=33330"}],"wp:term":[{"taxonomy":"category","embeddable":true,"href":"https:\/\/www.biblia.work\/articulos-salud\/wp-json\/wp\/v2\/categories?post=33330"},{"taxonomy":"post_tag","embeddable":true,"href":"https:\/\/www.biblia.work\/articulos-salud\/wp-json\/wp\/v2\/tags?post=33330"}],"curies":[{"name":"wp","href":"https:\/\/api.w.org\/{rel}","templated":true}]}}