{"id":33336,"date":"2022-08-31T20:41:06","date_gmt":"2022-09-01T01:41:06","guid":{"rendered":"https:\/\/www.biblia.work\/articulos-salud\/el-peso-en-los-primeros-anos-de-vida-puede-afectar-la-salud-pulmonar-en-la-ninez-posterior\/"},"modified":"2022-08-31T20:41:06","modified_gmt":"2022-09-01T01:41:06","slug":"el-peso-en-los-primeros-anos-de-vida-puede-afectar-la-salud-pulmonar-en-la-ninez-posterior","status":"publish","type":"post","link":"https:\/\/www.biblia.work\/articulos-salud\/el-peso-en-los-primeros-anos-de-vida-puede-afectar-la-salud-pulmonar-en-la-ninez-posterior\/","title":{"rendered":"El peso en los primeros a\u00f1os de vida puede afectar la salud pulmonar en la ni\u00f1ez posterior"},"content":{"rendered":"<p>Las trayectorias del \u00edndice de masa corporal (IMC) en los primeros a\u00f1os de vida pueden estar asociadas con la funci\u00f3n pulmonar en la ni\u00f1ez posterior. Por ejemplo, los ni\u00f1os con aumento acelerado del IMC antes de los cuatro a\u00f1os tienen una funci\u00f3n pulmonar m\u00e1s alta a los siete a\u00f1os, aunque tambi\u00e9n presentan limitaci\u00f3n del flujo de aire. Esta es la conclusi\u00f3n de un nuevo estudio del Instituto de Salud Global de Barcelona (ISGlobal), centro impulsado por la Fundaci\u00f3n \u201dla Caixa\u201d, que se ha publicado en European Respiratory Journal. <\/p>\n<p>La primera infancia es un per\u00edodo clave para el desarrollo de la funci\u00f3n pulmonar. Estudios previos han encontrado una asociaci\u00f3n entre el peso en los primeros a\u00f1os de vida y la salud pulmonar en la infancia y la ni\u00f1ez. \u201cEstos estudios ten\u00edan ciertas limitaciones a la hora de definir el aumento de peso\u201d, explica Gabriela P. Peralta, investigadora de ISGlobal y autora principal del estudio. \u00abLa mayor\u00eda de ellos solo consider\u00f3 la diferencia de peso entre dos puntos en el tiempo y no tuvo en cuenta la trayectoria general. Por eso decidimos llevar a cabo este nuevo estudio\u00bb.<\/p>\n<p>El estudio utiliz\u00f3 datos de m\u00e1s de 1.200 ni\u00f1os residentes en tres zonas de Espa\u00f1a, Sabadell, Valencia y Gipuzkoa, que se inscribieron en la cohorte de nacimiento del Proyecto INMA Medio Ambiente e Infancia. \u00abPrimero, determinamos la trayectoria del IMC de los ni\u00f1os desde el nacimiento hasta los cuatro a\u00f1os y los clasificamos en cinco categor\u00edas. Las trayectorias difer\u00edan en cuanto al peso al nacer (que pod\u00eda ser m\u00e1s bajo, promedio o m\u00e1s alto) y la velocidad de aumento del IMC (que pod\u00eda ser m\u00e1s lento o acelerado), explic\u00f3 Peralta. El IMC es un indicador basado en el peso en relaci\u00f3n con la altura que se utiliza frecuentemente para clasificar el sobrepeso y la obesidad. Luego, los autores analizaron la relaci\u00f3n entre la trayectoria del IMC y la funci\u00f3n pulmonar, que se midi\u00f3 mediante espirometr\u00eda a la edad de siete a\u00f1os. Se midieron la capacidad vital forzada (FVC), el volumen espiratorio forzado en 1 segundo (FEV1) y la relaci\u00f3n FEV1\/FVC.<\/p>\n<p>Los hallazgos mostraron que los ni\u00f1os con IMC acelerado aumentan antes de los cuatro a\u00f1os, independientemente del peso al nacer , ten\u00eda una funci\u00f3n pulmonar m\u00e1s alta a la edad de siete a\u00f1os, pero tambi\u00e9n una limitaci\u00f3n del flujo de aire, lo que indica dificultad para expulsar el aire de los pulmones. Por el contrario, los ni\u00f1os con menor peso al nacer y aumento m\u00e1s lento del IMC en la primera infancia ten\u00edan una funci\u00f3n pulmonar m\u00e1s baja a los siete a\u00f1os.<\/p>\n<p>Maribel Casas, investigadora de ISGlobal y co-coordinadora del estudio, dijo: \u00bb Nuestros hallazgos tienen implicaciones importantes para la investigaci\u00f3n y la salud p\u00fablica\u00bb. A\u00f1adi\u00f3: \u00abEste estudio muestra que las trayectorias del IMC en la primera infancia son una herramienta \u00fatil para identificar patrones de crecimiento asociados con una mala salud respiratoria\u00bb.<\/p>\n<p>\u00abDado que el aumento de peso se ve afectado por factores modificables, las intervenciones de salud p\u00fablica en la primera infancia infancia que promuevan estilos de vida saludables, por ejemplo, la alimentaci\u00f3n saludable y la actividad f\u00edsica, pueden ayudar a mejorar la funci\u00f3n pulmonar y reducir la morbilidad respiratoria en la edad adulta\u201d, concluye Judith Garcia-Aymerich, directora del Programa de Enfermedades No Transmisibles y Medio Ambiente de ISGlobal y co-coordinadora del estudio. \u00abEs posible que las estrategias de salud p\u00fablica destinadas a reducir los problemas de salud respiratoria deban centrarse en el aumento de peso temprano\u00bb. <\/p>\n<p>Explorar m\u00e1s<\/p>\n<p> El crecimiento en los primeros tres a\u00f1os de vida afecta la salud respiratoria de los ni\u00f1os <strong>M\u00e1s informaci\u00f3n:<\/strong> El crecimiento en la primera infancia est\u00e1 asociado con la funci\u00f3n pulmonar a los siete a\u00f1os: un estudio prospectivo basado en la poblaci\u00f3n, Revista respiratoria europea. Agosto de 2020. <strong>Informaci\u00f3n de la revista:<\/strong> European Respiratory Journal <\/p>\n<p> Proporcionado por el Instituto de Salud Global de Barcelona <strong>Cita<\/strong>: El peso en los primeros a\u00f1os de vida puede afectar la salud pulmonar en la ni\u00f1ez posterior ( 2020, 27 de agosto) recuperado el 31 de agosto de 2022 de https:\/\/medicalxpress.com\/news\/2020-08-weight-years-life-afect-lung.html Este documento est\u00e1 sujeto a derechos de autor. Aparte de cualquier trato justo con fines de estudio o investigaci\u00f3n privados, ninguna parte puede reproducirse sin el permiso por escrito. El contenido se proporciona \u00fanicamente con fines informativos.<\/p>\n","protected":false},"excerpt":{"rendered":"<p>Las trayectorias del \u00edndice de masa corporal (IMC) en los primeros a\u00f1os de vida pueden estar asociadas con la funci\u00f3n pulmonar en la ni\u00f1ez posterior. Por ejemplo, los ni\u00f1os con aumento acelerado del IMC antes de los cuatro a\u00f1os tienen una funci\u00f3n pulmonar m\u00e1s alta a los siete a\u00f1os, aunque tambi\u00e9n presentan limitaci\u00f3n del flujo &hellip; <a href=\"https:\/\/www.biblia.work\/articulos-salud\/el-peso-en-los-primeros-anos-de-vida-puede-afectar-la-salud-pulmonar-en-la-ninez-posterior\/\" class=\"more-link\">Continuar leyendo<span class=\"screen-reader-text\"> \u00abEl peso en los primeros a\u00f1os de vida puede afectar la salud pulmonar en la ni\u00f1ez posterior\u00bb<\/span><\/a><\/p>\n","protected":false},"author":1,"featured_media":0,"comment_status":"","ping_status":"","sticky":false,"template":"","format":"standard","meta":{"footnotes":""},"categories":[1],"tags":[],"class_list":["post-33336","post","type-post","status-publish","format-standard","hentry","category-general"],"_links":{"self":[{"href":"https:\/\/www.biblia.work\/articulos-salud\/wp-json\/wp\/v2\/posts\/33336","targetHints":{"allow":["GET"]}}],"collection":[{"href":"https:\/\/www.biblia.work\/articulos-salud\/wp-json\/wp\/v2\/posts"}],"about":[{"href":"https:\/\/www.biblia.work\/articulos-salud\/wp-json\/wp\/v2\/types\/post"}],"author":[{"embeddable":true,"href":"https:\/\/www.biblia.work\/articulos-salud\/wp-json\/wp\/v2\/users\/1"}],"replies":[{"embeddable":true,"href":"https:\/\/www.biblia.work\/articulos-salud\/wp-json\/wp\/v2\/comments?post=33336"}],"version-history":[{"count":0,"href":"https:\/\/www.biblia.work\/articulos-salud\/wp-json\/wp\/v2\/posts\/33336\/revisions"}],"wp:attachment":[{"href":"https:\/\/www.biblia.work\/articulos-salud\/wp-json\/wp\/v2\/media?parent=33336"}],"wp:term":[{"taxonomy":"category","embeddable":true,"href":"https:\/\/www.biblia.work\/articulos-salud\/wp-json\/wp\/v2\/categories?post=33336"},{"taxonomy":"post_tag","embeddable":true,"href":"https:\/\/www.biblia.work\/articulos-salud\/wp-json\/wp\/v2\/tags?post=33336"}],"curies":[{"name":"wp","href":"https:\/\/api.w.org\/{rel}","templated":true}]}}