{"id":4459,"date":"2022-08-30T00:53:58","date_gmt":"2022-08-30T05:53:58","guid":{"rendered":"https:\/\/www.biblia.work\/articulos-salud\/la-agencia-de-salud-de-la-ue-dice-que-el-tiempo-es-demasiado-corto-para-que-la-vacunacion-por-si-sola-detenga-a-omicron\/"},"modified":"2022-08-30T00:53:58","modified_gmt":"2022-08-30T05:53:58","slug":"la-agencia-de-salud-de-la-ue-dice-que-el-tiempo-es-demasiado-corto-para-que-la-vacunacion-por-si-sola-detenga-a-omicron","status":"publish","type":"post","link":"https:\/\/www.biblia.work\/articulos-salud\/la-agencia-de-salud-de-la-ue-dice-que-el-tiempo-es-demasiado-corto-para-que-la-vacunacion-por-si-sola-detenga-a-omicron\/","title":{"rendered":"La agencia de salud de la UE dice que el tiempo es demasiado corto para que la &#8216;vacunaci\u00f3n por s\u00ed sola&#8217; detenga a Omicron"},"content":{"rendered":"<p>Cr\u00e9dito: Pixabay\/CC0 Public Domain <\/p>\n<p>La agencia de salud de la UE ECDC advirti\u00f3 el mi\u00e9rcoles que las vacunas por s\u00ed solas no detendr\u00edan el aumento de la variante Omicron del nuevo coronavirus, y dijo que se necesitaba con urgencia una \u00abacci\u00f3n en\u00e9rgica\u00bb. <\/p>\n<p>\u00abEn la situaci\u00f3n actual, la vacunaci\u00f3n por s\u00ed sola no nos permitir\u00e1 prevenir el impacto de la variante Omicron, porque no habr\u00e1 tiempo para abordar las brechas de vacunaci\u00f3n que a\u00fan existen\u00bb, Andrea Ammon, directora del Centro Europeo de Enfermedades Prevenci\u00f3n y Control (ECDC), dijo en un comunicado.<\/p>\n<p>Mientras tanto, la agencia tambi\u00e9n elev\u00f3 su evaluaci\u00f3n de riesgo para el impacto de Omicron en la salud p\u00fablica de \u00abalto a muy alto\u00bb a \u00abmuy alto\u00bb.<\/p>\n<p>La agencia pidi\u00f3 fortalecer y reintroducir las \u00abintervenciones no farmac\u00e9uticas\u00bb, como el uso de mascarillas, la higiene de manos, el trabajo a distancia y la prevenci\u00f3n de aglomeraciones en espacios p\u00fablicos.<\/p>\n<p>\u00abEs urgente que se se tomen medidas para reducir la transmisi\u00f3n y aliviar la pesada carga sobre los sistemas de atenci\u00f3n m\u00e9dica y proteger a los m\u00e1s vulnerables en los pr\u00f3ximos meses\u00bb, agreg\u00f3 Ammon.<\/p>\n<p>Ammon dijo que \u00abhay indicios de que la transmisi\u00f3n comunitaria ya est\u00e1 en curso en pa\u00edses de la UE\/EEE\u00bb, y ese modelo sugiri\u00f3 que un nuevo r\u00e1pido El aumento de casos de Omicron era \u00abinminente\u00bb.<\/p>\n<p>La comisionada de salud de la UE, Stella Kyriakides, dijo que el informe del ECDC mostraba que \u00ablos pr\u00f3ximos meses ser\u00e1n dif\u00edciles\u00bb.<\/p>\n<p>\u00abEs probable que Omicron vienen en una gran ola, generando una presi\u00f3n renovada sobre los sistemas de atenci\u00f3n m\u00e9dica\u00bb, dijo Kyriakides en un comunicado.<\/p>\n<p>Recalc\u00f3 que el 66 por ciento de la poblaci\u00f3n de la UE hab\u00eda sido completamente vacunada, pero dijo que los pa\u00edses de la uni\u00f3n podr\u00edan hacerlo mejor y que \u00ablos refuerzos deber\u00edan ser nuestro rompeolas\u00bb.<\/p>\n<p>\u00abNecesitamos el m\u00e1ximo respeto por las medidas de salud p\u00fablica, combinado con un r\u00e1pido aumento en la vacunaci\u00f3n de refuerzo para abordar Omicron\u00bb, agreg\u00f3 Kyriakides, se\u00f1alando que era \u00abmuy preocupante\u00bb que algunos pa\u00edses se retrasaran en el despliegue de la vacunaci\u00f3n y que el 50 por ciento de la poblaci\u00f3n en cuatro estados miembros todav\u00eda no estuviera completamente vacunado.<\/p>\n<p>El jefe de la Organizaci\u00f3n Mundial de la Salud (OMS), Tedros Adhanom Ghebreyesus, dijo el martes que la variante Omicron hab\u00eda sido reportada en 77 pa\u00edses y \u00abprobablemente\u00bb se hab\u00eda extendido a la mayor\u00eda naciones sin ser detectadas \u00aba un ritmo que no hemos visto con ninguna variante anterior\u00bb.<\/p>\n<p>Tedros tambi\u00e9n advirti\u00f3 en contra de \u00abdescartar a Omicron como leve\u00bb, se\u00f1alando que incluso si la variante causa una enfermedad menos grave, \u00abla pura n\u00famero de casos podr\u00eda volver a abrumar a los sistemas de salud que no est\u00e1n preparados\u00bb. <\/p>\n<p>Explore m\u00e1s<\/p>\n<p> Aumento &#8216;preocupante&#8217; en los casos de Omicron en Dinamarca <\/p>\n<p> 2021 AFP <\/p>\n<p> <strong>Cita<\/strong>: la agencia de salud de la UE dice que el tiempo es demasiado corto para detener la &#8216;vacunaci\u00f3n sola&#8217; Omicron (2021, 15 de diciembre) recuperado el 29 de agosto de 2022 de https:\/\/medicalxpress.com\/news\/2021-12-eu-health-agency-short-vaccination.html Este documento est\u00e1 sujeto a derechos de autor. Aparte de cualquier trato justo con fines de estudio o investigaci\u00f3n privados, ninguna parte puede reproducirse sin el permiso por escrito. El contenido se proporciona \u00fanicamente con fines informativos.<\/p>\n","protected":false},"excerpt":{"rendered":"<p>Cr\u00e9dito: Pixabay\/CC0 Public Domain La agencia de salud de la UE ECDC advirti\u00f3 el mi\u00e9rcoles que las vacunas por s\u00ed solas no detendr\u00edan el aumento de la variante Omicron del nuevo coronavirus, y dijo que se necesitaba con urgencia una \u00abacci\u00f3n en\u00e9rgica\u00bb. \u00abEn la situaci\u00f3n actual, la vacunaci\u00f3n por s\u00ed sola no nos permitir\u00e1 prevenir &hellip; <a href=\"https:\/\/www.biblia.work\/articulos-salud\/la-agencia-de-salud-de-la-ue-dice-que-el-tiempo-es-demasiado-corto-para-que-la-vacunacion-por-si-sola-detenga-a-omicron\/\" class=\"more-link\">Continuar leyendo<span class=\"screen-reader-text\"> \u00abLa agencia de salud de la UE dice que el tiempo es demasiado corto para que la &#8216;vacunaci\u00f3n por s\u00ed sola&#8217; detenga a Omicron\u00bb<\/span><\/a><\/p>\n","protected":false},"author":1,"featured_media":0,"comment_status":"","ping_status":"","sticky":false,"template":"","format":"standard","meta":{"footnotes":""},"categories":[1],"tags":[],"class_list":["post-4459","post","type-post","status-publish","format-standard","hentry","category-general"],"_links":{"self":[{"href":"https:\/\/www.biblia.work\/articulos-salud\/wp-json\/wp\/v2\/posts\/4459","targetHints":{"allow":["GET"]}}],"collection":[{"href":"https:\/\/www.biblia.work\/articulos-salud\/wp-json\/wp\/v2\/posts"}],"about":[{"href":"https:\/\/www.biblia.work\/articulos-salud\/wp-json\/wp\/v2\/types\/post"}],"author":[{"embeddable":true,"href":"https:\/\/www.biblia.work\/articulos-salud\/wp-json\/wp\/v2\/users\/1"}],"replies":[{"embeddable":true,"href":"https:\/\/www.biblia.work\/articulos-salud\/wp-json\/wp\/v2\/comments?post=4459"}],"version-history":[{"count":0,"href":"https:\/\/www.biblia.work\/articulos-salud\/wp-json\/wp\/v2\/posts\/4459\/revisions"}],"wp:attachment":[{"href":"https:\/\/www.biblia.work\/articulos-salud\/wp-json\/wp\/v2\/media?parent=4459"}],"wp:term":[{"taxonomy":"category","embeddable":true,"href":"https:\/\/www.biblia.work\/articulos-salud\/wp-json\/wp\/v2\/categories?post=4459"},{"taxonomy":"post_tag","embeddable":true,"href":"https:\/\/www.biblia.work\/articulos-salud\/wp-json\/wp\/v2\/tags?post=4459"}],"curies":[{"name":"wp","href":"https:\/\/api.w.org\/{rel}","templated":true}]}}