{"id":4462,"date":"2022-08-30T00:54:03","date_gmt":"2022-08-30T05:54:03","guid":{"rendered":"https:\/\/www.biblia.work\/articulos-salud\/la-prueba-de-alzheimer-proporciona-respuestas-muy-necesarias-para-los-pacientes-y-sus-familias\/"},"modified":"2022-08-30T00:54:03","modified_gmt":"2022-08-30T05:54:03","slug":"la-prueba-de-alzheimer-proporciona-respuestas-muy-necesarias-para-los-pacientes-y-sus-familias","status":"publish","type":"post","link":"https:\/\/www.biblia.work\/articulos-salud\/la-prueba-de-alzheimer-proporciona-respuestas-muy-necesarias-para-los-pacientes-y-sus-familias\/","title":{"rendered":"La prueba de Alzheimer proporciona respuestas muy necesarias para los pacientes y sus familias"},"content":{"rendered":"<p>Cr\u00e9dito: Pixabay\/CC0 Public Domain <\/p>\n<p>M\u00e1s de medio mill\u00f3n de canadienses viven actualmente con la enfermedad de Alzheimer o una forma relacionada de demencia, y con una poblaci\u00f3n que envejece r\u00e1pidamente, eso se prev\u00e9 que el n\u00famero se duplique para 2031. Ahora, una nueva prueba ayudar\u00e1 a los pacientes a encontrar las respuestas que buscan y ayudar\u00e1 a sus familias a planificar frente a un diagn\u00f3stico de Alzheimer. <\/p>\n<p>\u00abEste es un problema de atenci\u00f3n m\u00e9dica urgente y de r\u00e1pido crecimiento\u00bb, dice la Dra. Mari DeMarco, qu\u00edmica cl\u00ednica en el Hospital St. Paul y profesora asociada cl\u00ednica en la Universidad de Columbia Brit\u00e1nica en Vancouver, Canad\u00e1. Su equipo desarroll\u00f3 un componente clave de la prueba de la enfermedad de Alzheimer y trabaj\u00f3 con personas con experiencia vivida con la demencia, junto con proveedores de atenci\u00f3n m\u00e9dica y otros socios, para implementar una estrategia integral de pruebas de diagn\u00f3stico a trav\u00e9s de su proyecto IMPACT-AD, financiado en parte por Brain Canad\u00e1. \u00abLa prueba de biomarcadores de la enfermedad de Alzheimer, que ahora hemos puesto a disposici\u00f3n de todos los canadienses, puede ayudar a los m\u00e9dicos a diagnosticar con precisi\u00f3n la enfermedad incluso cuando solo hay s\u00edntomas leves. A trav\u00e9s del proyecto IMPACT-AD, nuestro objetivo era obtener una mejor comprensi\u00f3n de c\u00f3mo esto las pruebas afectan la toma de decisiones m\u00e9dicas y personales, y los costos de atenci\u00f3n m\u00e9dica\u00bb.<\/p>\n<p>El objetivo de IMPACT-AD es informar un cambio positivo en el sistema de atenci\u00f3n m\u00e9dica canadiense para mejorar la atenci\u00f3n y el apoyo a las personas que viven con la enfermedad de Alzheimer, y sus familias, seg\u00fan DeMarco.<\/p>\n<p>\u00bfQui\u00e9n puede hacerse la prueba?<\/p>\n<p>La prueba de biomarcadores de la enfermedad de Alzheimer a trav\u00e9s de este programa solo puede ser ordenada por un m\u00e9dico especializado en el cuidado de la demencia. El m\u00e9dico puede recomendar pruebas en personas que experimentan s\u00edntomas leves a moderados asociados con la enfermedad de Alzheimer. Medir los cambios en estos biomarcadores en el l\u00edquido cefalorraqu\u00eddeo, el l\u00edquido que rodea el cerebro y la m\u00e9dula espinal, ayuda a los m\u00e9dicos a identificar si la causa de los s\u00edntomas puede deberse a la enfermedad de Alzheimer y si es probable que los s\u00edntomas empeoren con el tiempo.<\/p>\n<p>Con el aporte de los pacientes, sus familias y sus m\u00e9dicos, DeMarco y sus colegas est\u00e1n trabajando para abordar las barreras para la aceptaci\u00f3n y el uso en el sistema de atenci\u00f3n m\u00e9dica canadiense.<\/p>\n<p>\u00bfC\u00f3mo puede ayudar la prueba a las personas que experimentan p\u00e9rdida de memoria? y el deterioro de la salud cerebral?<\/p>\n<p>El diagn\u00f3stico temprano y preciso de la enfermedad de Alzheimer es fundamental porque el acceso oportuno a la atenci\u00f3n m\u00e9dica y los servicios comunitarios tiene el potencial de conducir a un tratamiento m\u00e1s efectivo y mejorar la calidad de vida. Los enfoques actuales para el diagn\u00f3stico se basan en pruebas de imagen y la observaci\u00f3n de los signos y s\u00edntomas de la enfermedad. Se ha demostrado que agregar la medida de las prote\u00ednas que se encuentran en el l\u00edquido cefalorraqu\u00eddeo (biomarcadores) ayuda a identificar correctamente la enfermedad y a predecir aquellos con s\u00edntomas leves que probablemente progresen a la demencia.<\/p>\n<p>La investigaci\u00f3n apareci\u00f3 el a\u00f1o pasado en Alzheimer&#8217;s &amp; Demencia: diagn\u00f3stico, evaluaci\u00f3n y seguimiento de la enfermedad. <\/p>\n<p>Explore m\u00e1s<\/p>\n<p> La acumulaci\u00f3n temprana de tau en el cerebro predice la disminuci\u00f3n de la memoria en la enfermedad de Alzheimer <strong>M\u00e1s informaci\u00f3n:<\/strong> Mari L. DeMarco et al, Un m\u00e9todo cl\u00ednico automatizado de espectrometr\u00eda de masas para la identificaci\u00f3n y cuantificaci\u00f3n de p\u00e9ptidos amiloide 140 y 142 variantes y de tipo salvaje en LCR, Alzheimer y demencia: diagn\u00f3stico, evaluaci\u00f3n y seguimiento de enfermedades (2020). DOI: 10.1002\/dad2.12036 Proporcionado por Brain Canada Foundation <strong>Cita<\/strong>: La prueba de Alzheimer brinda respuestas muy necesarias a los pacientes y sus familias (15 de diciembre de 2021) consultado el 29 de agosto de 2022 en https:\/\/medicalxpress.com \/noticias\/2021-12-alzheimer-patients-families.html Este documento est\u00e1 sujeto a derechos de autor. Aparte de cualquier trato justo con fines de estudio o investigaci\u00f3n privados, ninguna parte puede reproducirse sin el permiso por escrito. El contenido se proporciona \u00fanicamente con fines informativos.<\/p>\n","protected":false},"excerpt":{"rendered":"<p>Cr\u00e9dito: Pixabay\/CC0 Public Domain M\u00e1s de medio mill\u00f3n de canadienses viven actualmente con la enfermedad de Alzheimer o una forma relacionada de demencia, y con una poblaci\u00f3n que envejece r\u00e1pidamente, eso se prev\u00e9 que el n\u00famero se duplique para 2031. Ahora, una nueva prueba ayudar\u00e1 a los pacientes a encontrar las respuestas que buscan y &hellip; <a href=\"https:\/\/www.biblia.work\/articulos-salud\/la-prueba-de-alzheimer-proporciona-respuestas-muy-necesarias-para-los-pacientes-y-sus-familias\/\" class=\"more-link\">Continuar leyendo<span class=\"screen-reader-text\"> \u00abLa prueba de Alzheimer proporciona respuestas muy necesarias para los pacientes y sus familias\u00bb<\/span><\/a><\/p>\n","protected":false},"author":1,"featured_media":0,"comment_status":"","ping_status":"","sticky":false,"template":"","format":"standard","meta":{"footnotes":""},"categories":[1],"tags":[],"class_list":["post-4462","post","type-post","status-publish","format-standard","hentry","category-general"],"_links":{"self":[{"href":"https:\/\/www.biblia.work\/articulos-salud\/wp-json\/wp\/v2\/posts\/4462","targetHints":{"allow":["GET"]}}],"collection":[{"href":"https:\/\/www.biblia.work\/articulos-salud\/wp-json\/wp\/v2\/posts"}],"about":[{"href":"https:\/\/www.biblia.work\/articulos-salud\/wp-json\/wp\/v2\/types\/post"}],"author":[{"embeddable":true,"href":"https:\/\/www.biblia.work\/articulos-salud\/wp-json\/wp\/v2\/users\/1"}],"replies":[{"embeddable":true,"href":"https:\/\/www.biblia.work\/articulos-salud\/wp-json\/wp\/v2\/comments?post=4462"}],"version-history":[{"count":0,"href":"https:\/\/www.biblia.work\/articulos-salud\/wp-json\/wp\/v2\/posts\/4462\/revisions"}],"wp:attachment":[{"href":"https:\/\/www.biblia.work\/articulos-salud\/wp-json\/wp\/v2\/media?parent=4462"}],"wp:term":[{"taxonomy":"category","embeddable":true,"href":"https:\/\/www.biblia.work\/articulos-salud\/wp-json\/wp\/v2\/categories?post=4462"},{"taxonomy":"post_tag","embeddable":true,"href":"https:\/\/www.biblia.work\/articulos-salud\/wp-json\/wp\/v2\/tags?post=4462"}],"curies":[{"name":"wp","href":"https:\/\/api.w.org\/{rel}","templated":true}]}}