{"id":457,"date":"2022-08-29T22:34:02","date_gmt":"2022-08-30T03:34:02","guid":{"rendered":"https:\/\/www.biblia.work\/articulos-salud\/las-infecciones-virales-podrian-promover-la-neurodegeneracion\/"},"modified":"2022-08-29T22:34:02","modified_gmt":"2022-08-30T03:34:02","slug":"las-infecciones-virales-podrian-promover-la-neurodegeneracion","status":"publish","type":"post","link":"https:\/\/www.biblia.work\/articulos-salud\/las-infecciones-virales-podrian-promover-la-neurodegeneracion\/","title":{"rendered":"Las infecciones virales podr\u00edan promover la neurodegeneraci\u00f3n"},"content":{"rendered":"<p>Cr\u00e9dito: Pixabay\/CC0 Dominio p\u00fablico <\/p>\n<p>Algunas enfermedades virales posiblemente podr\u00edan contribuir a la neurodegeneraci\u00f3n. Los investigadores de DZNE informan esto en la revista Nature Communications. Su evaluaci\u00f3n se basa en experimentos de laboratorio en los que pudieron demostrar que ciertas mol\u00e9culas virales facilitan la propagaci\u00f3n intercelular de agregados de prote\u00ednas que son caracter\u00edsticas de enfermedades cerebrales como el Alzheimer. Estos hallazgos pueden proporcionar pistas sobre c\u00f3mo las infecciones virales agudas o cr\u00f3nicas podr\u00edan contribuir a la neurodegeneraci\u00f3n. <\/p>\n<p>Los agregados de prote\u00ednas mal plegadas, que ocurren en las denominadas enfermedades pri\u00f3nicas como la enfermedad de Creutzfeldt-Jakob, tienen la capacidad de pasar de una c\u00e9lula a otra, donde transfieren su forma anormal a prote\u00ednas del mismo tipo. Como resultado, la enfermedad se propaga por todo el cerebro. Se discute un fen\u00f3meno similar para la enfermedad de Alzheimer y Parkinson, que tambi\u00e9n exhiben ensamblajes de prote\u00ednas mal plegadas. <\/p>\n<p>La transmisi\u00f3n de agregados podr\u00eda implicar el contacto directo de c\u00e9lula a c\u00e9lula, la liberaci\u00f3n de agregados \u00abdesnudos\u00bb en el espacio extracelular o el empaquetamiento en ves\u00edculas, que son peque\u00f1as burbujas rodeadas por una envoltura lip\u00eddica que se secretan para la comunicaci\u00f3n entre c\u00e9lulas. \u00abSe desconocen los mecanismos precisos de transmisi\u00f3n\u00bb, dice Ina Vorberg, l\u00edder del grupo de investigaci\u00f3n en el sitio de DZNE en Bonn y profesora en la Universidad de Bonn. \u00abSin embargo, es una conjetura obvia que el intercambio agregado tanto por contacto celular directo como a trav\u00e9s de ves\u00edculas depende de las interacciones ligando-receptor. Esto se debe a que en ambos escenarios, las membranas deben hacer contacto y fusionarse. Esto se facilita cuando hay ligandos presentes que se unen a los receptores en la superficie celular y luego hacen que las dos membranas se fusionen\u00bb.<\/p>\n<p>Experimentos con cultivos celulares<\/p>\n<p>Con base en esta suposici\u00f3n, el equipo de Vorberg, con el apoyo de los colegas de DZNE en Munich y Tbingen, as\u00ed como cient\u00edficos belgas, realizaron una extensa serie de estudios con diferentes cultivos celulares. Por lo tanto, investigaron la transferencia intercelular de priones o agregados de prote\u00ednas tau, ya que ocurren de forma similar en las enfermedades pri\u00f3nicas o la enfermedad de Alzheimer y otras \u00abtauopat\u00edas\u00bb. <\/p>\n<p>Imitando lo que sucede como resultado de una infecci\u00f3n viral, los investigadores indujeron a las c\u00e9lulas a producir prote\u00ednas virales que median en la uni\u00f3n de c\u00e9lulas diana y la fusi\u00f3n de membranas. Se eligieron dos prote\u00ednas como ejemplos principales: la prote\u00edna S del pico del SARS-CoV-2, que proviene del virus que causa la COVID-19, y la glicoprote\u00edna del virus de la estomatitis vesicular VSV-G, que se presenta en un pat\u00f3geno que infecta al ganado y otros animales. Adem\u00e1s, las c\u00e9lulas expresaron receptores para estas prote\u00ednas virales, a saber, la familia de receptores LDL, que act\u00faan como puertos de acoplamiento para VSV-G, y ACE2 humano, el receptor para la prote\u00edna espiga.<\/p>\n<p>Los ligandos facilitan la propagaci\u00f3n agregada<\/p>\n<p> p&gt; <\/p>\n<p>\u00abPudimos demostrar que las prote\u00ednas virales se incorporan tanto a la membrana celular como a las ves\u00edculas extracelulares. Su presencia aumenta la propagaci\u00f3n de agregados de prote\u00ednas entre las c\u00e9lulas, ya sea por contacto celular directo o por ves\u00edculas extracelulares. Los ligandos virales mediaron una transferencia efectiva de agregados a las c\u00e9lulas receptoras, donde indujeron nuevos agregados. Los ligandos act\u00faan como llaves que abren las c\u00e9lulas receptoras y, por lo tanto, se cuelan en la carga peligrosa\u00bb, dice Vorberg. <\/p>\n<p>\u00abCiertamente, nuestros modelos celulares no replican los muchos aspectos del cerebro con sus tipos de c\u00e9lulas muy especializados. Sin embargo, independientemente del tipo de c\u00e9lula probada que produce los agregados patol\u00f3gicos, la presencia de ligandos virales aument\u00f3 claramente la la propagaci\u00f3n de prote\u00ednas mal plegadas a otras c\u00e9lulas. En general, nuestros datos sugieren que las interacciones virales ligando-receptor pueden, en principio, afectar la transmisi\u00f3n de prote\u00ednas patol\u00f3gicas. Este es un hallazgo novedoso\u00bb.<\/p>\n<p>Efectos potenciales sobre la neurodegeneraci\u00f3n<\/p>\n<p>\u00abLos cerebros de pacientes que padecen enfermedades neurodegenerativas a veces contienen ciertos virus. Se sospecha que causan inflamaci\u00f3n o tienen un efecto t\u00f3xico, acelerando as\u00ed la neurodegeneraci\u00f3n. Sin embargo, las prote\u00ednas virales tambi\u00e9n podr\u00edan actuar de manera diferente: podr\u00edan aumentar la propagaci\u00f3n intercelular de agregados de prote\u00ednas que ya est\u00e1n en curso en enfermedades neurodegenerativas como el Alzheimer\u00bb, dice Vorberg. \u00abPor supuesto, esto necesita m\u00e1s estudios con virus neurotr\u00f3picos. Claramente, el impacto de las infecciones virales en las enfermedades neurodegenerativas merece una investigaci\u00f3n en profundidad\u00bb. <\/p>\n<p>Explore m\u00e1s<\/p>\n<p> Los investigadores arrojan nueva luz sobre los mecanismos moleculares en las enfermedades cerebrales <strong>M\u00e1s informaci\u00f3n:<\/strong> Ina Vorberg et al, Propagaci\u00f3n intercelular altamente eficiente del plegamiento incorrecto de prote\u00ednas mediado por interacciones virales ligando-receptor, Nature Comunicaciones (2021). DOI: 10.1038\/s41467-021-25855-2. <strong>Informaci\u00f3n de la revista:<\/strong> Nature Communications <\/p>\n<p> Proporcionado por el Centro Alem\u00e1n de Enfermedades Neurodegenerativas <strong>Cita<\/strong>: Las infecciones virales podr\u00edan promover la neurodegeneraci\u00f3n (19 de octubre de 2021) consultado el 29 de agosto de 2022 en https: \/\/medicalxpress.com\/news\/2021-10-viral-infections-neurodegeneration.html Este documento est\u00e1 sujeto a derechos de autor. Aparte de cualquier trato justo con fines de estudio o investigaci\u00f3n privados, ninguna parte puede reproducirse sin el permiso por escrito. El contenido se proporciona \u00fanicamente con fines informativos.<\/p>\n","protected":false},"excerpt":{"rendered":"<p>Cr\u00e9dito: Pixabay\/CC0 Dominio p\u00fablico Algunas enfermedades virales posiblemente podr\u00edan contribuir a la neurodegeneraci\u00f3n. Los investigadores de DZNE informan esto en la revista Nature Communications. Su evaluaci\u00f3n se basa en experimentos de laboratorio en los que pudieron demostrar que ciertas mol\u00e9culas virales facilitan la propagaci\u00f3n intercelular de agregados de prote\u00ednas que son caracter\u00edsticas de enfermedades cerebrales &hellip; <a href=\"https:\/\/www.biblia.work\/articulos-salud\/las-infecciones-virales-podrian-promover-la-neurodegeneracion\/\" class=\"more-link\">Continuar leyendo<span class=\"screen-reader-text\"> \u00abLas infecciones virales podr\u00edan promover la neurodegeneraci\u00f3n\u00bb<\/span><\/a><\/p>\n","protected":false},"author":1,"featured_media":0,"comment_status":"","ping_status":"","sticky":false,"template":"","format":"standard","meta":{"footnotes":""},"categories":[1],"tags":[],"class_list":["post-457","post","type-post","status-publish","format-standard","hentry","category-general"],"_links":{"self":[{"href":"https:\/\/www.biblia.work\/articulos-salud\/wp-json\/wp\/v2\/posts\/457","targetHints":{"allow":["GET"]}}],"collection":[{"href":"https:\/\/www.biblia.work\/articulos-salud\/wp-json\/wp\/v2\/posts"}],"about":[{"href":"https:\/\/www.biblia.work\/articulos-salud\/wp-json\/wp\/v2\/types\/post"}],"author":[{"embeddable":true,"href":"https:\/\/www.biblia.work\/articulos-salud\/wp-json\/wp\/v2\/users\/1"}],"replies":[{"embeddable":true,"href":"https:\/\/www.biblia.work\/articulos-salud\/wp-json\/wp\/v2\/comments?post=457"}],"version-history":[{"count":0,"href":"https:\/\/www.biblia.work\/articulos-salud\/wp-json\/wp\/v2\/posts\/457\/revisions"}],"wp:attachment":[{"href":"https:\/\/www.biblia.work\/articulos-salud\/wp-json\/wp\/v2\/media?parent=457"}],"wp:term":[{"taxonomy":"category","embeddable":true,"href":"https:\/\/www.biblia.work\/articulos-salud\/wp-json\/wp\/v2\/categories?post=457"},{"taxonomy":"post_tag","embeddable":true,"href":"https:\/\/www.biblia.work\/articulos-salud\/wp-json\/wp\/v2\/tags?post=457"}],"curies":[{"name":"wp","href":"https:\/\/api.w.org\/{rel}","templated":true}]}}