{"id":4617,"date":"2022-08-30T00:58:31","date_gmt":"2022-08-30T05:58:31","guid":{"rendered":"https:\/\/www.biblia.work\/articulos-salud\/holanda-amplia-confinamiento-por-covid-las-vacaciones-escolares-comenzaran-temprano\/"},"modified":"2022-08-30T00:58:31","modified_gmt":"2022-08-30T05:58:31","slug":"holanda-amplia-confinamiento-por-covid-las-vacaciones-escolares-comenzaran-temprano","status":"publish","type":"post","link":"https:\/\/www.biblia.work\/articulos-salud\/holanda-amplia-confinamiento-por-covid-las-vacaciones-escolares-comenzaran-temprano\/","title":{"rendered":"Holanda ampl\u00eda confinamiento por COVID; las vacaciones escolares comenzar\u00e1n temprano"},"content":{"rendered":"<p>El primer ministro de los Pa\u00edses Bajos, Mark Rutte, habla durante una conferencia de prensa despu\u00e9s de una reuni\u00f3n con su hom\u00f3logo alban\u00e9s, Edi Rama, en Tirana, Albania, el mi\u00e9rcoles 10 de noviembre de 2021. El gobierno holand\u00e9s el martes 14 de diciembre de 2021 , orden\u00f3 a las escuelas primarias cerrar una semana antes de las vacaciones de Navidad mientras las autoridades luchan por controlar las infecciones por coronavirus en medio de preocupaciones sobre la r\u00e1pida propagaci\u00f3n de la nueva variante omicron. Cr\u00e9dito: AP Photo\/Franc Zhurda, Archivo <\/p>\n<p>El martes, el gobierno holand\u00e9s orden\u00f3 a las escuelas primarias cerrar una semana antes de las vacaciones de Navidad mientras las autoridades luchan por controlar las infecciones por coronavirus en medio de preocupaciones sobre la r\u00e1pida propagaci\u00f3n de la nueva variante omicron. <\/p>\n<p>El primer ministro interino, Mark Rutte, tambi\u00e9n extendi\u00f3 el confinamiento existente en el pa\u00eds hasta el 14 de enero y dijo que el gobierno debe estar alerta ante la nueva variante.<\/p>\n<p>\u00abPor supuesto, esa no es la buena noticia que esperas\u00bb. en Navidad\u00bb, dijo Rutte en una conferencia de prensa televisada a nivel nacional. \u00abAs\u00ed que s\u00ed, una sorpresa decepcionante pero quiz\u00e1s no muy grande\u00bb.<\/p>\n<p>Rutte dijo que las vacaciones escolares se extender\u00e1n de dos a tres semanas a partir del 20 de diciembre. Los ni\u00f1os peque\u00f1os registraron los aumentos m\u00e1s pronunciados de infecciones en un per\u00edodo reciente. aumento de coronavirus en los Pa\u00edses Bajos.<\/p>\n<p>Ese aumento ha disminuido ligeramente desde que se introdujeron las medidas de bloqueo el mes pasado. Los bares, restaurantes y otros lugares de reuni\u00f3n p\u00fablica, como teatros y cines, han estado cerrando sus puertas a las 5 p. el sistema de salud combinado con la amenaza inminente de la variante omicron hizo que las medidas fueran inevitables.<\/p>\n<p>\u00abTodav\u00eda no sabemos mucho al respecto, pero esta nueva variante se est\u00e1 propagando considerablemente m\u00e1s r\u00e1pido que la variante delta actual\u00bb. dijo.<\/p>\n<p>El martes temprano, el instituto de salud p\u00fablica del pa\u00eds en su actualizaci\u00f3n semanal de coronavirus dijo que las pruebas positivas disminuyeron en un 21% durante la semana pasada a 116,477. Los ingresos hospitalarios se redujeron un 10 % y las unidades de cuidados intensivos un 4 %.<\/p>\n<p>Sin embargo, el instituto advirti\u00f3 que se espera que la variante omicron provoque m\u00e1s infecciones y, a su vez, podr\u00eda conducir a un aumento de los ingresos hospitalarios. <\/p>\n<p>El ministro de Salud, Hugo de Jonge, dijo que la campa\u00f1a de refuerzo del pa\u00eds se acelerar\u00e1 para que todos los adultos que deseen una vacuna de refuerzo puedan obtener una para la segunda quincena de enero. <\/p>\n<p>Explore m\u00e1s<\/p>\n<p> Belgas y holandeses se enfrentan a nuevas medidas de COVID-19 para frenar un nuevo aumento <\/p>\n<p> 2021 The Associated Press. Reservados todos los derechos. Este material no puede ser publicado, transmitido, reescrito o redistribuido sin permiso. <\/p>\n<p> <strong>Cita<\/strong>: Holanda extiende el confinamiento por COVID; vacaciones escolares para comenzar temprano (2021, 14 de diciembre) recuperado el 29 de agosto de 2022 de https:\/\/medicalxpress.com\/news\/2021-12-dutch-covid-lockdown-school-holidays.html Este documento est\u00e1 sujeto a derechos de autor. Aparte de cualquier trato justo con fines de estudio o investigaci\u00f3n privados, ninguna parte puede reproducirse sin el permiso por escrito. El contenido se proporciona \u00fanicamente con fines informativos.<\/p>\n","protected":false},"excerpt":{"rendered":"<p>El primer ministro de los Pa\u00edses Bajos, Mark Rutte, habla durante una conferencia de prensa despu\u00e9s de una reuni\u00f3n con su hom\u00f3logo alban\u00e9s, Edi Rama, en Tirana, Albania, el mi\u00e9rcoles 10 de noviembre de 2021. El gobierno holand\u00e9s el martes 14 de diciembre de 2021 , orden\u00f3 a las escuelas primarias cerrar una semana antes &hellip; <a href=\"https:\/\/www.biblia.work\/articulos-salud\/holanda-amplia-confinamiento-por-covid-las-vacaciones-escolares-comenzaran-temprano\/\" class=\"more-link\">Continuar leyendo<span class=\"screen-reader-text\"> \u00abHolanda ampl\u00eda confinamiento por COVID; las vacaciones escolares comenzar\u00e1n temprano\u00bb<\/span><\/a><\/p>\n","protected":false},"author":1,"featured_media":0,"comment_status":"","ping_status":"","sticky":false,"template":"","format":"standard","meta":{"footnotes":""},"categories":[1],"tags":[],"class_list":["post-4617","post","type-post","status-publish","format-standard","hentry","category-general"],"_links":{"self":[{"href":"https:\/\/www.biblia.work\/articulos-salud\/wp-json\/wp\/v2\/posts\/4617","targetHints":{"allow":["GET"]}}],"collection":[{"href":"https:\/\/www.biblia.work\/articulos-salud\/wp-json\/wp\/v2\/posts"}],"about":[{"href":"https:\/\/www.biblia.work\/articulos-salud\/wp-json\/wp\/v2\/types\/post"}],"author":[{"embeddable":true,"href":"https:\/\/www.biblia.work\/articulos-salud\/wp-json\/wp\/v2\/users\/1"}],"replies":[{"embeddable":true,"href":"https:\/\/www.biblia.work\/articulos-salud\/wp-json\/wp\/v2\/comments?post=4617"}],"version-history":[{"count":0,"href":"https:\/\/www.biblia.work\/articulos-salud\/wp-json\/wp\/v2\/posts\/4617\/revisions"}],"wp:attachment":[{"href":"https:\/\/www.biblia.work\/articulos-salud\/wp-json\/wp\/v2\/media?parent=4617"}],"wp:term":[{"taxonomy":"category","embeddable":true,"href":"https:\/\/www.biblia.work\/articulos-salud\/wp-json\/wp\/v2\/categories?post=4617"},{"taxonomy":"post_tag","embeddable":true,"href":"https:\/\/www.biblia.work\/articulos-salud\/wp-json\/wp\/v2\/tags?post=4617"}],"curies":[{"name":"wp","href":"https:\/\/api.w.org\/{rel}","templated":true}]}}