{"id":4665,"date":"2022-08-30T00:59:57","date_gmt":"2022-08-30T05:59:57","guid":{"rendered":"https:\/\/www.biblia.work\/articulos-salud\/los-adultos-con-causas-geneticas-raras-de-trastornos-de-salud-mental-tienen-mas-probabilidades-de-tener-enfermedades-cronicas\/"},"modified":"2022-08-30T00:59:57","modified_gmt":"2022-08-30T05:59:57","slug":"los-adultos-con-causas-geneticas-raras-de-trastornos-de-salud-mental-tienen-mas-probabilidades-de-tener-enfermedades-cronicas","status":"publish","type":"post","link":"https:\/\/www.biblia.work\/articulos-salud\/los-adultos-con-causas-geneticas-raras-de-trastornos-de-salud-mental-tienen-mas-probabilidades-de-tener-enfermedades-cronicas\/","title":{"rendered":"Los adultos con causas gen\u00e9ticas raras de trastornos de salud mental tienen m\u00e1s probabilidades de tener enfermedades cr\u00f3nicas"},"content":{"rendered":"<p>Cr\u00e9dito: CC0 Public Domain <\/p>\n<p>Los adultos con causas gen\u00e9ticas espec\u00edficas de salud mental y otros trastornos cerebrales ten\u00edan tasas significativamente m\u00e1s altas de enfermedades cr\u00f3nicas y el doble de visitas a la sala de emergencias en comparaci\u00f3n con un grupo de control sin estas afecciones gen\u00e9ticas, encontr\u00f3 un estudio de Geisinger. <\/p>\n<p>Los cambios gen\u00e9ticos raros, conocidos como variantes patog\u00e9nicas del n\u00famero de copias (pCNV), tienen grandes efectos en la funci\u00f3n cerebral y son causas subyacentes conocidas del trastorno del espectro autista, discapacidad intelectual, esquizofrenia, epilepsia y otros trastornos cerebrales. Los investigadores han encontrado varias docenas de pCNV asociadas con estas afecciones, pero se han realizado pocas investigaciones sobre la utilizaci\u00f3n de atenci\u00f3n m\u00e9dica en adultos con estos cambios gen\u00e9ticos.<\/p>\n<p>El equipo de investigaci\u00f3n de Geisinger compar\u00f3 un grupo de 928 adultos que ten\u00edan una de estas pCNV. a un grupo de control de la Iniciativa de Salud Comunitaria MyCode de Geisinger que no ten\u00eda pCNV. El estudio encontr\u00f3 que los adultos con una de estas condiciones gen\u00e9ticas ten\u00edan m\u00e1s probabilidades que el grupo de control de tener un trastorno psiqui\u00e1trico o del neurodesarrollo documentado, y ten\u00edan tasas m\u00e1s altas de diabetes, demencia y otras condiciones de salud cr\u00f3nicas. Los adultos con pCNV tambi\u00e9n registraron el doble de visitas anuales a la sala de emergencias.<\/p>\n<p>Los resultados se publicaron este mes en Genetics in Medicine.<\/p>\n<p>\u00abEstos hallazgos sugieren que los adultos con variantes patog\u00e9nicas en el n\u00famero de copias tienen peor salud y requieren recursos de atenci\u00f3n m\u00e9dica desproporcionados\u00bb, dijo Brenda Finucane, MS, profesora del Instituto de Medicina del Desarrollo y Autismo de Geisinger y autora principal del estudio. \u00abEl diagn\u00f3stico gen\u00e9tico temprano combinado con intervenciones centradas en el paciente puede ayudar a anticipar estas condiciones de salud, mejorar los resultados y reducir la carga econ\u00f3mica asociada para estos pacientes\u00bb. <\/p>\n<p>Explore m\u00e1s<\/p>\n<p> Las afecciones relacionadas con el envejecimiento aumentan la carga de tratamiento en pacientes mayores con c\u00e1ncer <strong>M\u00e1s informaci\u00f3n:<\/strong> Brenda Finucane et al, Manifestaciones m\u00e9dicas y utilizaci\u00f3n de la atenci\u00f3n m\u00e9dica entre los participantes adultos de MyCode con n\u00famero de copia psiqui\u00e1trica del desarrollo neurol\u00f3gico variantes, Gen\u00e9tica en Medicina (2021). DOI: 10.1016\/j.gim.2021.11.010 <strong>Informaci\u00f3n de la revista:<\/strong> Genetics in Medicine <\/p>\n<p> Proporcionado por Geisinger Health System <strong>Cita<\/strong>: Adultos con causas gen\u00e9ticas raras de salud mental trastornos m\u00e1s propensos a tener enfermedades cr\u00f3nicas (2021, 13 de diciembre) recuperado el 29 de agosto de 2022 de https:\/\/medicalxpress.com\/news\/2021-12-adults-rare-genetic-mental-health.html Este documento est\u00e1 sujeto a derechos de autor. Aparte de cualquier trato justo con fines de estudio o investigaci\u00f3n privados, ninguna parte puede reproducirse sin el permiso por escrito. El contenido se proporciona \u00fanicamente con fines informativos.<\/p>\n","protected":false},"excerpt":{"rendered":"<p>Cr\u00e9dito: CC0 Public Domain Los adultos con causas gen\u00e9ticas espec\u00edficas de salud mental y otros trastornos cerebrales ten\u00edan tasas significativamente m\u00e1s altas de enfermedades cr\u00f3nicas y el doble de visitas a la sala de emergencias en comparaci\u00f3n con un grupo de control sin estas afecciones gen\u00e9ticas, encontr\u00f3 un estudio de Geisinger. Los cambios gen\u00e9ticos raros, &hellip; <a href=\"https:\/\/www.biblia.work\/articulos-salud\/los-adultos-con-causas-geneticas-raras-de-trastornos-de-salud-mental-tienen-mas-probabilidades-de-tener-enfermedades-cronicas\/\" class=\"more-link\">Continuar leyendo<span class=\"screen-reader-text\"> \u00abLos adultos con causas gen\u00e9ticas raras de trastornos de salud mental tienen m\u00e1s probabilidades de tener enfermedades cr\u00f3nicas\u00bb<\/span><\/a><\/p>\n","protected":false},"author":1,"featured_media":0,"comment_status":"","ping_status":"","sticky":false,"template":"","format":"standard","meta":{"footnotes":""},"categories":[1],"tags":[],"class_list":["post-4665","post","type-post","status-publish","format-standard","hentry","category-general"],"_links":{"self":[{"href":"https:\/\/www.biblia.work\/articulos-salud\/wp-json\/wp\/v2\/posts\/4665","targetHints":{"allow":["GET"]}}],"collection":[{"href":"https:\/\/www.biblia.work\/articulos-salud\/wp-json\/wp\/v2\/posts"}],"about":[{"href":"https:\/\/www.biblia.work\/articulos-salud\/wp-json\/wp\/v2\/types\/post"}],"author":[{"embeddable":true,"href":"https:\/\/www.biblia.work\/articulos-salud\/wp-json\/wp\/v2\/users\/1"}],"replies":[{"embeddable":true,"href":"https:\/\/www.biblia.work\/articulos-salud\/wp-json\/wp\/v2\/comments?post=4665"}],"version-history":[{"count":0,"href":"https:\/\/www.biblia.work\/articulos-salud\/wp-json\/wp\/v2\/posts\/4665\/revisions"}],"wp:attachment":[{"href":"https:\/\/www.biblia.work\/articulos-salud\/wp-json\/wp\/v2\/media?parent=4665"}],"wp:term":[{"taxonomy":"category","embeddable":true,"href":"https:\/\/www.biblia.work\/articulos-salud\/wp-json\/wp\/v2\/categories?post=4665"},{"taxonomy":"post_tag","embeddable":true,"href":"https:\/\/www.biblia.work\/articulos-salud\/wp-json\/wp\/v2\/tags?post=4665"}],"curies":[{"name":"wp","href":"https:\/\/api.w.org\/{rel}","templated":true}]}}