{"id":4705,"date":"2022-08-30T01:01:04","date_gmt":"2022-08-30T06:01:04","guid":{"rendered":"https:\/\/www.biblia.work\/articulos-salud\/la-pandemia-provoco-un-gran-aumento-en-nuevos-casos-de-anorexia\/"},"modified":"2022-08-30T01:01:04","modified_gmt":"2022-08-30T06:01:04","slug":"la-pandemia-provoco-un-gran-aumento-en-nuevos-casos-de-anorexia","status":"publish","type":"post","link":"https:\/\/www.biblia.work\/articulos-salud\/la-pandemia-provoco-un-gran-aumento-en-nuevos-casos-de-anorexia\/","title":{"rendered":"La pandemia provoc\u00f3 un gran aumento en nuevos casos de anorexia"},"content":{"rendered":"<p>(HealthDay) Un nuevo estudio confirma otra consecuencia m\u00e1s de la pandemia para ni\u00f1os y adolescentes: los trastornos alimentarios y las hospitalizaciones para ellos aumentaron considerablemente en 2020. <\/p>\n<p> Un estudio de seis hospitales de Canad\u00e1 encontr\u00f3 que los nuevos diagn\u00f3sticos de anorexia casi se duplicaron durante la primera ola de la pandemia de COVID-19. Y la tasa de hospitalizaci\u00f3n entre esos pacientes fue casi tres veces mayor, en comparaci\u00f3n con los a\u00f1os previos a la pandemia.<\/p>\n<p>Los hallazgos se suman a tres estudios m\u00e1s peque\u00f1os de los Estados Unidos y Australia, todos los cuales encontraron un aumento en las hospitalizaciones por trastornos alimentarios durante el pandemia.<\/p>\n<p>Sin embargo, el estudio actual se enfoc\u00f3 solo en ni\u00f1os con un nuevo diagn\u00f3stico de anorexia, dijo la investigadora principal, la Dra. Holly Agostino, quien dirige el programa de trastornos alimentarios en el Hospital Pedi\u00e1trico de Montreal.<\/p>\n<p>Esos j\u00f3venes, dijo, pueden haber estado luchando con la imagen corporal, la ansiedad u otros problemas de salud mental antes de la pandemia y luego alcanzaron su punto de inflexi\u00f3n durante ella.<\/p>\n<p>\u00abCreo que mucho de eso tuvo que ver con el hecho de que eliminamos las rutinas diarias de los ni\u00f1os\u00bb, dijo Agostino.<\/p>\n<p>Con todo interrumpido, incluidas las comidas, el ejercicio, los patrones de sue\u00f1o y las conexiones con amigos, es posible que los ni\u00f1os y adolescentes vulnerables hayan recurrido a la restricci\u00f3n de alimentos. Y dado que la depresi\u00f3n y la ansiedad a menudo se \u00absuperponen\u00bb con los trastornos alimentarios, dijo Agostino, cualquier empeoramiento de esas afecciones de salud mental tambi\u00e9n podr\u00eda haber contribuido a la anorexia en algunos ni\u00f1os.<\/p>\n<p>En un momento dado, alrededor del 0.4 % de los las mujeres j\u00f3venes y el 0,1% de los hombres j\u00f3venes sufren de anorexia, seg\u00fan la Asociaci\u00f3n Nacional de Trastornos de la Alimentaci\u00f3n con sede en la ciudad de Nueva York. El trastorno alimentario se caracteriza por una severa restricci\u00f3n de calor\u00edas y de los alimentos que una persona comer\u00e1, as\u00ed como por un miedo intenso a aumentar de peso.<\/p>\n<p>Los nuevos hallazgos, publicados en l\u00ednea el 7 de diciembre en JAMA Network Open, se basan en datos de seis hospitales pedi\u00e1tricos en cinco provincias canadienses.<\/p>\n<p>El equipo de Agostino analiz\u00f3 nuevos diagn\u00f3sticos de anorexia entre ni\u00f1os de 9 a 18 a\u00f1os entre marzo de 2020 (cuando se impusieron las restricciones pand\u00e9micas) y noviembre de 2020. Compararon esas cifras con a\u00f1os previos a la pandemia, que se remontan a 2015.<\/p>\n<p>Durante la pandemia, los hospitales promediaron alrededor de 41 nuevos casos de anorexia por mes frente a los 25 en tiempos previos a la pandemia, encontr\u00f3 el estudio. Y m\u00e1s ni\u00f1os reci\u00e9n diagnosticados terminaban en el hospital: hubo 20 hospitalizaciones al mes en 2020, frente a unas ocho en a\u00f1os anteriores.<\/p>\n<p>Dra. Natalie Prohaska est\u00e1 en el Programa Integral de Trastornos de la Alimentaci\u00f3n en el Hospital Infantil CS Mott de la Universidad de Michigan Health, en Ann Arbor.<\/p>\n<p>En un estudio a principios de este a\u00f1o, ella y sus colegas informaron que su hospital vio un aumento en la alimentaci\u00f3n hospitalizaciones por trastornos durante los primeros 12 meses de la pandemia. Las admisiones por trastornos alimentarios se duplicaron con creces, en comparaci\u00f3n con 2017 a 2019.<\/p>\n<p>Prohaska dijo que los nuevos hallazgos subrayan el hecho de que, en todos los pa\u00edses, \u00ablos adolescentes est\u00e1n luchando\u00bb con problemas de salud mental.<\/p>\n<p>Ella estuvo de acuerdo en que las principales interrupciones en las rutinas normales de los ni\u00f1os probablemente contribuyeron al aumento de los trastornos alimentarios.<\/p>\n<p>Aquellos que ya estaban lidiando con problemas de imagen corporal de repente quedaron \u00abatrapados en un vac\u00edo\u00bb, dijo Prohaska, y eso puede haber exacerb\u00f3 la situaci\u00f3n.<\/p>\n<p>Adem\u00e1s, se\u00f1al\u00f3, ni\u00f1os y adultos por igual escuchaban mensajes nefastos sobre el aumento de peso por la pandemia.<\/p>\n<p>\u00abIncluso hubo referencias al &#8216;COVID 15&#8242;\u00bb, Prohaska dijo. \u00abLos ni\u00f1os no necesitaban eso adem\u00e1s de todo lo dem\u00e1s\u00bb.<\/p>\n<p>Hasta ahora, los estudios han analizado las tendencias de los trastornos alimentarios en 2020. No est\u00e1 claro c\u00f3mo est\u00e1n las cosas ahora, con los ni\u00f1os de vuelta en la escuela. <\/p>\n<p>Pero tanto Agostino como Prohaska dijeron que sus programas de trastornos alimentarios siguen m\u00e1s ocupados que antes de la pandemia.<\/p>\n<p>\u00abLos tiempos de la lista de espera est\u00e1n por las nubes\u00bb, dijo Agostino.<\/p>\n<p>Los programas est\u00e1n atendiendo a ni\u00f1os que fueron diagnosticados antes en la pandemia, as\u00ed como un flujo continuo de casos nuevos.<\/p>\n<p>\u00abLos trastornos alimentarios tardan en gestarse\u00bb, anot\u00f3 Prohaska. Entonces, hay ni\u00f1os que reci\u00e9n comienzan el tratamiento y dicen que la pandemia fue un \u00abdesencadenante\u00bb para ellos, dijo.<\/p>\n<p>Agostino se\u00f1al\u00f3 lo mismo, diciendo que los trastornos alimentarios \u00abno van de 0 a 100\u00bb.<\/p>\n<p>Eso, dijo, tambi\u00e9n significa que los padres tienen tiempo para notar las primeras se\u00f1ales de advertencia, como que un ni\u00f1o se vuelva \u00abr\u00edgido\u00bb con respecto a las elecciones de alimentos o el ejercicio, o que se preocupe por el peso.<\/p>\n<p>Los padres pueden hable con sus hijos sobre esos problemas, asegur\u00e1ndoles que est\u00e1 bien omitir una rutina de ejercicios, por ejemplo, y comunique cualquier inquietud a su pediatra, seg\u00fan Agostino.<\/p>\n<p>Dijo que los pediatras tambi\u00e9n deber\u00edan tener en cuenta los trastornos alimentarios, y evaluarlos si un ni\u00f1o o adolescente ha perdido peso r\u00e1pidamente. <\/p>\n<p>Explore m\u00e1s<\/p>\n<p> Los s\u00edntomas de los trastornos alimentarios y las autolesiones se relacionan con niveles m\u00e1s altos de depresi\u00f3n y ansiedad durante la pandemia de COVID-19 <strong>M\u00e1s informaci\u00f3n:<\/strong> La Asociaci\u00f3n Nacional de Trastornos de la Alimentaci\u00f3n tiene m\u00e1s informaci\u00f3n sobre la advertencia de los trastornos alimentarios se\u00f1ales. <\/p>\n<p>Holly Agostino et al, Tendencias en la incidencia de la anorexia nerviosa de inicio reciente y la anorexia nerviosa at\u00edpica entre los j\u00f3venes durante la pandemia de COVID-19 en Canad\u00e1, JAMA Network Open (2021). DOI: 10.1001\/jamanetworkopen.2021.37395 <\/p>\n<p>Alana K. Otto et al, Admisiones m\u00e9dicas entre adolescentes con trastornos alimentarios durante la pandemia de COVID-19, Pediatr\u00eda (2021). DOI: 10.1542\/peds.2021-052201 <strong>Informaci\u00f3n de la revista:<\/strong> JAMA Network Open, Pediatr\u00eda <\/p>\n","protected":false},"excerpt":{"rendered":"<p>(HealthDay) Un nuevo estudio confirma otra consecuencia m\u00e1s de la pandemia para ni\u00f1os y adolescentes: los trastornos alimentarios y las hospitalizaciones para ellos aumentaron considerablemente en 2020. Un estudio de seis hospitales de Canad\u00e1 encontr\u00f3 que los nuevos diagn\u00f3sticos de anorexia casi se duplicaron durante la primera ola de la pandemia de COVID-19. Y la &hellip; <a href=\"https:\/\/www.biblia.work\/articulos-salud\/la-pandemia-provoco-un-gran-aumento-en-nuevos-casos-de-anorexia\/\" class=\"more-link\">Continuar leyendo<span class=\"screen-reader-text\"> \u00abLa pandemia provoc\u00f3 un gran aumento en nuevos casos de anorexia\u00bb<\/span><\/a><\/p>\n","protected":false},"author":1,"featured_media":0,"comment_status":"","ping_status":"","sticky":false,"template":"","format":"standard","meta":{"footnotes":""},"categories":[1],"tags":[],"class_list":["post-4705","post","type-post","status-publish","format-standard","hentry","category-general"],"_links":{"self":[{"href":"https:\/\/www.biblia.work\/articulos-salud\/wp-json\/wp\/v2\/posts\/4705","targetHints":{"allow":["GET"]}}],"collection":[{"href":"https:\/\/www.biblia.work\/articulos-salud\/wp-json\/wp\/v2\/posts"}],"about":[{"href":"https:\/\/www.biblia.work\/articulos-salud\/wp-json\/wp\/v2\/types\/post"}],"author":[{"embeddable":true,"href":"https:\/\/www.biblia.work\/articulos-salud\/wp-json\/wp\/v2\/users\/1"}],"replies":[{"embeddable":true,"href":"https:\/\/www.biblia.work\/articulos-salud\/wp-json\/wp\/v2\/comments?post=4705"}],"version-history":[{"count":0,"href":"https:\/\/www.biblia.work\/articulos-salud\/wp-json\/wp\/v2\/posts\/4705\/revisions"}],"wp:attachment":[{"href":"https:\/\/www.biblia.work\/articulos-salud\/wp-json\/wp\/v2\/media?parent=4705"}],"wp:term":[{"taxonomy":"category","embeddable":true,"href":"https:\/\/www.biblia.work\/articulos-salud\/wp-json\/wp\/v2\/categories?post=4705"},{"taxonomy":"post_tag","embeddable":true,"href":"https:\/\/www.biblia.work\/articulos-salud\/wp-json\/wp\/v2\/tags?post=4705"}],"curies":[{"name":"wp","href":"https:\/\/api.w.org\/{rel}","templated":true}]}}