{"id":4711,"date":"2022-08-30T01:01:14","date_gmt":"2022-08-30T06:01:14","guid":{"rendered":"https:\/\/www.biblia.work\/articulos-salud\/tienes-un-fuerte-resfriado-usted-no-esta-solo-esta-es-la-razon-por-la-que-podriamos-estar-viendo-una-peor-temporada-de-resfriados-este-ano\/"},"modified":"2022-08-30T01:01:14","modified_gmt":"2022-08-30T06:01:14","slug":"tienes-un-fuerte-resfriado-usted-no-esta-solo-esta-es-la-razon-por-la-que-podriamos-estar-viendo-una-peor-temporada-de-resfriados-este-ano","status":"publish","type":"post","link":"https:\/\/www.biblia.work\/articulos-salud\/tienes-un-fuerte-resfriado-usted-no-esta-solo-esta-es-la-razon-por-la-que-podriamos-estar-viendo-una-peor-temporada-de-resfriados-este-ano\/","title":{"rendered":"\u00bfTienes un fuerte resfriado? Usted no est\u00e1 solo. Esta es la raz\u00f3n por la que podr\u00edamos estar viendo una peor temporada de resfriados este a\u00f1o"},"content":{"rendered":"<p>Cr\u00e9dito: Unsplash\/CC0 Dominio p\u00fablico <\/p>\n<p>El hijo de dos a\u00f1os de Craig Hoffman, Roky, se resfri\u00f3 una semana antes del D\u00eda de Acci\u00f3n de Gracias despu\u00e9s de regresar de la escuela. Como familia, los Hoffman han sido bastante cuidadosos, pero el resfriado de Roky se extendi\u00f3 r\u00e1pidamente a toda la familia. <\/p>\n<p>\u00abUn ni\u00f1o tiene tos, el siguiente ni\u00f1o tiene tos y luego mam\u00e1 y pap\u00e1 tienen tos\u00bb, dijo Hoffman.<\/p>\n<p>La experiencia de los Hoffman es una de muchas en esta temporada de fr\u00edo. El Dr. David Winter de Baylor Scott and White en Dallas dijo que ha visto un aumento en los casos de resfriado com\u00fan este a\u00f1o.<\/p>\n<p>\u00abEsper\u00e1bamos tener una temporada de resfriados terrible porque el a\u00f1o pasado fue m\u00ednimo\u00bb. dijo el invierno. \u00abPorque el a\u00f1o pasado todos se enmascararon, se distanciaron y se quedaron en casa. As\u00ed que desarrollamos poca inmunidad natural\u00bb.<\/p>\n<p>Winter dijo que la inmunidad natural ocurre cuando est\u00e1s expuesto a un virus, a diferencia de la inmunidad que ocurre a trav\u00e9s de vacunas.<\/p>\n<p>Dijo que ha visto un aumento en el resfriado com\u00fan en su cl\u00ednica.<\/p>\n<p>\u00abEstamos viendo varios al d\u00eda\u00bb, dijo Winter. \u00abHemos visto un aumento en las \u00faltimas semanas\u00bb.<\/p>\n<p>Seg\u00fan la experiencia de Hoffman, \u00e9l y su familia ten\u00edan tos, secreci\u00f3n nasal, dolor de garganta y picaz\u00f3n en los ojos. Dijo que aunque su familia no se enfermaba muy a menudo, este resfriado se sent\u00eda un poco diferente.<\/p>\n<p>\u00abNo fue peor que otros resfriados. No me derrib\u00f3\u00bb, Craig dijo. \u00abPero, quiero decir, definitivamente fue un poco agotador. Es como &#8216;Est\u00e1 bien, ya deber\u00eda estar mejor'\u00bb.<\/p>\n<p>Winter dijo que las personas que muestran s\u00edntomas de resfriado pueden tener algo m\u00e1s que el virus del resfriado. . Dijo que las personas que solo tienen un resfriado tienen m\u00e1s probabilidades de tener estornudos y congesti\u00f3n. Sin embargo, las personas con gripe son m\u00e1s propensas a tener fiebre, dolores musculares, dolores corporales, escalofr\u00edos y sudores. Los casos leves de COVID-19 tambi\u00e9n pueden presentarse como s\u00edntomas de resfriado.<\/p>\n<p>\u00abSi ha sido vacunado contra el COVID y lo contrae, es una enfermedad leve en su mayor parte y se parece al resfriado\u00bb. dijo el invierno. \u00abHe visto a varias personas que pens\u00e9 que probablemente ten\u00edan un virus del resfriado, pero les hicimos la prueba y ten\u00edan COVID-19. Entonces, si tiene s\u00edntomas, le sugiero que se quede en casa\u00bb.<\/p>\n<p>Seg\u00fan a un comunicado de Parkland Health and Hospital System, los s\u00edntomas de COVID-19 tardan m\u00e1s en presentarse que los s\u00edntomas de la gripe o el resfriado com\u00fan. Adem\u00e1s, aquellos con COVID-19 ser\u00e1n contagiosos por m\u00e1s tiempo, mientras que el per\u00edodo de recuperaci\u00f3n de la gripe y el resfriado com\u00fan suele ser de siete a diez d\u00edas.<\/p>\n<p>\u00abContraer la gripe y el COVID-19 al mismo tiempo es muy posible y eso es algo que nadie querr\u00eda experimentar\u00bb, dijo la Dra. Manisha Raja de Community Medicine en Parkland en el comunicado. \u00abAfortunadamente, las vacunas contra la gripe y el COVID-19 est\u00e1n f\u00e1cilmente disponibles, son seguras y efectivas. Los CDC tambi\u00e9n dicen que es seguro recibir ambas vacunas al mismo tiempo\u00bb.<\/p>\n<p>Con las reuniones familiares pr\u00f3ximas, muchos m\u00e9dicos recomiendan tomar precauciones para no enfermarnos.<\/p>\n<p>\u00abAdem\u00e1s de vacunarnos contra la gripe y el COVID, podemos reducir el riesgo de enfermarnos este invierno si nos lavamos las manos con frecuencia, evitamos el contacto cercano con personas enfermas y no nos tocamos los cara con las manos sucias\u00bb, dijo Raja. \u00abLo m\u00e1s importante, si est\u00e1s enfermo, qu\u00e9date en casa\u00bb. <\/p>\n<p>Explore m\u00e1s<\/p>\n<p> \u00bfTiene gripe o COVID-19? C\u00f3mo detectar las diferencias entre los s\u00edntomas <\/p>\n<p> 2021 The Dallas Morning News. <br \/>Distribuido por Tribune Content Agency, LLC. <\/p>\n<p> <strong>Cita<\/strong>: \u00bfTienes un fuerte resfriado? Usted no est\u00e1 solo. He aqu\u00ed por qu\u00e9 podr\u00edamos estar viendo una peor temporada de fr\u00edo este a\u00f1o (2021, 13 de diciembre) consultado el 29 de agosto de 2022 de https:\/\/medicalxpress.com\/news\/2021-12-bad-cold-worse-season-year.html Este documento est\u00e1 sujeto a derechos de autor. Aparte de cualquier trato justo con fines de estudio o investigaci\u00f3n privados, ninguna parte puede reproducirse sin el permiso por escrito. El contenido se proporciona \u00fanicamente con fines informativos.<\/p>\n","protected":false},"excerpt":{"rendered":"<p>Cr\u00e9dito: Unsplash\/CC0 Dominio p\u00fablico El hijo de dos a\u00f1os de Craig Hoffman, Roky, se resfri\u00f3 una semana antes del D\u00eda de Acci\u00f3n de Gracias despu\u00e9s de regresar de la escuela. Como familia, los Hoffman han sido bastante cuidadosos, pero el resfriado de Roky se extendi\u00f3 r\u00e1pidamente a toda la familia. \u00abUn ni\u00f1o tiene tos, el &hellip; <a href=\"https:\/\/www.biblia.work\/articulos-salud\/tienes-un-fuerte-resfriado-usted-no-esta-solo-esta-es-la-razon-por-la-que-podriamos-estar-viendo-una-peor-temporada-de-resfriados-este-ano\/\" class=\"more-link\">Continuar leyendo<span class=\"screen-reader-text\"> \u00ab\u00bfTienes un fuerte resfriado? Usted no est\u00e1 solo. Esta es la raz\u00f3n por la que podr\u00edamos estar viendo una peor temporada de resfriados este a\u00f1o\u00bb<\/span><\/a><\/p>\n","protected":false},"author":1,"featured_media":0,"comment_status":"","ping_status":"","sticky":false,"template":"","format":"standard","meta":{"footnotes":""},"categories":[1],"tags":[],"class_list":["post-4711","post","type-post","status-publish","format-standard","hentry","category-general"],"_links":{"self":[{"href":"https:\/\/www.biblia.work\/articulos-salud\/wp-json\/wp\/v2\/posts\/4711","targetHints":{"allow":["GET"]}}],"collection":[{"href":"https:\/\/www.biblia.work\/articulos-salud\/wp-json\/wp\/v2\/posts"}],"about":[{"href":"https:\/\/www.biblia.work\/articulos-salud\/wp-json\/wp\/v2\/types\/post"}],"author":[{"embeddable":true,"href":"https:\/\/www.biblia.work\/articulos-salud\/wp-json\/wp\/v2\/users\/1"}],"replies":[{"embeddable":true,"href":"https:\/\/www.biblia.work\/articulos-salud\/wp-json\/wp\/v2\/comments?post=4711"}],"version-history":[{"count":0,"href":"https:\/\/www.biblia.work\/articulos-salud\/wp-json\/wp\/v2\/posts\/4711\/revisions"}],"wp:attachment":[{"href":"https:\/\/www.biblia.work\/articulos-salud\/wp-json\/wp\/v2\/media?parent=4711"}],"wp:term":[{"taxonomy":"category","embeddable":true,"href":"https:\/\/www.biblia.work\/articulos-salud\/wp-json\/wp\/v2\/categories?post=4711"},{"taxonomy":"post_tag","embeddable":true,"href":"https:\/\/www.biblia.work\/articulos-salud\/wp-json\/wp\/v2\/tags?post=4711"}],"curies":[{"name":"wp","href":"https:\/\/api.w.org\/{rel}","templated":true}]}}