{"id":4714,"date":"2022-08-30T01:01:19","date_gmt":"2022-08-30T06:01:19","guid":{"rendered":"https:\/\/www.biblia.work\/articulos-salud\/la-demencia-es-mas-comun-en-adultos-con-vih\/"},"modified":"2022-08-30T01:01:19","modified_gmt":"2022-08-30T06:01:19","slug":"la-demencia-es-mas-comun-en-adultos-con-vih","status":"publish","type":"post","link":"https:\/\/www.biblia.work\/articulos-salud\/la-demencia-es-mas-comun-en-adultos-con-vih\/","title":{"rendered":"La demencia es m\u00e1s com\u00fan en adultos con VIH"},"content":{"rendered":"<p>(HealthDay)Las personas mayores de 50 a\u00f1os con VIH tienen m\u00e1s probabilidades de tener demencia que las personas sin VIH, seg\u00fan un estudio publicado en l\u00ednea el 24 de noviembre en AIDS. <\/p>\n<p>Jennifer O. Lam, de Kaiser Permanente Northern California en Oakland, y sus colegas compararon la incidencia y la prevalencia de la demencia despu\u00e9s de los 50 a\u00f1os seg\u00fan el estado del VIH. El an\u00e1lisis incluy\u00f3 a 13\u00a0296 personas con VIH y 155\u00a0354 sin VIH identificadas a partir de los registros m\u00e9dicos electr\u00f3nicos de Kaiser Permanente (2000 a 2016).<\/p>\n<p>Los investigadores encontraron que durante el per\u00edodo de estudio, la incidencia general de demencia fue mayor entre las personas con VIH (raz\u00f3n de tasa de incidencia ajustada, 1,80). Para el per\u00edodo de tiempo m\u00e1s reciente (2015 a 2016), la incidencia de demencia disminuy\u00f3 entre las personas con y sin VIH (8,0 y 3,1 por ciento, respectivamente), pero se mantuvo m\u00e1s alta entre las personas con VIH (tasa de tasa de incidencia ajustada, 1,58). Durante todo el per\u00edodo de estudio, la prevalencia general de demencia fue mayor entre las personas con VIH (\u00edndice de prevalencia ajustado, 1,86), con hallazgos de prevalencia similares observados para las personas con VIH en el per\u00edodo m\u00e1s reciente (2015 a 2016; \u00edndice de prevalencia ajustado, 1,75) .<\/p>\n<p>\u00abLas reducciones en la incidencia de la demencia son alentadoras y pueden reflejar la mejora de la terapia antirretroviral, pero las personas con VIH a\u00fan tienen m\u00e1s probabilidades de tener demencia que las personas sin VIH\u00bb, escriben los autores. \u00abEl seguimiento de la carga de la demencia entre las personas con VIH es importante a medida que esta poblaci\u00f3n envejece\u00bb. <\/p>\n<p>Explore m\u00e1s<\/p>\n<p> Riesgo de diagn\u00f3stico de demencia para personas mayores con esquizofrenia <strong>M\u00e1s informaci\u00f3n:<\/strong> Resumen\/Texto completo (es posible que se requiera suscripci\u00f3n o pago) <strong>Informaci\u00f3n de la revista:<\/strong> SIDA <\/p>\n<p> Derechos de autor 2021 HealthDay. Reservados todos los derechos. <\/p>\n<p> <strong>Cita<\/strong>: La demencia es m\u00e1s com\u00fan en adultos con VIH (13 de diciembre de 2021) recuperado el 29 de agosto de 2022 de https:\/\/medicalxpress.com\/news\/2021-12-dementia-common-adults -hiv.html Este documento est\u00e1 sujeto a derechos de autor. Aparte de cualquier trato justo con fines de estudio o investigaci\u00f3n privados, ninguna parte puede reproducirse sin el permiso por escrito. El contenido se proporciona \u00fanicamente con fines informativos.<\/p>\n","protected":false},"excerpt":{"rendered":"<p>(HealthDay)Las personas mayores de 50 a\u00f1os con VIH tienen m\u00e1s probabilidades de tener demencia que las personas sin VIH, seg\u00fan un estudio publicado en l\u00ednea el 24 de noviembre en AIDS. Jennifer O. Lam, de Kaiser Permanente Northern California en Oakland, y sus colegas compararon la incidencia y la prevalencia de la demencia despu\u00e9s de &hellip; <a href=\"https:\/\/www.biblia.work\/articulos-salud\/la-demencia-es-mas-comun-en-adultos-con-vih\/\" class=\"more-link\">Continuar leyendo<span class=\"screen-reader-text\"> \u00abLa demencia es m\u00e1s com\u00fan en adultos con VIH\u00bb<\/span><\/a><\/p>\n","protected":false},"author":1,"featured_media":0,"comment_status":"","ping_status":"","sticky":false,"template":"","format":"standard","meta":{"footnotes":""},"categories":[1],"tags":[],"class_list":["post-4714","post","type-post","status-publish","format-standard","hentry","category-general"],"_links":{"self":[{"href":"https:\/\/www.biblia.work\/articulos-salud\/wp-json\/wp\/v2\/posts\/4714","targetHints":{"allow":["GET"]}}],"collection":[{"href":"https:\/\/www.biblia.work\/articulos-salud\/wp-json\/wp\/v2\/posts"}],"about":[{"href":"https:\/\/www.biblia.work\/articulos-salud\/wp-json\/wp\/v2\/types\/post"}],"author":[{"embeddable":true,"href":"https:\/\/www.biblia.work\/articulos-salud\/wp-json\/wp\/v2\/users\/1"}],"replies":[{"embeddable":true,"href":"https:\/\/www.biblia.work\/articulos-salud\/wp-json\/wp\/v2\/comments?post=4714"}],"version-history":[{"count":0,"href":"https:\/\/www.biblia.work\/articulos-salud\/wp-json\/wp\/v2\/posts\/4714\/revisions"}],"wp:attachment":[{"href":"https:\/\/www.biblia.work\/articulos-salud\/wp-json\/wp\/v2\/media?parent=4714"}],"wp:term":[{"taxonomy":"category","embeddable":true,"href":"https:\/\/www.biblia.work\/articulos-salud\/wp-json\/wp\/v2\/categories?post=4714"},{"taxonomy":"post_tag","embeddable":true,"href":"https:\/\/www.biblia.work\/articulos-salud\/wp-json\/wp\/v2\/tags?post=4714"}],"curies":[{"name":"wp","href":"https:\/\/api.w.org\/{rel}","templated":true}]}}