{"id":4715,"date":"2022-08-30T01:01:21","date_gmt":"2022-08-30T06:01:21","guid":{"rendered":"https:\/\/www.biblia.work\/articulos-salud\/el-analisis-de-conglomerados-puede-identificar-el-traumatismo-craneoencefalico-por-maltrato-en-ninos\/"},"modified":"2022-08-30T01:01:21","modified_gmt":"2022-08-30T06:01:21","slug":"el-analisis-de-conglomerados-puede-identificar-el-traumatismo-craneoencefalico-por-maltrato-en-ninos","status":"publish","type":"post","link":"https:\/\/www.biblia.work\/articulos-salud\/el-analisis-de-conglomerados-puede-identificar-el-traumatismo-craneoencefalico-por-maltrato-en-ninos\/","title":{"rendered":"El an\u00e1lisis de conglomerados puede identificar el traumatismo craneoencef\u00e1lico por maltrato en ni\u00f1os"},"content":{"rendered":"<p>(HealthDay)El an\u00e1lisis de conglomerados aplicado a los datos de ni\u00f1os hospitalizados con lesi\u00f3n neurol\u00f3gica aguda respalda el paradigma actual que los m\u00e9dicos utilizan para diagnosticar el traumatismo craneoencef\u00e1lico por maltrato, seg\u00fan un estudio publicado en l\u00ednea en diciembre 13 en Pediatr\u00eda. <\/p>\n<p>Stephen C. Boos, MD, de la Facultad de Medicina Chan de la Universidad de Massachusetts en Springfield, y sus colegas realizaron un an\u00e1lisis de conglomerados no supervisado de un conjunto de datos existente de 500 pacientes j\u00f3venes con traumatismo craneoencef\u00e1lico agudo hospitalizados en cuidados intensivos. Los pacientes se dividieron en subpoblaciones usando tres algoritmos de grupos basados en 32 variables cl\u00ednicas y radiol\u00f3gicas.<\/p>\n<p>Los investigadores encontraron que la cohorte completa se dividi\u00f3 en dos grupos. Indicaciones de imagen de hipoxemia, isquemia y\/o hinchaz\u00f3n cerebral; encefalopat\u00eda aguda, particularmente cuando dura m\u00e1s de 24 horas; compromiso respiratorio; hemorragia subdural o acumulaci\u00f3n de l\u00edquido; y la retinosquisis confirmada por un oftalm\u00f3logo fueron variables que fueron sustancialmente m\u00e1s frecuentes en el grupo 1. La fractura parietal lineal del cr\u00e1neo y el hematoma epidural fueron sustancialmente m\u00e1s frecuentes en el grupo 2. El grupo 1 tuvo una alta prevalencia de abuso diagnosticado por un m\u00e9dico en un an\u00e1lisis posterior a la partici\u00f3n.<\/p>\n<p>\u00abLos resultados de este an\u00e1lisis de conglomerados \u00fanico, que demuestra la asociaci\u00f3n de hallazgos cl\u00ednicos de disfunci\u00f3n cerebral significativa con traumatismo craneoencef\u00e1lico por abuso, ayudar\u00e1 a los proveedores m\u00e9dicos en el entorno hospitalario a resaltar la importancia de una evaluaci\u00f3n m\u00e9dica integral en ni\u00f1os peque\u00f1os con traumatismo craneoencef\u00e1lico lesi\u00f3n\u00bb, escriben los autores de un editorial adjunto. <\/p>\n<p>Explore m\u00e1s<\/p>\n<p> El examen de la vista puede ayudar a detectar el abuso en los ni\u00f1os <strong>M\u00e1s informaci\u00f3n:<\/strong> Resumen\/Texto completo<\/p>\n<p>Editorial <strong>Informaci\u00f3n de la revista:<\/strong> Pediatrics <\/p>\n","protected":false},"excerpt":{"rendered":"<p>(HealthDay)El an\u00e1lisis de conglomerados aplicado a los datos de ni\u00f1os hospitalizados con lesi\u00f3n neurol\u00f3gica aguda respalda el paradigma actual que los m\u00e9dicos utilizan para diagnosticar el traumatismo craneoencef\u00e1lico por maltrato, seg\u00fan un estudio publicado en l\u00ednea en diciembre 13 en Pediatr\u00eda. Stephen C. Boos, MD, de la Facultad de Medicina Chan de la Universidad de &hellip; <a href=\"https:\/\/www.biblia.work\/articulos-salud\/el-analisis-de-conglomerados-puede-identificar-el-traumatismo-craneoencefalico-por-maltrato-en-ninos\/\" class=\"more-link\">Continuar leyendo<span class=\"screen-reader-text\"> \u00abEl an\u00e1lisis de conglomerados puede identificar el traumatismo craneoencef\u00e1lico por maltrato en ni\u00f1os\u00bb<\/span><\/a><\/p>\n","protected":false},"author":1,"featured_media":0,"comment_status":"","ping_status":"","sticky":false,"template":"","format":"standard","meta":{"footnotes":""},"categories":[1],"tags":[],"class_list":["post-4715","post","type-post","status-publish","format-standard","hentry","category-general"],"_links":{"self":[{"href":"https:\/\/www.biblia.work\/articulos-salud\/wp-json\/wp\/v2\/posts\/4715","targetHints":{"allow":["GET"]}}],"collection":[{"href":"https:\/\/www.biblia.work\/articulos-salud\/wp-json\/wp\/v2\/posts"}],"about":[{"href":"https:\/\/www.biblia.work\/articulos-salud\/wp-json\/wp\/v2\/types\/post"}],"author":[{"embeddable":true,"href":"https:\/\/www.biblia.work\/articulos-salud\/wp-json\/wp\/v2\/users\/1"}],"replies":[{"embeddable":true,"href":"https:\/\/www.biblia.work\/articulos-salud\/wp-json\/wp\/v2\/comments?post=4715"}],"version-history":[{"count":0,"href":"https:\/\/www.biblia.work\/articulos-salud\/wp-json\/wp\/v2\/posts\/4715\/revisions"}],"wp:attachment":[{"href":"https:\/\/www.biblia.work\/articulos-salud\/wp-json\/wp\/v2\/media?parent=4715"}],"wp:term":[{"taxonomy":"category","embeddable":true,"href":"https:\/\/www.biblia.work\/articulos-salud\/wp-json\/wp\/v2\/categories?post=4715"},{"taxonomy":"post_tag","embeddable":true,"href":"https:\/\/www.biblia.work\/articulos-salud\/wp-json\/wp\/v2\/tags?post=4715"}],"curies":[{"name":"wp","href":"https:\/\/api.w.org\/{rel}","templated":true}]}}