{"id":4756,"date":"2022-08-30T01:02:30","date_gmt":"2022-08-30T06:02:30","guid":{"rendered":"https:\/\/www.biblia.work\/articulos-salud\/brasil-pone-en-cuarentena-a-los-visitantes-de-aerolineas-no-vacunados\/"},"modified":"2022-08-30T01:02:30","modified_gmt":"2022-08-30T06:02:30","slug":"brasil-pone-en-cuarentena-a-los-visitantes-de-aerolineas-no-vacunados","status":"publish","type":"post","link":"https:\/\/www.biblia.work\/articulos-salud\/brasil-pone-en-cuarentena-a-los-visitantes-de-aerolineas-no-vacunados\/","title":{"rendered":"Brasil pone en cuarentena a los visitantes de aerol\u00edneas no vacunados"},"content":{"rendered":"<p>Los viajeros usan mascarillas protectoras mientras caminan por una estaci\u00f3n de metro, en Sao Paulo, Brasil, el mi\u00e9rcoles 1 de diciembre de 2021, en medio de la pandemia de COVID-19. Brasil se uni\u00f3 al c\u00edrculo cada vez m\u00e1s amplio de pa\u00edses para informar casos de la variante omicron. Cr\u00e9dito: AP Photo\/Andre Penner <\/p>\n<p>Brasil exigir\u00e1 a los viajeros internacionales que no est\u00e9n vacunados contra el coronavirus que se pongan en cuarentena durante cinco d\u00edas en su ciudad de destino despu\u00e9s de llegar en avi\u00f3n. <\/p>\n<p>La decisi\u00f3n emitida por los ministerios de salud, justicia, infraestructura y el jefe de gabinete del gobierno fue publicada en el diario oficial de la naci\u00f3n el jueves.<\/p>\n<p>La administraci\u00f3n del presidente Jair Bolsonaro, quien no est\u00e1 vacunado, comenzar\u00e1 a hacer cumplir la medida el s\u00e1bado. No est\u00e1 claro qu\u00e9 tan efectivamente Brasil puede rastrear o rastrear\u00e1 a los que deben permanecer en cuarentena.<\/p>\n<p>El jefe del regulador de salud del pa\u00eds, Antonio Barra Torres, dijo a The Associated Press que la pol\u00edtica \u00absignificar\u00e1 el desaliento del turismo antivacunas\u00bb. a Brasil\u00bb.<\/p>\n<p>El requisito de cuarentena \u00abes una medida disuasoria y educativa\u00bb, dijo Torres por tel\u00e9fono.<\/p>\n<p>Los viajeros que vienen a Brasil a\u00fan deben presentar un resultado negativo de la prueba PCR antes de abordar en su pa\u00eds de origen y presentar una declaraci\u00f3n al regulador de salud del pa\u00eds.<\/p>\n<p>Los viajeros no vacunados deber\u00e1n realizar una nueva prueba de virus despu\u00e9s del per\u00edodo de cuarentena de cinco d\u00edas y deber\u00e1n registrarse en un centro de la agencia de salud que tienen sus direcciones.<\/p>\n<p>El gobierno de Brasil anunci\u00f3 el requisito de cuarentena a medida que crece la preocupaci\u00f3n mundial por el omicron, una variante nueva y de r\u00e1pida propagaci\u00f3n del coronavirus, aunque a\u00fan no est\u00e1 claro si es m\u00e1s peligrosa que otras variantes.<\/p>\n<p>M\u00e1s de 616.000 personas han muerto de COVID-19 en Brasil, el pa\u00eds con la segunda mayor cantidad de muertes por la enfermedad. La pandemia ha disminuido en los \u00faltimos meses y el promedio nacional de siete d\u00edas se acerca a las 200 muertes por d\u00eda.<\/p>\n<p>Muchas de las principales ciudades de Brasil, incluida R\u00edo de Janeiro, han cancelado o reducido sus festividades de Nochevieja. debido a los temores de una nueva propagaci\u00f3n del virus.<\/p>\n<p>El espect\u00e1culo de fuegos artificiales de R\u00edo en la playa de Copacabana es un gran atractivo tur\u00edstico, y el alcalde Eduardo Paes dijo el jueves que se llevar\u00e1 a cabo como se esperaba. Los fuegos artificiales se colocar\u00e1n en 10 botes para una exhibici\u00f3n de 16 minutos.<\/p>\n<p>\u00abPor supuesto que habr\u00e1 una reuni\u00f3n (para los fuegos artificiales)\u00bb, dijo Paes en una conferencia de prensa. \u00abLas reuniones no est\u00e1n prohibidas en R\u00edo de Janeiro\u00bb. <\/p>\n<p>Explore m\u00e1s<\/p>\n<p> Brasil confirma tercer caso de omicron, considera nuevas medidas <\/p>\n<p> 2021 The Associated Press. Reservados todos los derechos. Este material no puede ser publicado, transmitido, reescrito o redistribuido sin permiso. <\/p>\n<p> <strong>Cita<\/strong>: Brasil pondr\u00e1 en cuarentena a los visitantes de aerol\u00edneas no vacunados (10 de diciembre de 2021) recuperado el 29 de agosto de 2022 de https:\/\/medicalxpress.com\/news\/2021-12-brazil-quarantine-unvaccinated- airline-visitors.html Este documento est\u00e1 sujeto a derechos de autor. Aparte de cualquier trato justo con fines de estudio o investigaci\u00f3n privados, ninguna parte puede reproducirse sin el permiso por escrito. El contenido se proporciona \u00fanicamente con fines informativos.<\/p>\n","protected":false},"excerpt":{"rendered":"<p>Los viajeros usan mascarillas protectoras mientras caminan por una estaci\u00f3n de metro, en Sao Paulo, Brasil, el mi\u00e9rcoles 1 de diciembre de 2021, en medio de la pandemia de COVID-19. Brasil se uni\u00f3 al c\u00edrculo cada vez m\u00e1s amplio de pa\u00edses para informar casos de la variante omicron. Cr\u00e9dito: AP Photo\/Andre Penner Brasil exigir\u00e1 a &hellip; <a href=\"https:\/\/www.biblia.work\/articulos-salud\/brasil-pone-en-cuarentena-a-los-visitantes-de-aerolineas-no-vacunados\/\" class=\"more-link\">Continuar leyendo<span class=\"screen-reader-text\"> \u00abBrasil pone en cuarentena a los visitantes de aerol\u00edneas no vacunados\u00bb<\/span><\/a><\/p>\n","protected":false},"author":1,"featured_media":0,"comment_status":"","ping_status":"","sticky":false,"template":"","format":"standard","meta":{"footnotes":""},"categories":[1],"tags":[],"class_list":["post-4756","post","type-post","status-publish","format-standard","hentry","category-general"],"_links":{"self":[{"href":"https:\/\/www.biblia.work\/articulos-salud\/wp-json\/wp\/v2\/posts\/4756","targetHints":{"allow":["GET"]}}],"collection":[{"href":"https:\/\/www.biblia.work\/articulos-salud\/wp-json\/wp\/v2\/posts"}],"about":[{"href":"https:\/\/www.biblia.work\/articulos-salud\/wp-json\/wp\/v2\/types\/post"}],"author":[{"embeddable":true,"href":"https:\/\/www.biblia.work\/articulos-salud\/wp-json\/wp\/v2\/users\/1"}],"replies":[{"embeddable":true,"href":"https:\/\/www.biblia.work\/articulos-salud\/wp-json\/wp\/v2\/comments?post=4756"}],"version-history":[{"count":0,"href":"https:\/\/www.biblia.work\/articulos-salud\/wp-json\/wp\/v2\/posts\/4756\/revisions"}],"wp:attachment":[{"href":"https:\/\/www.biblia.work\/articulos-salud\/wp-json\/wp\/v2\/media?parent=4756"}],"wp:term":[{"taxonomy":"category","embeddable":true,"href":"https:\/\/www.biblia.work\/articulos-salud\/wp-json\/wp\/v2\/categories?post=4756"},{"taxonomy":"post_tag","embeddable":true,"href":"https:\/\/www.biblia.work\/articulos-salud\/wp-json\/wp\/v2\/tags?post=4756"}],"curies":[{"name":"wp","href":"https:\/\/api.w.org\/{rel}","templated":true}]}}