{"id":4759,"date":"2022-08-30T01:02:36","date_gmt":"2022-08-30T06:02:36","guid":{"rendered":"https:\/\/www.biblia.work\/articulos-salud\/la-melatonina-exacerba-el-asma\/"},"modified":"2022-08-30T01:02:36","modified_gmt":"2022-08-30T06:02:36","slug":"la-melatonina-exacerba-el-asma","status":"publish","type":"post","link":"https:\/\/www.biblia.work\/articulos-salud\/la-melatonina-exacerba-el-asma\/","title":{"rendered":"La melatonina exacerba el asma"},"content":{"rendered":"<p>La concentraci\u00f3n s\u00e9rica de melatonina alcanza su m\u00e1ximo por la noche. La melatonina mejora la contracci\u00f3n del m\u00fasculo liso de las v\u00edas respiratorias, lo que podr\u00eda empeorar los s\u00edntomas del asma. Cr\u00e9dito: Kentaro Mizuta et al. <\/p>\n<p>Las personas que sufren de asma generalmente encuentran que su condici\u00f3n empeora por la noche. Ahora, un grupo de investigaci\u00f3n puede entender por qu\u00e9. La melatonina, una hormona del sue\u00f1o que a veces se prescribe para tratar el insomnio, exaspera la constricci\u00f3n de los bronquios, la v\u00eda que mueve el aire hacia y desde los pulmones. <\/p>\n<p>Los pacientes con asma a menudo experimentan un empeoramiento de los s\u00edntomas asm\u00e1ticos por la noche en el llamado \u00abasma nocturno\u00bb. Seg\u00fan los informes, m\u00e1s del 50 por ciento de las muertes por asma ocurren durante la noche, lo que expone un v\u00ednculo entre los s\u00edntomas nocturnos del asma y las muertes por asma. Aunque algunos han propuesto varios desencadenantes que explican la patogenia del asma nocturna, los mecanismos precisos que regulan este fenotipo de asma siguen siendo oscuros.<\/p>\n<p>Ahora, un grupo de investigaci\u00f3n dirigido por Kentaro Mizuta de la Facultad de Odontolog\u00eda de la Universidad de Tohoku ha descubierto que la melatonina, una hormona del sue\u00f1o, empeora el asma.<\/p>\n<p>Los pacientes de asma sufren de broncoconstricci\u00f3n, donde los m\u00fasculos lisos de los bronquios, la v\u00eda que mueve el aire hacia y desde los pulmones, se contraen. Para aliviar esto, muchos toman un broncodilatador, un medicamento que ensancha los bronquios.<\/p>\n<p>Sin embargo, la melatonina, que a menudo se prescribe para el insomnio, favorece un estado de broncoconstricci\u00f3n y debilita el efecto relajante de un broncodilatador al activar del receptor de melatonina MT2.<\/p>\n<p>Para dilucidar esto, el grupo de investigaci\u00f3n identific\u00f3 la expresi\u00f3n del receptor de melatonina MT2 en el m\u00fasculo liso de las v\u00edas respiratorias humanas. Observaron que la activaci\u00f3n del receptor MT2 de melatonina con dosis m\u00e1s altas de melatonina o el agonista del receptor de melatonina ramelteon potenciaba mucho la broncoconstricci\u00f3n. Adem\u00e1s, la melatonina atenu\u00f3 los efectos relajantes del agonista de los receptores adren\u00e9rgicos, un broncodilatador ampliamente utilizado.<\/p>\n<p>\u00abAunque la concentraci\u00f3n s\u00e9rica de melatonina no indujo significativamente la constricci\u00f3n de las v\u00edas respiratorias, dosis mayores de melatonina, que se usa cl\u00ednicamente para tratar el insomnio, el desfase horario, o c\u00e1ncer, empeor\u00f3 los s\u00edntomas del asma y perjudic\u00f3 el efecto terap\u00e9utico de los broncodilatadores\u00bb, dijo Mizuta.<\/p>\n<p>El primer autor del art\u00edculo, Haruka Sasaki, agrega: \u00abLa terapia farmacol\u00f3gica que bloquea el receptor MT2 de melatonina podr\u00eda inhibir el efectos perjudiciales de la melatonina en las v\u00edas respiratorias\u00bb.<\/p>\n<p>El art\u00edculo de investigaci\u00f3n se public\u00f3 en el American Journal of Physiology-Lung Cellular and Molecular Physiology el 16 de noviembre de 2021. <\/p>\n<p>Explore m\u00e1s<\/p>\n<p> Los gusanos revelan por qu\u00e9 la melatonina promueve el sue\u00f1o <strong>M\u00e1s informaci\u00f3n:<\/strong> Haruka Sasaki et al, El receptor de melatonina MT2 se expresa y potencia la contracci\u00f3n en el m\u00fasculo liso de las v\u00edas respiratorias humanas, American Journal of Physiology-Lung Cellular and Molecula r Fisiolog\u00eda (2021). DOI: 10.1152\/ajplung.00273.2021 Proporcionado por ResearchSEA <strong>Cita<\/strong>: La melatonina exacerba el asma (10 de diciembre de 2021) recuperado el 29 de agosto de 2022 de https:\/\/medicalxpress.com\/news\/2021-12-melatonin-exacerbates -asthma.html Este documento est\u00e1 sujeto a derechos de autor. Aparte de cualquier trato justo con fines de estudio o investigaci\u00f3n privados, ninguna parte puede reproducirse sin el permiso por escrito. El contenido se proporciona \u00fanicamente con fines informativos.<\/p>\n","protected":false},"excerpt":{"rendered":"<p>La concentraci\u00f3n s\u00e9rica de melatonina alcanza su m\u00e1ximo por la noche. La melatonina mejora la contracci\u00f3n del m\u00fasculo liso de las v\u00edas respiratorias, lo que podr\u00eda empeorar los s\u00edntomas del asma. Cr\u00e9dito: Kentaro Mizuta et al. Las personas que sufren de asma generalmente encuentran que su condici\u00f3n empeora por la noche. Ahora, un grupo de &hellip; <a href=\"https:\/\/www.biblia.work\/articulos-salud\/la-melatonina-exacerba-el-asma\/\" class=\"more-link\">Continuar leyendo<span class=\"screen-reader-text\"> \u00abLa melatonina exacerba el asma\u00bb<\/span><\/a><\/p>\n","protected":false},"author":1,"featured_media":0,"comment_status":"","ping_status":"","sticky":false,"template":"","format":"standard","meta":{"footnotes":""},"categories":[1],"tags":[],"class_list":["post-4759","post","type-post","status-publish","format-standard","hentry","category-general"],"_links":{"self":[{"href":"https:\/\/www.biblia.work\/articulos-salud\/wp-json\/wp\/v2\/posts\/4759","targetHints":{"allow":["GET"]}}],"collection":[{"href":"https:\/\/www.biblia.work\/articulos-salud\/wp-json\/wp\/v2\/posts"}],"about":[{"href":"https:\/\/www.biblia.work\/articulos-salud\/wp-json\/wp\/v2\/types\/post"}],"author":[{"embeddable":true,"href":"https:\/\/www.biblia.work\/articulos-salud\/wp-json\/wp\/v2\/users\/1"}],"replies":[{"embeddable":true,"href":"https:\/\/www.biblia.work\/articulos-salud\/wp-json\/wp\/v2\/comments?post=4759"}],"version-history":[{"count":0,"href":"https:\/\/www.biblia.work\/articulos-salud\/wp-json\/wp\/v2\/posts\/4759\/revisions"}],"wp:attachment":[{"href":"https:\/\/www.biblia.work\/articulos-salud\/wp-json\/wp\/v2\/media?parent=4759"}],"wp:term":[{"taxonomy":"category","embeddable":true,"href":"https:\/\/www.biblia.work\/articulos-salud\/wp-json\/wp\/v2\/categories?post=4759"},{"taxonomy":"post_tag","embeddable":true,"href":"https:\/\/www.biblia.work\/articulos-salud\/wp-json\/wp\/v2\/tags?post=4759"}],"curies":[{"name":"wp","href":"https:\/\/api.w.org\/{rel}","templated":true}]}}