{"id":478,"date":"2022-08-29T22:34:40","date_gmt":"2022-08-30T03:34:40","guid":{"rendered":"https:\/\/www.biblia.work\/articulos-salud\/en-tu-cara-las-expresiones-de-los-ninos-cuentan-la-historia-de-la-falta-de-sueno\/"},"modified":"2022-08-29T22:34:40","modified_gmt":"2022-08-30T03:34:40","slug":"en-tu-cara-las-expresiones-de-los-ninos-cuentan-la-historia-de-la-falta-de-sueno","status":"publish","type":"post","link":"https:\/\/www.biblia.work\/articulos-salud\/en-tu-cara-las-expresiones-de-los-ninos-cuentan-la-historia-de-la-falta-de-sueno\/","title":{"rendered":"En tu cara: las expresiones de los ni\u00f1os cuentan la historia de la falta de sue\u00f1o"},"content":{"rendered":"<p>Cr\u00e9dito: CC0 Public Domain <\/p>\n<p>Cuando Shakespeare llam\u00f3 al sue\u00f1o \u00abla dulce enfermera de la naturaleza\u00bb, definitivamente estaba en lo cierto. Siglos despu\u00e9s, los investigadores descubrieron que el sue\u00f1o inadecuado en los ni\u00f1os afecta su funcionamiento emocional de maneras que pueden predecir problemas sociales a largo plazo. Un nuevo estudio, publicado en Affective Science por la profesora de psicolog\u00eda de la Universidad de Houston, Candice Alfano, examin\u00f3 si los cambios en las expresiones faciales de emoci\u00f3n de los ni\u00f1os despu\u00e9s de la restricci\u00f3n del sue\u00f1o predicen problemas sociales al mismo tiempo y\/o con el tiempo. <\/p>\n<p>\u00abLos problemas de sue\u00f1o en los ni\u00f1os se relacionan habitualmente con una menor competencia social y m\u00e1s problemas en las relaciones con los compa\u00f1eros, pero realmente no entendemos qu\u00e9 impulsa estas asociaciones\u00bb, informa Alfano. Bas\u00e1ndose en los hallazgos de algunas de sus investigaciones anteriores, Alfano plante\u00f3 la hip\u00f3tesis de que las respuestas podr\u00edan estar en parte en la forma en que los rostros de los ni\u00f1os expresan emociones cuando est\u00e1n cansados. <\/p>\n<p>Para probar esta teor\u00eda, Alfano y sus colegas examinaron a 37 ni\u00f1os entre las edades de 7 y 11 a\u00f1os durante dos evaluaciones emocionales en el laboratorio; uno cuando los ni\u00f1os estaban bien descansados y otro despu\u00e9s de dos noches de restricci\u00f3n parcial del sue\u00f1o. Durante estas evaluaciones, los ni\u00f1os vieron im\u00e1genes positivas (piensen en gatitos y helados) y negativas (piensen en recibir una inyecci\u00f3n y perros feroces) en la pantalla de una computadora mientras una c\u00e1mara de alta definici\u00f3n grababa sus expresiones faciales. Los padres de los participantes proporcionaron informes sobre el funcionamiento social de su hijo en ese momento y aproximadamente dos a\u00f1os despu\u00e9s. <\/p>\n<p>\u00abComo sospech\u00e1bamos, se inform\u00f3 que los ni\u00f1os que mostraban expresiones faciales menos positivas en respuesta a im\u00e1genes agradables cuando el sue\u00f1o estaba restringido ten\u00edan m\u00e1s problemas sociales dos a\u00f1os despu\u00e9s, incluso cuando se controlaban los problemas sociales anteriores\u00bb, dijo Alfano. <\/p>\n<p>Aunque no se encontraron relaciones simult\u00e1neas entre los cambios en las expresiones faciales basados en el sue\u00f1o y los problemas sociales, Alfano sugiere que esto puede deberse a diferencias de desarrollo en el comportamiento social y las relaciones con los compa\u00f1eros. <\/p>\n<p>\u00abPara los ni\u00f1os m\u00e1s peque\u00f1os, los comportamientos m\u00e1s expl\u00edcitos, como compartir y turnarse, pueden ser m\u00e1s importantes para las amistades que las expresiones faciales sutiles. Sin embargo, la expresi\u00f3n emocional se vuelve m\u00e1s importante con la edad\u00bb, explica Alfano. \u00abLas expresiones faciales no solo brindan a los dem\u00e1s una comprensi\u00f3n de c\u00f3mo se siente, sino que se sabe que tienen un efecto de contagio sobre c\u00f3mo se sienten los dem\u00e1s\u00bb. <\/p>\n<p>Los resultados respaldan un creciente cuerpo de investigaci\u00f3n que indica que la mala calidad del sue\u00f1o en la ni\u00f1ez pronostica problemas socioemocionales posteriores y tambi\u00e9n indica la importancia de los estudios que exploran c\u00f3mo el sue\u00f1o afecta m\u00faltiples facetas de la salud mental y el bienestar de los ni\u00f1os. La expresi\u00f3n facial, un aspecto central de la comunicaci\u00f3n social, es un aspecto de la emoci\u00f3n donde la p\u00e9rdida de sue\u00f1o cobra un precio. <\/p>\n<p>Explore m\u00e1s<\/p>\n<p> La falta de sue\u00f1o da\u00f1a la salud mental de los ni\u00f1os <strong>M\u00e1s informaci\u00f3n:<\/strong> Candice A. Alfano et al, Children&#8217;s Emotional Expressivity After Sleep Restriction Forecasts Social Problems Years Later, Affective Science (2021). DOI: 10.1007\/s42761-021-00078-2 Proporcionado por la Universidad de Houston <strong>Cita<\/strong>: En tu cara: Las expresiones de los ni\u00f1os cuentan la historia de la falta de sue\u00f1o (2021, 19 de octubre) recuperado el 29 de agosto de 2022 de https: \/\/medicalxpress.com\/news\/2021-10-children-story-poor.html Este documento est\u00e1 sujeto a derechos de autor. Aparte de cualquier trato justo con fines de estudio o investigaci\u00f3n privados, ninguna parte puede reproducirse sin el permiso por escrito. El contenido se proporciona \u00fanicamente con fines informativos.<\/p>\n","protected":false},"excerpt":{"rendered":"<p>Cr\u00e9dito: CC0 Public Domain Cuando Shakespeare llam\u00f3 al sue\u00f1o \u00abla dulce enfermera de la naturaleza\u00bb, definitivamente estaba en lo cierto. Siglos despu\u00e9s, los investigadores descubrieron que el sue\u00f1o inadecuado en los ni\u00f1os afecta su funcionamiento emocional de maneras que pueden predecir problemas sociales a largo plazo. Un nuevo estudio, publicado en Affective Science por la &hellip; <a href=\"https:\/\/www.biblia.work\/articulos-salud\/en-tu-cara-las-expresiones-de-los-ninos-cuentan-la-historia-de-la-falta-de-sueno\/\" class=\"more-link\">Continuar leyendo<span class=\"screen-reader-text\"> \u00abEn tu cara: las expresiones de los ni\u00f1os cuentan la historia de la falta de sue\u00f1o\u00bb<\/span><\/a><\/p>\n","protected":false},"author":1,"featured_media":0,"comment_status":"","ping_status":"","sticky":false,"template":"","format":"standard","meta":{"footnotes":""},"categories":[1],"tags":[],"class_list":["post-478","post","type-post","status-publish","format-standard","hentry","category-general"],"_links":{"self":[{"href":"https:\/\/www.biblia.work\/articulos-salud\/wp-json\/wp\/v2\/posts\/478","targetHints":{"allow":["GET"]}}],"collection":[{"href":"https:\/\/www.biblia.work\/articulos-salud\/wp-json\/wp\/v2\/posts"}],"about":[{"href":"https:\/\/www.biblia.work\/articulos-salud\/wp-json\/wp\/v2\/types\/post"}],"author":[{"embeddable":true,"href":"https:\/\/www.biblia.work\/articulos-salud\/wp-json\/wp\/v2\/users\/1"}],"replies":[{"embeddable":true,"href":"https:\/\/www.biblia.work\/articulos-salud\/wp-json\/wp\/v2\/comments?post=478"}],"version-history":[{"count":0,"href":"https:\/\/www.biblia.work\/articulos-salud\/wp-json\/wp\/v2\/posts\/478\/revisions"}],"wp:attachment":[{"href":"https:\/\/www.biblia.work\/articulos-salud\/wp-json\/wp\/v2\/media?parent=478"}],"wp:term":[{"taxonomy":"category","embeddable":true,"href":"https:\/\/www.biblia.work\/articulos-salud\/wp-json\/wp\/v2\/categories?post=478"},{"taxonomy":"post_tag","embeddable":true,"href":"https:\/\/www.biblia.work\/articulos-salud\/wp-json\/wp\/v2\/tags?post=478"}],"curies":[{"name":"wp","href":"https:\/\/api.w.org\/{rel}","templated":true}]}}